{"id":2209,"date":"2008-04-29T15:59:00","date_gmt":"2008-04-29T18:59:00","guid":{"rendered":"https:\/\/abrelivros.org.br\/site\/2008\/04\/29\/29-mil-fazem-reforco-no-estado-por-nao-saberem-ler-ou-escrever-corretamente\/"},"modified":"2008-04-29T15:59:00","modified_gmt":"2008-04-29T18:59:00","slug":"29-mil-fazem-reforco-no-estado-por-nao-saberem-ler-ou-escrever-corretamente","status":"publish","type":"post","link":"https:\/\/abrelivros.org.br\/site\/29-mil-fazem-reforco-no-estado-por-nao-saberem-ler-ou-escrever-corretamente\/","title":{"rendered":"29 mil fazem refor\u00e7o no Estado por n\u00e3o saberem ler ou escrever corretamente"},"content":{"rendered":"<p>Na Grande S\u00e3o Paulo, 29 mil dos 325 mil alunos de 3\u00aa e 4\u00aa s\u00e9rie de escolas estaduais estudam atualmente nas 1.221 novas salas de recupera\u00e7\u00e3o criadas pela Secretaria Estadual de Educa\u00e7\u00e3o porque n\u00e3o sabem ler ou escrever. Eles representam 9% do total. A medida faz parte de um pacot\u00e3o para a recupera\u00e7\u00e3o da aprendizagem criado neste ano pela pasta. Um dos objetivos \u00e9 remediar as conseq\u00fc\u00eancias da m\u00e1 implanta\u00e7\u00e3o, feita em 1998, da progress\u00e3o continuada &#8211; sistema que s\u00f3 permite a reprova\u00e7\u00e3o no ano final dos chamados ciclos de aprendizagem (4\u00aa e 8\u00aa s\u00e9ries). \u00a0<br \/> \u00a0<br \/> Programa de Recupera\u00e7\u00e3o do Ciclo (PIC) \u00e9 o nome dado \u00e0s novas classes com n\u00famero reduzido de alunos, criadas para evitar que terminem a 4\u00aa s\u00e9rie sem saber ler e escrever. O projeto foi implantado na rede municipal de ensino da capital em 2006 e levado neste ano pelo governador Jos\u00e9 Serra para a rede estadual. De acordo com levantamento da Secretaria Municipal de Educa\u00e7\u00e3o, dos 23 mil alunos de 4\u00aa s\u00e9rie que estudaram em salas de PIC entre 2006 e 2007, 90% foram alfabetizados em um ano.\u00a0<br \/> \u00a0<br \/> Nas 3\u00aa s\u00e9ries do PIC estudam os alunos que terminaram a 2\u00aa s\u00e9rie no ano passado sem saber ler e escrever. J\u00e1 no PIC das 4\u00aa s\u00e9ries, est\u00e3o matriculados os que repetiram essa s\u00e9rie e os que terminaram a 3\u00aa com dificuldades. Os professores s\u00e3o capacitados para oferecer atendimento mais individualizado, a fim de sanar as dificuldades at\u00e9 o fim do ano letivo.\u00a0<br \/> \u00a0<br \/> O ambiente das salas \u00e9 cheio de atrativos: cantos de leitura com livros, jornal mural nas paredes com temas variados e alunos encorajados a tirar d\u00favidas. Mas, embora a m\u00e9dia recomendada seja de 25 alunos por turma, h\u00e1 col\u00e9gios com at\u00e9 29. \u00a0<br \/> \u00a0<br \/> A secret\u00e1ria estadual de Educa\u00e7\u00e3o, Maria Helena Guimar\u00e3es de Castro, reconhece a m\u00e1 implanta\u00e7\u00e3o do sistema de progress\u00e3o continuada nas escolas estaduais feita pelos governos tucanos anteriores. \u201cMas agora asseguramos que a progress\u00e3o est\u00e1 sendo desenvolvida do jeito que tem de ser.\u201d\u00a0<br \/> \u00a0<br \/> Ela explica que a cria\u00e7\u00e3o das turmas de PIC foi uma alternativa para n\u00e3o reduzir o ciclo da progress\u00e3o de quatro para dois anos &#8211; proposta apresentada pela ex-secret\u00e1ria estadual de Educa\u00e7\u00e3o Maria L\u00facia Vasconcelos. \u201cCriamos ambientes estimulantes para que os alunos com mais dificuldades vejam que t\u00eam condi\u00e7\u00f5es de aprender. Essas salas despertam confian\u00e7a, elevam a auto-estima.\u201d\u00a0<\/p>\n","protected":false},"excerpt":{"rendered":"<p>Na Grande S\u00e3o Paulo, 29 mil dos 325 mil alunos de 3\u00aa e 4\u00aa s\u00e9rie de escolas estaduais estudam atualmente nas 1.221 novas salas de recupera\u00e7\u00e3o criadas pela Secretaria Estadual de Educa\u00e7\u00e3o porque n\u00e3o sabem ler ou escrever. Eles representam 9% do total. A medida faz parte de um pacot\u00e3o para a recupera\u00e7\u00e3o da aprendizagem [&hellip;]<\/p>\n","protected":false},"author":1,"featured_media":0,"comment_status":"closed","ping_status":"closed","sticky":false,"template":"","format":"standard","meta":{"footnotes":"","_links_to":"","_links_to_target":""},"categories":[9],"tags":[],"class_list":["post-2209","post","type-post","status-publish","format-standard","hentry","category-noticias-da-imprensa"],"yoast_head":"<!-- This site is optimized with the Yoast SEO plugin v15.1 - https:\/\/yoast.com\/wordpress\/plugins\/seo\/ -->\n<title>29 mil fazem refor\u00e7o no Estado por n\u00e3o saberem ler ou escrever corretamente &raquo; Abrelivros<\/title>\n<meta name=\"robots\" content=\"index, follow, max-snippet:-1, max-image-preview:large, max-video-preview:-1\" \/>\n<link rel=\"canonical\" href=\"https:\/\/abrelivros.org.br\/site\/29-mil-fazem-reforco-no-estado-por-nao-saberem-ler-ou-escrever-corretamente\/\" \/>\n<meta property=\"og:locale\" content=\"pt_BR\" \/>\n<meta property=\"og:type\" content=\"article\" \/>\n<meta property=\"og:title\" content=\"29 mil fazem refor\u00e7o no Estado por n\u00e3o saberem ler ou escrever corretamente &raquo; Abrelivros\" \/>\n<meta property=\"og:description\" content=\"Na Grande S\u00e3o Paulo, 29 mil dos 325 mil alunos de 3\u00aa e 4\u00aa s\u00e9rie de escolas estaduais estudam atualmente nas 1.221 novas salas de recupera\u00e7\u00e3o criadas pela Secretaria Estadual de Educa\u00e7\u00e3o porque n\u00e3o sabem ler ou escrever. Eles representam 9% do total. A medida faz parte de um pacot\u00e3o para a recupera\u00e7\u00e3o da aprendizagem [&hellip;]\" \/>\n<meta property=\"og:url\" content=\"https:\/\/abrelivros.org.br\/site\/29-mil-fazem-reforco-no-estado-por-nao-saberem-ler-ou-escrever-corretamente\/\" \/>\n<meta property=\"og:site_name\" content=\"Abrelivros\" \/>\n<meta property=\"article:published_time\" content=\"2008-04-29T18:59:00+00:00\" \/>\n<meta name=\"twitter:card\" content=\"summary_large_image\" \/>\n<script type=\"application\/ld+json\" class=\"yoast-schema-graph\">{\"@context\":\"https:\/\/schema.org\",\"@graph\":[{\"@type\":\"WebSite\",\"@id\":\"https:\/\/abrelivros.org.br\/site\/#website\",\"url\":\"https:\/\/abrelivros.org.br\/site\/\",\"name\":\"Abrelivros\",\"description\":\"\",\"potentialAction\":[{\"@type\":\"SearchAction\",\"target\":\"https:\/\/abrelivros.org.br\/site\/?s={search_term_string}\",\"query-input\":\"required name=search_term_string\"}],\"inLanguage\":\"pt-BR\"},{\"@type\":\"WebPage\",\"@id\":\"https:\/\/abrelivros.org.br\/site\/29-mil-fazem-reforco-no-estado-por-nao-saberem-ler-ou-escrever-corretamente\/#webpage\",\"url\":\"https:\/\/abrelivros.org.br\/site\/29-mil-fazem-reforco-no-estado-por-nao-saberem-ler-ou-escrever-corretamente\/\",\"name\":\"29 mil fazem refor\\u00e7o no Estado por n\\u00e3o saberem ler ou escrever corretamente &raquo; Abrelivros\",\"isPartOf\":{\"@id\":\"https:\/\/abrelivros.org.br\/site\/#website\"},\"datePublished\":\"2008-04-29T18:59:00+00:00\",\"dateModified\":\"2008-04-29T18:59:00+00:00\",\"author\":{\"@id\":\"https:\/\/abrelivros.org.br\/site\/#\/schema\/person\/2b867f13a717bb230f1a3555505f5593\"},\"breadcrumb\":{\"@id\":\"https:\/\/abrelivros.org.br\/site\/29-mil-fazem-reforco-no-estado-por-nao-saberem-ler-ou-escrever-corretamente\/#breadcrumb\"},\"inLanguage\":\"pt-BR\",\"potentialAction\":[{\"@type\":\"ReadAction\",\"target\":[\"https:\/\/abrelivros.org.br\/site\/29-mil-fazem-reforco-no-estado-por-nao-saberem-ler-ou-escrever-corretamente\/\"]}]},{\"@type\":\"BreadcrumbList\",\"@id\":\"https:\/\/abrelivros.org.br\/site\/29-mil-fazem-reforco-no-estado-por-nao-saberem-ler-ou-escrever-corretamente\/#breadcrumb\",\"itemListElement\":[{\"@type\":\"ListItem\",\"position\":1,\"item\":{\"@type\":\"WebPage\",\"@id\":\"https:\/\/abrelivros.org.br\/site\/\",\"url\":\"https:\/\/abrelivros.org.br\/site\/\",\"name\":\"In\\u00edcio\"}},{\"@type\":\"ListItem\",\"position\":2,\"item\":{\"@type\":\"WebPage\",\"@id\":\"https:\/\/abrelivros.org.br\/site\/category\/noticias\/\",\"url\":\"https:\/\/abrelivros.org.br\/site\/category\/noticias\/\",\"name\":\"Not\\u00edcias\"}},{\"@type\":\"ListItem\",\"position\":3,\"item\":{\"@type\":\"WebPage\",\"@id\":\"https:\/\/abrelivros.org.br\/site\/category\/noticias\/noticias-da-imprensa\/\",\"url\":\"https:\/\/abrelivros.org.br\/site\/category\/noticias\/noticias-da-imprensa\/\",\"name\":\"Not\\u00edcias da imprensa\"}},{\"@type\":\"ListItem\",\"position\":4,\"item\":{\"@type\":\"WebPage\",\"@id\":\"https:\/\/abrelivros.org.br\/site\/29-mil-fazem-reforco-no-estado-por-nao-saberem-ler-ou-escrever-corretamente\/\",\"url\":\"https:\/\/abrelivros.org.br\/site\/29-mil-fazem-reforco-no-estado-por-nao-saberem-ler-ou-escrever-corretamente\/\",\"name\":\"29 mil fazem refor\\u00e7o no Estado por n\\u00e3o saberem ler ou escrever corretamente\"}}]},{\"@type\":\"Person\",\"@id\":\"https:\/\/abrelivros.org.br\/site\/#\/schema\/person\/2b867f13a717bb230f1a3555505f5593\",\"name\":\"\\u00a0\",\"image\":{\"@type\":\"ImageObject\",\"@id\":\"https:\/\/abrelivros.org.br\/site\/#personlogo\",\"inLanguage\":\"pt-BR\",\"url\":\"https:\/\/secure.gravatar.com\/avatar\/e80b7f5231be2fff5040a8023da424898002831c5439420df182ae62676d2a6f?s=96&d=mm&r=g\",\"caption\":\"\\u00a0\"}}]}<\/script>\n<!-- \/ Yoast SEO plugin. -->","_links":{"self":[{"href":"https:\/\/abrelivros.org.br\/site\/wp-json\/wp\/v2\/posts\/2209","targetHints":{"allow":["GET"]}}],"collection":[{"href":"https:\/\/abrelivros.org.br\/site\/wp-json\/wp\/v2\/posts"}],"about":[{"href":"https:\/\/abrelivros.org.br\/site\/wp-json\/wp\/v2\/types\/post"}],"author":[{"embeddable":true,"href":"https:\/\/abrelivros.org.br\/site\/wp-json\/wp\/v2\/users\/1"}],"replies":[{"embeddable":true,"href":"https:\/\/abrelivros.org.br\/site\/wp-json\/wp\/v2\/comments?post=2209"}],"version-history":[{"count":0,"href":"https:\/\/abrelivros.org.br\/site\/wp-json\/wp\/v2\/posts\/2209\/revisions"}],"wp:attachment":[{"href":"https:\/\/abrelivros.org.br\/site\/wp-json\/wp\/v2\/media?parent=2209"}],"wp:term":[{"taxonomy":"category","embeddable":true,"href":"https:\/\/abrelivros.org.br\/site\/wp-json\/wp\/v2\/categories?post=2209"},{"taxonomy":"post_tag","embeddable":true,"href":"https:\/\/abrelivros.org.br\/site\/wp-json\/wp\/v2\/tags?post=2209"}],"curies":[{"name":"wp","href":"https:\/\/api.w.org\/{rel}","templated":true}]}}