{"id":2205,"date":"2008-05-07T14:25:00","date_gmt":"2008-05-07T17:25:00","guid":{"rendered":"https:\/\/abrelivros.org.br\/site\/2008\/05\/07\/escola-ativa-capacitara-formadores\/"},"modified":"2008-05-07T14:25:00","modified_gmt":"2008-05-07T17:25:00","slug":"escola-ativa-capacitara-formadores","status":"publish","type":"post","link":"https:\/\/abrelivros.org.br\/site\/escola-ativa-capacitara-formadores\/","title":{"rendered":"Escola Ativa capacitar\u00e1 formadores"},"content":{"rendered":"<p>A maioria dos munic\u00edpios brasileiros tem escolas em \u00e1reas rurais. Em muitas dessas escolas, o mesmo professor ensina a v\u00e1rios alunos de idades e s\u00e9ries diferentes, dentro da mesma sala de aula, nas chamadas classes multisseriadas. A fim de fortalecer o atendimento aos alunos do campo que aprendem a partir dessa metodologia, a Secretaria de Educa\u00e7\u00e3o Continuada, Alfabetiza\u00e7\u00e3o e Diversidade (Secad\/MEC) promove, de 5 a 9 de maio, no Conselho Nacional de Educa\u00e7\u00e3o (CNE), em Bras\u00edlia, a capacita\u00e7\u00e3o dos formadores do projeto Escola Ativa. \u00a0<br \/> \u00a0<br \/> Trata-se de um m\u00e9todo espec\u00edfico de apoio \u00e0s escolas rurais com classes multisseriadas, que atendem a alunos do 1\u00ba ao 5\u00ba ano do ensino fundamental da rede p\u00fablica. Por iniciativa do Minist\u00e9rio da Educa\u00e7\u00e3o, o Escola Ativa \u00e9 desenvolvido em parceria com estados e munic\u00edpios das regi\u00f5es Norte, Nordeste e Centro-Oeste e busca melhorar o ensino nas escolas do campo. Os 70 formadores transmitir\u00e3o aos professores do projeto Escola Ativa a qualifica\u00e7\u00e3o que receberem.\u00a0<br \/> \u00a0<br \/> \u201cMais de 80% dos munic\u00edpios brasileiros t\u00eam escolas do campo\u201d, afirma o diretor de educa\u00e7\u00e3o para a diversidade da Secad, Arm\u00eanio Bello Schimidt. Ele explica que, al\u00e9m de capacitar os formadores, o encontro tamb\u00e9m pretende reformular o Escola Ativa, para que o conte\u00fado ensinado aos alunos apresente uma rela\u00e7\u00e3o mais estreita com a realidade do campo. \u201cO material did\u00e1tico era \u00fanico para todos os estados\u201d, exemplifica. Segundo Schmidt, cada regi\u00e3o do campo tem sua identidade e uma proposta metodol\u00f3gica mais flex\u00edvel permitir\u00e1 ao professor contemplar as especificidades de cada local. \u00a0<br \/> \u00a0<br \/> \u201cOs povos do campo incluem agricultores, cai\u00e7aras, pesqueiros, quilombolas, ind\u00edgenas, ribeirinhos, entre outros\u201d, ressalta a diretora do projeto Escola Ativa, Sara Lima. Atualmente, os 19 estados do Norte, Nordeste e Centro-Oeste participam do projeto. S\u00e3o 6.215 escolas do campo, com 195 mil alunos em classes multisseriadas. A expectativa \u00e9 que, a partir de 2009, estados de outras regi\u00f5es que tamb\u00e9m tenham escolas em \u00e1reas rurais possam aderir ao projeto e que at\u00e9 2010 o programa esteja presente em todos os estados.\u00a0<br \/> \u00a0<br \/> Tamb\u00e9m h\u00e1 metas de expans\u00e3o anuais. Para 2008, a previs\u00e3o \u00e9 de estender o atendimento a novas 3,8 mil escolas e 107 mil alunos. Em 2009, a meta \u00e9 que mais cinco estados participem do projeto e a metodologia chegue a cerca de 641 mil novos alunos. A inten\u00e7\u00e3o, at\u00e9 2010, \u00e9 que todos os estados tenham feito sua ades\u00e3o ao projeto e que 1 milh\u00e3o 372 mil estudantes tenham acesso \u00e0 metodologia.\u00a0<br \/> \u00a0<br \/><B> Material Did\u00e1tico <\/B>\u2013 A reformula\u00e7\u00e3o do Escola Ativa prev\u00ea a cria\u00e7\u00e3o de novo material did\u00e1tico com especificidades do mundo do campo e distribui\u00e7\u00e3o a todas as escolas participantes at\u00e9 2010. Em 2007, o projeto passou por avalia\u00e7\u00e3o de qualidade e foi discutido com os coordenadores dos 19 estados e dos munic\u00edpios participantes. A partir das cr\u00edticas e sugest\u00f5es apontadas, a Universidade Federal do Par\u00e1 foi encarregada de apresentar a nova proposta de material did\u00e1tico, com conte\u00fados do 1\u00ba ao 5\u00ba anos do ensino fundamental e ligados \u00e0s especificidades do campo, at\u00e9 setembro de 2008.\u00a0<br \/> \u00a0<br \/><B> Escola Ativa<\/B> \u2013 Criado em 1996, o programa foi desenvolvido at\u00e9 2007 pelo Fundo de Fortalecimento da Escola (Fundescola), sob a responsabilidade do Fundo Nacional de Desenvolvimento da Educa\u00e7\u00e3o (FNDE\/MEC). Em 2008, a gest\u00e3o passou para a Secad. A ades\u00e3o de estados e munic\u00edpios \u00e9 volunt\u00e1ria. \u00a0<br \/> \u00a0<\/p>\n","protected":false},"excerpt":{"rendered":"<p>A maioria dos munic\u00edpios brasileiros tem escolas em \u00e1reas rurais. Em muitas dessas escolas, o mesmo professor ensina a v\u00e1rios alunos de idades e s\u00e9ries diferentes, dentro da mesma sala de aula, nas chamadas classes multisseriadas. A fim de fortalecer o atendimento aos alunos do campo que aprendem a partir dessa metodologia, a Secretaria de [&hellip;]<\/p>\n","protected":false},"author":1,"featured_media":0,"comment_status":"closed","ping_status":"closed","sticky":false,"template":"","format":"standard","meta":{"footnotes":"","_links_to":"","_links_to_target":""},"categories":[9],"tags":[],"class_list":["post-2205","post","type-post","status-publish","format-standard","hentry","category-noticias-da-imprensa"],"yoast_head":"<!-- This site is optimized with the Yoast SEO plugin v15.1 - https:\/\/yoast.com\/wordpress\/plugins\/seo\/ -->\n<title>Escola Ativa capacitar\u00e1 formadores &raquo; Abrelivros<\/title>\n<meta name=\"robots\" content=\"index, follow, max-snippet:-1, max-image-preview:large, max-video-preview:-1\" \/>\n<link rel=\"canonical\" href=\"https:\/\/abrelivros.org.br\/site\/escola-ativa-capacitara-formadores\/\" \/>\n<meta property=\"og:locale\" content=\"pt_BR\" \/>\n<meta property=\"og:type\" content=\"article\" \/>\n<meta property=\"og:title\" content=\"Escola Ativa capacitar\u00e1 formadores &raquo; Abrelivros\" \/>\n<meta property=\"og:description\" content=\"A maioria dos munic\u00edpios brasileiros tem escolas em \u00e1reas rurais. Em muitas dessas escolas, o mesmo professor ensina a v\u00e1rios alunos de idades e s\u00e9ries diferentes, dentro da mesma sala de aula, nas chamadas classes multisseriadas. A fim de fortalecer o atendimento aos alunos do campo que aprendem a partir dessa metodologia, a Secretaria de [&hellip;]\" \/>\n<meta property=\"og:url\" content=\"https:\/\/abrelivros.org.br\/site\/escola-ativa-capacitara-formadores\/\" \/>\n<meta property=\"og:site_name\" content=\"Abrelivros\" \/>\n<meta property=\"article:published_time\" content=\"2008-05-07T17:25:00+00:00\" \/>\n<meta name=\"twitter:card\" content=\"summary_large_image\" \/>\n<script type=\"application\/ld+json\" class=\"yoast-schema-graph\">{\"@context\":\"https:\/\/schema.org\",\"@graph\":[{\"@type\":\"WebSite\",\"@id\":\"https:\/\/abrelivros.org.br\/site\/#website\",\"url\":\"https:\/\/abrelivros.org.br\/site\/\",\"name\":\"Abrelivros\",\"description\":\"\",\"potentialAction\":[{\"@type\":\"SearchAction\",\"target\":\"https:\/\/abrelivros.org.br\/site\/?s={search_term_string}\",\"query-input\":\"required name=search_term_string\"}],\"inLanguage\":\"pt-BR\"},{\"@type\":\"WebPage\",\"@id\":\"https:\/\/abrelivros.org.br\/site\/escola-ativa-capacitara-formadores\/#webpage\",\"url\":\"https:\/\/abrelivros.org.br\/site\/escola-ativa-capacitara-formadores\/\",\"name\":\"Escola Ativa capacitar\\u00e1 formadores &raquo; Abrelivros\",\"isPartOf\":{\"@id\":\"https:\/\/abrelivros.org.br\/site\/#website\"},\"datePublished\":\"2008-05-07T17:25:00+00:00\",\"dateModified\":\"2008-05-07T17:25:00+00:00\",\"author\":{\"@id\":\"https:\/\/abrelivros.org.br\/site\/#\/schema\/person\/2b867f13a717bb230f1a3555505f5593\"},\"breadcrumb\":{\"@id\":\"https:\/\/abrelivros.org.br\/site\/escola-ativa-capacitara-formadores\/#breadcrumb\"},\"inLanguage\":\"pt-BR\",\"potentialAction\":[{\"@type\":\"ReadAction\",\"target\":[\"https:\/\/abrelivros.org.br\/site\/escola-ativa-capacitara-formadores\/\"]}]},{\"@type\":\"BreadcrumbList\",\"@id\":\"https:\/\/abrelivros.org.br\/site\/escola-ativa-capacitara-formadores\/#breadcrumb\",\"itemListElement\":[{\"@type\":\"ListItem\",\"position\":1,\"item\":{\"@type\":\"WebPage\",\"@id\":\"https:\/\/abrelivros.org.br\/site\/\",\"url\":\"https:\/\/abrelivros.org.br\/site\/\",\"name\":\"In\\u00edcio\"}},{\"@type\":\"ListItem\",\"position\":2,\"item\":{\"@type\":\"WebPage\",\"@id\":\"https:\/\/abrelivros.org.br\/site\/category\/noticias\/\",\"url\":\"https:\/\/abrelivros.org.br\/site\/category\/noticias\/\",\"name\":\"Not\\u00edcias\"}},{\"@type\":\"ListItem\",\"position\":3,\"item\":{\"@type\":\"WebPage\",\"@id\":\"https:\/\/abrelivros.org.br\/site\/category\/noticias\/noticias-da-imprensa\/\",\"url\":\"https:\/\/abrelivros.org.br\/site\/category\/noticias\/noticias-da-imprensa\/\",\"name\":\"Not\\u00edcias da imprensa\"}},{\"@type\":\"ListItem\",\"position\":4,\"item\":{\"@type\":\"WebPage\",\"@id\":\"https:\/\/abrelivros.org.br\/site\/escola-ativa-capacitara-formadores\/\",\"url\":\"https:\/\/abrelivros.org.br\/site\/escola-ativa-capacitara-formadores\/\",\"name\":\"Escola Ativa capacitar\\u00e1 formadores\"}}]},{\"@type\":\"Person\",\"@id\":\"https:\/\/abrelivros.org.br\/site\/#\/schema\/person\/2b867f13a717bb230f1a3555505f5593\",\"name\":\"\\u00a0\",\"image\":{\"@type\":\"ImageObject\",\"@id\":\"https:\/\/abrelivros.org.br\/site\/#personlogo\",\"inLanguage\":\"pt-BR\",\"url\":\"https:\/\/secure.gravatar.com\/avatar\/e80b7f5231be2fff5040a8023da424898002831c5439420df182ae62676d2a6f?s=96&d=mm&r=g\",\"caption\":\"\\u00a0\"}}]}<\/script>\n<!-- \/ Yoast SEO plugin. -->","_links":{"self":[{"href":"https:\/\/abrelivros.org.br\/site\/wp-json\/wp\/v2\/posts\/2205","targetHints":{"allow":["GET"]}}],"collection":[{"href":"https:\/\/abrelivros.org.br\/site\/wp-json\/wp\/v2\/posts"}],"about":[{"href":"https:\/\/abrelivros.org.br\/site\/wp-json\/wp\/v2\/types\/post"}],"author":[{"embeddable":true,"href":"https:\/\/abrelivros.org.br\/site\/wp-json\/wp\/v2\/users\/1"}],"replies":[{"embeddable":true,"href":"https:\/\/abrelivros.org.br\/site\/wp-json\/wp\/v2\/comments?post=2205"}],"version-history":[{"count":0,"href":"https:\/\/abrelivros.org.br\/site\/wp-json\/wp\/v2\/posts\/2205\/revisions"}],"wp:attachment":[{"href":"https:\/\/abrelivros.org.br\/site\/wp-json\/wp\/v2\/media?parent=2205"}],"wp:term":[{"taxonomy":"category","embeddable":true,"href":"https:\/\/abrelivros.org.br\/site\/wp-json\/wp\/v2\/categories?post=2205"},{"taxonomy":"post_tag","embeddable":true,"href":"https:\/\/abrelivros.org.br\/site\/wp-json\/wp\/v2\/tags?post=2205"}],"curies":[{"name":"wp","href":"https:\/\/api.w.org\/{rel}","templated":true}]}}