{"id":2204,"date":"2008-05-07T14:28:00","date_gmt":"2008-05-07T17:28:00","guid":{"rendered":"https:\/\/abrelivros.org.br\/site\/2008\/05\/07\/participacao-da-sociedade-e-a-chave-para-atingir-objetivos\/"},"modified":"2008-05-07T14:28:00","modified_gmt":"2008-05-07T17:28:00","slug":"participacao-da-sociedade-e-a-chave-para-atingir-objetivos","status":"publish","type":"post","link":"https:\/\/abrelivros.org.br\/site\/participacao-da-sociedade-e-a-chave-para-atingir-objetivos\/","title":{"rendered":"Participa\u00e7\u00e3o da sociedade \u00e9 a chave para atingir objetivos"},"content":{"rendered":"<p>Mobilizar a sociedade e conscientizar as fam\u00edlias \u00e9 o objetivo da uni\u00e3o de for\u00e7as entre o Minist\u00e9rio da Educa\u00e7\u00e3o e as igrejas crist\u00e3s brasileiras, representadas por suas entidades. Em reuni\u00e3o com bispos da Confedera\u00e7\u00e3o Nacional dos Bispos do Brasil (CNBB), nesta ter\u00e7a-feira, 6, em Bras\u00edlia, o ministro Fernando Haddad enfatizou que a participa\u00e7\u00e3o de toda a popula\u00e7\u00e3o a favor da melhoria da educa\u00e7\u00e3o brasileira \u00e9 a chave para o sucesso.\u00a0<br \/> \u00a0<br \/> Haddad citou o aumento de recursos, uma boa forma\u00e7\u00e3o de professores, uma boa capacidade de gest\u00e3o, avalia\u00e7\u00f5es peri\u00f3dicas do ensino, a publicidade dos indicadores educacionais e a responsabiliza\u00e7\u00e3o dos agentes p\u00fablicos como fatores de \u00eaxito para uma revolu\u00e7\u00e3o educacional. \u201cTudo isso \u00e9 muito importante, mas se n\u00e3o tivermos a mobiliza\u00e7\u00e3o da sociedade e das fam\u00edlias,  n\u00e3o cumpriremos os prazos estabelecidos para atingir nossos objetivos\u201d, disse, referindo-se \u00e0 meta de elevar o \u00edndice de desenvolvimento da educa\u00e7\u00e3o b\u00e1sica (Ideb) brasileiro \u00e0 nota 6 at\u00e9 2022, nas primeiras s\u00e9ries do ensino fundamental. Hoje, a m\u00e9dia \u00e9 3,8.\u00a0<br \/> \u00a0<br \/> O ministro se valeu dos exemplos de alguns pa\u00edses que tamb\u00e9m  transformaram a educa\u00e7\u00e3o em pol\u00edtica de estado, e n\u00e3o de governo, como a Cor\u00e9ia do Sul e a Irlanda. \u201cMuitos imaginam que a revolu\u00e7\u00e3o educacional sul-coreana foi uma decis\u00e3o de governo, mas na verdade foi encaminhada pela sociedade\u201d, lembrou.\u00a0<br \/> \u00a0<br \/> Ao detalhar o Plano de Desenvolvimento da Educa\u00e7\u00e3o (PDE) aos representantes da CNBB, Haddad falou sobre a Caravana da Educa\u00e7\u00e3o, realizada em 2007 e come\u00e7o deste ano, que visitou cada estado brasileiro para sensibilizar governadores, prefeitos, secret\u00e1rios de educa\u00e7\u00e3o, diretores e educadores pela melhoria da educa\u00e7\u00e3o. Todos os governadores e mais de 5.400 prefeitos aderiram ao plano at\u00e9 agora. \u201cMas, e as fam\u00edlias?\u201d, questionou. \u201cPrecisamos chegar \u00e0s fam\u00edlias, porque delas tamb\u00e9m depende o bom desempenho de seus filhos na escola. \u00c9 nisso que as igrejas v\u00e3o nos ajudar\u201d.\u00a0<br \/> \u00a0<\/p>\n","protected":false},"excerpt":{"rendered":"<p>Mobilizar a sociedade e conscientizar as fam\u00edlias \u00e9 o objetivo da uni\u00e3o de for\u00e7as entre o Minist\u00e9rio da Educa\u00e7\u00e3o e as igrejas crist\u00e3s brasileiras, representadas por suas entidades. Em reuni\u00e3o com bispos da Confedera\u00e7\u00e3o Nacional dos Bispos do Brasil (CNBB), nesta ter\u00e7a-feira, 6, em Bras\u00edlia, o ministro Fernando Haddad enfatizou que a participa\u00e7\u00e3o de toda [&hellip;]<\/p>\n","protected":false},"author":1,"featured_media":0,"comment_status":"closed","ping_status":"closed","sticky":false,"template":"","format":"standard","meta":{"footnotes":"","_links_to":"","_links_to_target":""},"categories":[9],"tags":[],"class_list":["post-2204","post","type-post","status-publish","format-standard","hentry","category-noticias-da-imprensa"],"yoast_head":"<!-- This site is optimized with the Yoast SEO plugin v15.1 - https:\/\/yoast.com\/wordpress\/plugins\/seo\/ -->\n<title>Participa\u00e7\u00e3o da sociedade \u00e9 a chave para atingir objetivos &raquo; Abrelivros<\/title>\n<meta name=\"robots\" content=\"index, follow, max-snippet:-1, max-image-preview:large, max-video-preview:-1\" \/>\n<link rel=\"canonical\" href=\"https:\/\/abrelivros.org.br\/site\/participacao-da-sociedade-e-a-chave-para-atingir-objetivos\/\" \/>\n<meta property=\"og:locale\" content=\"pt_BR\" \/>\n<meta property=\"og:type\" content=\"article\" \/>\n<meta property=\"og:title\" content=\"Participa\u00e7\u00e3o da sociedade \u00e9 a chave para atingir objetivos &raquo; Abrelivros\" \/>\n<meta property=\"og:description\" content=\"Mobilizar a sociedade e conscientizar as fam\u00edlias \u00e9 o objetivo da uni\u00e3o de for\u00e7as entre o Minist\u00e9rio da Educa\u00e7\u00e3o e as igrejas crist\u00e3s brasileiras, representadas por suas entidades. Em reuni\u00e3o com bispos da Confedera\u00e7\u00e3o Nacional dos Bispos do Brasil (CNBB), nesta ter\u00e7a-feira, 6, em Bras\u00edlia, o ministro Fernando Haddad enfatizou que a participa\u00e7\u00e3o de toda [&hellip;]\" \/>\n<meta property=\"og:url\" content=\"https:\/\/abrelivros.org.br\/site\/participacao-da-sociedade-e-a-chave-para-atingir-objetivos\/\" \/>\n<meta property=\"og:site_name\" content=\"Abrelivros\" \/>\n<meta property=\"article:published_time\" content=\"2008-05-07T17:28:00+00:00\" \/>\n<meta name=\"twitter:card\" content=\"summary_large_image\" \/>\n<script type=\"application\/ld+json\" class=\"yoast-schema-graph\">{\"@context\":\"https:\/\/schema.org\",\"@graph\":[{\"@type\":\"WebSite\",\"@id\":\"https:\/\/abrelivros.org.br\/site\/#website\",\"url\":\"https:\/\/abrelivros.org.br\/site\/\",\"name\":\"Abrelivros\",\"description\":\"\",\"potentialAction\":[{\"@type\":\"SearchAction\",\"target\":\"https:\/\/abrelivros.org.br\/site\/?s={search_term_string}\",\"query-input\":\"required name=search_term_string\"}],\"inLanguage\":\"pt-BR\"},{\"@type\":\"WebPage\",\"@id\":\"https:\/\/abrelivros.org.br\/site\/participacao-da-sociedade-e-a-chave-para-atingir-objetivos\/#webpage\",\"url\":\"https:\/\/abrelivros.org.br\/site\/participacao-da-sociedade-e-a-chave-para-atingir-objetivos\/\",\"name\":\"Participa\\u00e7\\u00e3o da sociedade \\u00e9 a chave para atingir objetivos &raquo; Abrelivros\",\"isPartOf\":{\"@id\":\"https:\/\/abrelivros.org.br\/site\/#website\"},\"datePublished\":\"2008-05-07T17:28:00+00:00\",\"dateModified\":\"2008-05-07T17:28:00+00:00\",\"author\":{\"@id\":\"https:\/\/abrelivros.org.br\/site\/#\/schema\/person\/2b867f13a717bb230f1a3555505f5593\"},\"breadcrumb\":{\"@id\":\"https:\/\/abrelivros.org.br\/site\/participacao-da-sociedade-e-a-chave-para-atingir-objetivos\/#breadcrumb\"},\"inLanguage\":\"pt-BR\",\"potentialAction\":[{\"@type\":\"ReadAction\",\"target\":[\"https:\/\/abrelivros.org.br\/site\/participacao-da-sociedade-e-a-chave-para-atingir-objetivos\/\"]}]},{\"@type\":\"BreadcrumbList\",\"@id\":\"https:\/\/abrelivros.org.br\/site\/participacao-da-sociedade-e-a-chave-para-atingir-objetivos\/#breadcrumb\",\"itemListElement\":[{\"@type\":\"ListItem\",\"position\":1,\"item\":{\"@type\":\"WebPage\",\"@id\":\"https:\/\/abrelivros.org.br\/site\/\",\"url\":\"https:\/\/abrelivros.org.br\/site\/\",\"name\":\"In\\u00edcio\"}},{\"@type\":\"ListItem\",\"position\":2,\"item\":{\"@type\":\"WebPage\",\"@id\":\"https:\/\/abrelivros.org.br\/site\/category\/noticias\/\",\"url\":\"https:\/\/abrelivros.org.br\/site\/category\/noticias\/\",\"name\":\"Not\\u00edcias\"}},{\"@type\":\"ListItem\",\"position\":3,\"item\":{\"@type\":\"WebPage\",\"@id\":\"https:\/\/abrelivros.org.br\/site\/category\/noticias\/noticias-da-imprensa\/\",\"url\":\"https:\/\/abrelivros.org.br\/site\/category\/noticias\/noticias-da-imprensa\/\",\"name\":\"Not\\u00edcias da imprensa\"}},{\"@type\":\"ListItem\",\"position\":4,\"item\":{\"@type\":\"WebPage\",\"@id\":\"https:\/\/abrelivros.org.br\/site\/participacao-da-sociedade-e-a-chave-para-atingir-objetivos\/\",\"url\":\"https:\/\/abrelivros.org.br\/site\/participacao-da-sociedade-e-a-chave-para-atingir-objetivos\/\",\"name\":\"Participa\\u00e7\\u00e3o da sociedade \\u00e9 a chave para atingir objetivos\"}}]},{\"@type\":\"Person\",\"@id\":\"https:\/\/abrelivros.org.br\/site\/#\/schema\/person\/2b867f13a717bb230f1a3555505f5593\",\"name\":\"\\u00a0\",\"image\":{\"@type\":\"ImageObject\",\"@id\":\"https:\/\/abrelivros.org.br\/site\/#personlogo\",\"inLanguage\":\"pt-BR\",\"url\":\"https:\/\/secure.gravatar.com\/avatar\/e80b7f5231be2fff5040a8023da424898002831c5439420df182ae62676d2a6f?s=96&d=mm&r=g\",\"caption\":\"\\u00a0\"}}]}<\/script>\n<!-- \/ Yoast SEO plugin. -->","_links":{"self":[{"href":"https:\/\/abrelivros.org.br\/site\/wp-json\/wp\/v2\/posts\/2204","targetHints":{"allow":["GET"]}}],"collection":[{"href":"https:\/\/abrelivros.org.br\/site\/wp-json\/wp\/v2\/posts"}],"about":[{"href":"https:\/\/abrelivros.org.br\/site\/wp-json\/wp\/v2\/types\/post"}],"author":[{"embeddable":true,"href":"https:\/\/abrelivros.org.br\/site\/wp-json\/wp\/v2\/users\/1"}],"replies":[{"embeddable":true,"href":"https:\/\/abrelivros.org.br\/site\/wp-json\/wp\/v2\/comments?post=2204"}],"version-history":[{"count":0,"href":"https:\/\/abrelivros.org.br\/site\/wp-json\/wp\/v2\/posts\/2204\/revisions"}],"wp:attachment":[{"href":"https:\/\/abrelivros.org.br\/site\/wp-json\/wp\/v2\/media?parent=2204"}],"wp:term":[{"taxonomy":"category","embeddable":true,"href":"https:\/\/abrelivros.org.br\/site\/wp-json\/wp\/v2\/categories?post=2204"},{"taxonomy":"post_tag","embeddable":true,"href":"https:\/\/abrelivros.org.br\/site\/wp-json\/wp\/v2\/tags?post=2204"}],"curies":[{"name":"wp","href":"https:\/\/api.w.org\/{rel}","templated":true}]}}