{"id":2203,"date":"2008-05-07T14:58:00","date_gmt":"2008-05-07T17:58:00","guid":{"rendered":"https:\/\/abrelivros.org.br\/site\/2008\/05\/07\/envio-de-materiais-para-guia-de-tecnologias-tem-prazo-final-nesta-quarta-feira\/"},"modified":"2008-05-07T14:58:00","modified_gmt":"2008-05-07T17:58:00","slug":"envio-de-materiais-para-guia-de-tecnologias-tem-prazo-final-nesta-quarta-feira","status":"publish","type":"post","link":"https:\/\/abrelivros.org.br\/site\/envio-de-materiais-para-guia-de-tecnologias-tem-prazo-final-nesta-quarta-feira\/","title":{"rendered":"Envio de materiais para guia de tecnologias tem prazo final nesta quarta-feira"},"content":{"rendered":"<p>Termina nesta quarta-feira, 7, o prazo para as empresas, universidades, organiza\u00e7\u00f5es e pessoas f\u00edsicas que inscreveram propostas para o Guia de Tecnologias da Educa\u00e7\u00e3o B\u00e1sica enviarem os materiais \u2014 ferramentas, manuais, aparatos, utens\u00edlios \u2014 para avalia\u00e7\u00e3o. A  Secretaria de Educa\u00e7\u00e3o B\u00e1sica (SEB\/MEC) inicia o processo de aprecia\u00e7\u00e3o no pr\u00f3ximo dia 12 e o encerrar\u00e1 em setembro.\u00a0<br \/> \u00a0<br \/> A proposta do Guia de Tecnologias \u00e9 oferecer aos secret\u00e1rios estaduais e municipais de Educa\u00e7\u00e3o e aos conselhos indica\u00e7\u00f5es de tecnologias, avaliadas por especialistas, capazes de contribuir para melhorar a qualidade da educa\u00e7\u00e3o p\u00fablica. \u201cA finalidade do guia \u00e9 orientar, \u00e9 um instrumento para o gestor\u201d, explica a coordenadora de materiais did\u00e1ticos da SEB, Jane Cristina da Silva.\u00a0<br \/> \u00a0<br \/> A primeira sele\u00e7\u00e3o de materiais para o Guia de Tecnologias teve in\u00edcio em 2007. Participaram 233 propostas, das quais foram pr\u00e9-selecionadas 19. Exemplares do guia ser\u00e3o distribu\u00eddos aos gestores da educa\u00e7\u00e3o p\u00fablica de estados e munic\u00edpios ainda no primeiro semestre deste ano. Eles ter\u00e3o formato impresso, com tiragem de dez mil exemplares, e uma vers\u00e3o para consulta no portal do Minist\u00e9rio da Educa\u00e7\u00e3o na internet. Como o guia \u00e9 um sistema de fich\u00e1rio, as pr\u00f3ximas tecnologias pr\u00e9-selecionadas devem ser anexadas a esse material.\u00a0<br \/> \u00a0<br \/> A divulga\u00e7\u00e3o dos resultados da sele\u00e7\u00e3o de 2008 ser\u00e1 feita no dia 29 de setembro. Em seguida, haver\u00e1 prazo de 15 dias para recursos. O resultado final da escolha dos novos instrumentos educacionais sair\u00e1 em 1\u00ba de dezembro.\u00a0<br \/> \u00a0<br \/> Ap\u00f3s a pr\u00e9-qualifica\u00e7\u00e3o das novas tecnologias e a inclus\u00e3o no guia, elas ser\u00e3o acompanhadas nos sistemas. As que ajudarem as redes ou estabelecimentos de ensino a melhorar a qualidade da educa\u00e7\u00e3o \u2014 medidas por avalia\u00e7\u00f5es como a Prova Brasil ou pelo \u00edndice de desenvolvimento da educa\u00e7\u00e3o b\u00e1sica (Ideb) \u2014 poder\u00e3o ser certificadas pelo Minist\u00e9rio da Educa\u00e7\u00e3o. \u00a0<br \/> \u00a0<br \/> Mais informa\u00e7\u00f5es sobre o cadastro de tecnologias educacionais podem ser obtidas na chamada p\u00fablica n\u00ba 1\/2008. \u00a0<br \/> \u00a0<\/p>\n","protected":false},"excerpt":{"rendered":"<p>Termina nesta quarta-feira, 7, o prazo para as empresas, universidades, organiza\u00e7\u00f5es e pessoas f\u00edsicas que inscreveram propostas para o Guia de Tecnologias da Educa\u00e7\u00e3o B\u00e1sica enviarem os materiais \u2014 ferramentas, manuais, aparatos, utens\u00edlios \u2014 para avalia\u00e7\u00e3o. A Secretaria de Educa\u00e7\u00e3o B\u00e1sica (SEB\/MEC) inicia o processo de aprecia\u00e7\u00e3o no pr\u00f3ximo dia 12 e o encerrar\u00e1 em [&hellip;]<\/p>\n","protected":false},"author":1,"featured_media":0,"comment_status":"closed","ping_status":"closed","sticky":false,"template":"","format":"standard","meta":{"footnotes":"","_links_to":"","_links_to_target":""},"categories":[9],"tags":[],"class_list":["post-2203","post","type-post","status-publish","format-standard","hentry","category-noticias-da-imprensa"],"yoast_head":"<!-- This site is optimized with the Yoast SEO plugin v15.1 - https:\/\/yoast.com\/wordpress\/plugins\/seo\/ -->\n<title>Envio de materiais para guia de tecnologias tem prazo final nesta quarta-feira &raquo; Abrelivros<\/title>\n<meta name=\"robots\" content=\"index, follow, max-snippet:-1, max-image-preview:large, max-video-preview:-1\" \/>\n<link rel=\"canonical\" href=\"https:\/\/abrelivros.org.br\/site\/envio-de-materiais-para-guia-de-tecnologias-tem-prazo-final-nesta-quarta-feira\/\" \/>\n<meta property=\"og:locale\" content=\"pt_BR\" \/>\n<meta property=\"og:type\" content=\"article\" \/>\n<meta property=\"og:title\" content=\"Envio de materiais para guia de tecnologias tem prazo final nesta quarta-feira &raquo; Abrelivros\" \/>\n<meta property=\"og:description\" content=\"Termina nesta quarta-feira, 7, o prazo para as empresas, universidades, organiza\u00e7\u00f5es e pessoas f\u00edsicas que inscreveram propostas para o Guia de Tecnologias da Educa\u00e7\u00e3o B\u00e1sica enviarem os materiais \u2014 ferramentas, manuais, aparatos, utens\u00edlios \u2014 para avalia\u00e7\u00e3o. A Secretaria de Educa\u00e7\u00e3o B\u00e1sica (SEB\/MEC) inicia o processo de aprecia\u00e7\u00e3o no pr\u00f3ximo dia 12 e o encerrar\u00e1 em [&hellip;]\" \/>\n<meta property=\"og:url\" content=\"https:\/\/abrelivros.org.br\/site\/envio-de-materiais-para-guia-de-tecnologias-tem-prazo-final-nesta-quarta-feira\/\" \/>\n<meta property=\"og:site_name\" content=\"Abrelivros\" \/>\n<meta property=\"article:published_time\" content=\"2008-05-07T17:58:00+00:00\" \/>\n<meta name=\"twitter:card\" content=\"summary_large_image\" \/>\n<script type=\"application\/ld+json\" class=\"yoast-schema-graph\">{\"@context\":\"https:\/\/schema.org\",\"@graph\":[{\"@type\":\"WebSite\",\"@id\":\"https:\/\/abrelivros.org.br\/site\/#website\",\"url\":\"https:\/\/abrelivros.org.br\/site\/\",\"name\":\"Abrelivros\",\"description\":\"\",\"potentialAction\":[{\"@type\":\"SearchAction\",\"target\":\"https:\/\/abrelivros.org.br\/site\/?s={search_term_string}\",\"query-input\":\"required name=search_term_string\"}],\"inLanguage\":\"pt-BR\"},{\"@type\":\"WebPage\",\"@id\":\"https:\/\/abrelivros.org.br\/site\/envio-de-materiais-para-guia-de-tecnologias-tem-prazo-final-nesta-quarta-feira\/#webpage\",\"url\":\"https:\/\/abrelivros.org.br\/site\/envio-de-materiais-para-guia-de-tecnologias-tem-prazo-final-nesta-quarta-feira\/\",\"name\":\"Envio de materiais para guia de tecnologias tem prazo final nesta quarta-feira &raquo; Abrelivros\",\"isPartOf\":{\"@id\":\"https:\/\/abrelivros.org.br\/site\/#website\"},\"datePublished\":\"2008-05-07T17:58:00+00:00\",\"dateModified\":\"2008-05-07T17:58:00+00:00\",\"author\":{\"@id\":\"https:\/\/abrelivros.org.br\/site\/#\/schema\/person\/2b867f13a717bb230f1a3555505f5593\"},\"breadcrumb\":{\"@id\":\"https:\/\/abrelivros.org.br\/site\/envio-de-materiais-para-guia-de-tecnologias-tem-prazo-final-nesta-quarta-feira\/#breadcrumb\"},\"inLanguage\":\"pt-BR\",\"potentialAction\":[{\"@type\":\"ReadAction\",\"target\":[\"https:\/\/abrelivros.org.br\/site\/envio-de-materiais-para-guia-de-tecnologias-tem-prazo-final-nesta-quarta-feira\/\"]}]},{\"@type\":\"BreadcrumbList\",\"@id\":\"https:\/\/abrelivros.org.br\/site\/envio-de-materiais-para-guia-de-tecnologias-tem-prazo-final-nesta-quarta-feira\/#breadcrumb\",\"itemListElement\":[{\"@type\":\"ListItem\",\"position\":1,\"item\":{\"@type\":\"WebPage\",\"@id\":\"https:\/\/abrelivros.org.br\/site\/\",\"url\":\"https:\/\/abrelivros.org.br\/site\/\",\"name\":\"In\\u00edcio\"}},{\"@type\":\"ListItem\",\"position\":2,\"item\":{\"@type\":\"WebPage\",\"@id\":\"https:\/\/abrelivros.org.br\/site\/category\/noticias\/\",\"url\":\"https:\/\/abrelivros.org.br\/site\/category\/noticias\/\",\"name\":\"Not\\u00edcias\"}},{\"@type\":\"ListItem\",\"position\":3,\"item\":{\"@type\":\"WebPage\",\"@id\":\"https:\/\/abrelivros.org.br\/site\/category\/noticias\/noticias-da-imprensa\/\",\"url\":\"https:\/\/abrelivros.org.br\/site\/category\/noticias\/noticias-da-imprensa\/\",\"name\":\"Not\\u00edcias da imprensa\"}},{\"@type\":\"ListItem\",\"position\":4,\"item\":{\"@type\":\"WebPage\",\"@id\":\"https:\/\/abrelivros.org.br\/site\/envio-de-materiais-para-guia-de-tecnologias-tem-prazo-final-nesta-quarta-feira\/\",\"url\":\"https:\/\/abrelivros.org.br\/site\/envio-de-materiais-para-guia-de-tecnologias-tem-prazo-final-nesta-quarta-feira\/\",\"name\":\"Envio de materiais para guia de tecnologias tem prazo final nesta quarta-feira\"}}]},{\"@type\":\"Person\",\"@id\":\"https:\/\/abrelivros.org.br\/site\/#\/schema\/person\/2b867f13a717bb230f1a3555505f5593\",\"name\":\"\\u00a0\",\"image\":{\"@type\":\"ImageObject\",\"@id\":\"https:\/\/abrelivros.org.br\/site\/#personlogo\",\"inLanguage\":\"pt-BR\",\"url\":\"https:\/\/secure.gravatar.com\/avatar\/e80b7f5231be2fff5040a8023da424898002831c5439420df182ae62676d2a6f?s=96&d=mm&r=g\",\"caption\":\"\\u00a0\"}}]}<\/script>\n<!-- \/ Yoast SEO plugin. -->","_links":{"self":[{"href":"https:\/\/abrelivros.org.br\/site\/wp-json\/wp\/v2\/posts\/2203","targetHints":{"allow":["GET"]}}],"collection":[{"href":"https:\/\/abrelivros.org.br\/site\/wp-json\/wp\/v2\/posts"}],"about":[{"href":"https:\/\/abrelivros.org.br\/site\/wp-json\/wp\/v2\/types\/post"}],"author":[{"embeddable":true,"href":"https:\/\/abrelivros.org.br\/site\/wp-json\/wp\/v2\/users\/1"}],"replies":[{"embeddable":true,"href":"https:\/\/abrelivros.org.br\/site\/wp-json\/wp\/v2\/comments?post=2203"}],"version-history":[{"count":0,"href":"https:\/\/abrelivros.org.br\/site\/wp-json\/wp\/v2\/posts\/2203\/revisions"}],"wp:attachment":[{"href":"https:\/\/abrelivros.org.br\/site\/wp-json\/wp\/v2\/media?parent=2203"}],"wp:term":[{"taxonomy":"category","embeddable":true,"href":"https:\/\/abrelivros.org.br\/site\/wp-json\/wp\/v2\/categories?post=2203"},{"taxonomy":"post_tag","embeddable":true,"href":"https:\/\/abrelivros.org.br\/site\/wp-json\/wp\/v2\/tags?post=2203"}],"curies":[{"name":"wp","href":"https:\/\/api.w.org\/{rel}","templated":true}]}}