{"id":2202,"date":"2008-05-09T14:03:00","date_gmt":"2008-05-09T17:03:00","guid":{"rendered":"https:\/\/abrelivros.org.br\/site\/2008\/05\/09\/grandes-cidades-debatem-estrategias-de-incentivo-a-leitura\/"},"modified":"2008-05-09T14:03:00","modified_gmt":"2008-05-09T17:03:00","slug":"grandes-cidades-debatem-estrategias-de-incentivo-a-leitura","status":"publish","type":"post","link":"https:\/\/abrelivros.org.br\/site\/grandes-cidades-debatem-estrategias-de-incentivo-a-leitura\/","title":{"rendered":"Grandes cidades debatem estrat\u00e9gias de incentivo \u00e0 leitura"},"content":{"rendered":"<p>Apenas 19,4% das escolas p\u00fablicas do ensino fundamental t\u00eam uma biblioteca. As que possuem, em sua maioria, reservaram uma sala pequena e sem atrativos para construir ali o espa\u00e7o que deveria servir de incentivo \u00e0 leitura. Os profissionais que cuidam do acervo costumam ser os que n\u00e3o gostam ou n\u00e3o se identificam com as salas de aula. Os dados s\u00e3o da Avalia\u00e7\u00e3o Diagn\u00f3stica do Programa Nacional Biblioteca da Escola, pesquisa desenvolvida, em 2005, pela Associa\u00e7\u00e3o Latino-Americana de Pesquisa e A\u00e7\u00e3o Cultural em 196 escolas de ensino fundamental localizadas em 19 munic\u00edpios de oito estados brasileiros. \u00a0<br \/> \u00a0<br \/> A pesquisa motivou a Pol\u00edtica de Forma\u00e7\u00e3o de Leitores do Minist\u00e9rio da Educa\u00e7\u00e3o. \u201cPara al\u00e9m da distribui\u00e7\u00e3o de livros did\u00e1ticos e liter\u00e1rios, o foco das a\u00e7\u00f5es do minist\u00e9rio \u00e9 a cria\u00e7\u00e3o de leitores e o incentivo \u00e0 leitura entre os estudantes.\u201c Quem garante \u00e9 a coordenadora-geral de Estudos e Avalia\u00e7\u00e3o do MEC, Jane Cristina da Silva. A especialista esteve reunida, nesta quinta-feira, 8, com 150 gestores educacionais dos munic\u00edpios com mais de 163 mil habitantes. O f\u00f3rum Pol\u00edtica de livro e leitura: acervo de obras pedag\u00f3gicas complementares fez parte da programa\u00e7\u00e3o do 6\u00ba Grupo de Trabalho das Capitais e Grandes Cidades que est\u00e1 sendo realizado na Academia de T\u00eanis, em Bras\u00edlia, e vai at\u00e9 a pr\u00f3xima sexta-feira, 9.\u00a0<br \/> \u00a0<br \/> Vinda de Carapicu\u00edba (SP), a secret\u00e1ria interina de educa\u00e7\u00e3o Maria Izaura contou que em sua cidade j\u00e1 existem pr\u00e1ticas de incentivo \u00e0 leitura. \u201cTemos dois profissionais em cada escola que s\u00e3o respons\u00e1veis exclusivamente pelas salas de leitura\u201c, relatou. No munic\u00edpio, que fica no interior de S\u00e3o Paulo, as escolas t\u00eam salas de leitura e bibliotecas. As salas de leitura recebem as turmas de alunos uma vez por semana. Juntos, estudantes e professores l\u00eaem e contam hist\u00f3rias. \u201cEles podem at\u00e9 mudar o final dos livros se quiserem\u201c, explicou Maria Izaura. \u00a0<br \/> \u00a0<br \/> Entretanto, o exemplo de Carapicu\u00edba \u00e9 raro. As pr\u00e1ticas de incentivo \u00e0 leitura ainda n\u00e3o s\u00e3o uma constante no Brasil. O Retrato da Leitura no Brasil, estudo feito em 2000 por entidades de livros e fabricantes de papel, trouxe dados importantes como o fato de 53% dos compradores de livros estarem na regi\u00e3o Sudeste. A pesquisa demonstrou, ainda, que o h\u00e1bito da leitura est\u00e1 diretamente ligado ao \u00edndice de escolaridade e \u00e0s condi\u00e7\u00f5es de acesso ao livro. \u00a0<br \/> \u00a0<br \/><B> Estrat\u00e9gias<\/B> &#8211; As t\u00e1ticas adotadas pelo MEC para garantir a forma\u00e7\u00e3o de leitores v\u00e3o al\u00e9m da aquisi\u00e7\u00e3o e distribui\u00e7\u00e3o de acervos. A forma\u00e7\u00e3o continuada de profissionais da escola e da biblioteca \u00e9 uma dessas estrat\u00e9gias. A inten\u00e7\u00e3o \u00e9 garantir que os docentes sejam tamb\u00e9m leitores e n\u00e3o apenas profissionais que ensinam a ler. \u201cN\u00e3o conseguiremos incentivar os alunos a ler sem que os professores sejam tamb\u00e9m bons leitores\u201c, esclareceu Jane Silva. Desde novembro de 2006, o minist\u00e9rio edita a Revista Leituras, que traz discuss\u00f5es sobre o tema e fornece instrumentos e pr\u00e1ticas pedag\u00f3gicas para os professores. \u00a0<br \/> \u00a0<br \/> A amplia\u00e7\u00e3o do acesso \u00e0s obras liter\u00e1rias tamb\u00e9m surge como parte da pol\u00edtica de forma\u00e7\u00e3o de leitores. Este ano, acervos do Programa Nacional Biblioteca da Escola passaram a ser entregues em escolas de educa\u00e7\u00e3o infantil e ensino m\u00e9dio. Todas as escolas p\u00fablicas brasileiras devem receber, no m\u00ednimo, 139 livros. \u00a0<br \/> \u00a0<\/p>\n","protected":false},"excerpt":{"rendered":"<p>Apenas 19,4% das escolas p\u00fablicas do ensino fundamental t\u00eam uma biblioteca. As que possuem, em sua maioria, reservaram uma sala pequena e sem atrativos para construir ali o espa\u00e7o que deveria servir de incentivo \u00e0 leitura. Os profissionais que cuidam do acervo costumam ser os que n\u00e3o gostam ou n\u00e3o se identificam com as salas [&hellip;]<\/p>\n","protected":false},"author":1,"featured_media":0,"comment_status":"closed","ping_status":"closed","sticky":false,"template":"","format":"standard","meta":{"footnotes":"","_links_to":"","_links_to_target":""},"categories":[9],"tags":[],"class_list":["post-2202","post","type-post","status-publish","format-standard","hentry","category-noticias-da-imprensa"],"yoast_head":"<!-- This site is optimized with the Yoast SEO plugin v15.1 - https:\/\/yoast.com\/wordpress\/plugins\/seo\/ -->\n<title>Grandes cidades debatem estrat\u00e9gias de incentivo \u00e0 leitura &raquo; Abrelivros<\/title>\n<meta name=\"robots\" content=\"index, follow, max-snippet:-1, max-image-preview:large, max-video-preview:-1\" \/>\n<link rel=\"canonical\" href=\"https:\/\/abrelivros.org.br\/site\/grandes-cidades-debatem-estrategias-de-incentivo-a-leitura\/\" \/>\n<meta property=\"og:locale\" content=\"pt_BR\" \/>\n<meta property=\"og:type\" content=\"article\" \/>\n<meta property=\"og:title\" content=\"Grandes cidades debatem estrat\u00e9gias de incentivo \u00e0 leitura &raquo; Abrelivros\" \/>\n<meta property=\"og:description\" content=\"Apenas 19,4% das escolas p\u00fablicas do ensino fundamental t\u00eam uma biblioteca. As que possuem, em sua maioria, reservaram uma sala pequena e sem atrativos para construir ali o espa\u00e7o que deveria servir de incentivo \u00e0 leitura. Os profissionais que cuidam do acervo costumam ser os que n\u00e3o gostam ou n\u00e3o se identificam com as salas [&hellip;]\" \/>\n<meta property=\"og:url\" content=\"https:\/\/abrelivros.org.br\/site\/grandes-cidades-debatem-estrategias-de-incentivo-a-leitura\/\" \/>\n<meta property=\"og:site_name\" content=\"Abrelivros\" \/>\n<meta property=\"article:published_time\" content=\"2008-05-09T17:03:00+00:00\" \/>\n<meta name=\"twitter:card\" content=\"summary_large_image\" \/>\n<script type=\"application\/ld+json\" class=\"yoast-schema-graph\">{\"@context\":\"https:\/\/schema.org\",\"@graph\":[{\"@type\":\"WebSite\",\"@id\":\"https:\/\/abrelivros.org.br\/site\/#website\",\"url\":\"https:\/\/abrelivros.org.br\/site\/\",\"name\":\"Abrelivros\",\"description\":\"\",\"potentialAction\":[{\"@type\":\"SearchAction\",\"target\":\"https:\/\/abrelivros.org.br\/site\/?s={search_term_string}\",\"query-input\":\"required name=search_term_string\"}],\"inLanguage\":\"pt-BR\"},{\"@type\":\"WebPage\",\"@id\":\"https:\/\/abrelivros.org.br\/site\/grandes-cidades-debatem-estrategias-de-incentivo-a-leitura\/#webpage\",\"url\":\"https:\/\/abrelivros.org.br\/site\/grandes-cidades-debatem-estrategias-de-incentivo-a-leitura\/\",\"name\":\"Grandes cidades debatem estrat\\u00e9gias de incentivo \\u00e0 leitura &raquo; Abrelivros\",\"isPartOf\":{\"@id\":\"https:\/\/abrelivros.org.br\/site\/#website\"},\"datePublished\":\"2008-05-09T17:03:00+00:00\",\"dateModified\":\"2008-05-09T17:03:00+00:00\",\"author\":{\"@id\":\"https:\/\/abrelivros.org.br\/site\/#\/schema\/person\/2b867f13a717bb230f1a3555505f5593\"},\"breadcrumb\":{\"@id\":\"https:\/\/abrelivros.org.br\/site\/grandes-cidades-debatem-estrategias-de-incentivo-a-leitura\/#breadcrumb\"},\"inLanguage\":\"pt-BR\",\"potentialAction\":[{\"@type\":\"ReadAction\",\"target\":[\"https:\/\/abrelivros.org.br\/site\/grandes-cidades-debatem-estrategias-de-incentivo-a-leitura\/\"]}]},{\"@type\":\"BreadcrumbList\",\"@id\":\"https:\/\/abrelivros.org.br\/site\/grandes-cidades-debatem-estrategias-de-incentivo-a-leitura\/#breadcrumb\",\"itemListElement\":[{\"@type\":\"ListItem\",\"position\":1,\"item\":{\"@type\":\"WebPage\",\"@id\":\"https:\/\/abrelivros.org.br\/site\/\",\"url\":\"https:\/\/abrelivros.org.br\/site\/\",\"name\":\"In\\u00edcio\"}},{\"@type\":\"ListItem\",\"position\":2,\"item\":{\"@type\":\"WebPage\",\"@id\":\"https:\/\/abrelivros.org.br\/site\/category\/noticias\/\",\"url\":\"https:\/\/abrelivros.org.br\/site\/category\/noticias\/\",\"name\":\"Not\\u00edcias\"}},{\"@type\":\"ListItem\",\"position\":3,\"item\":{\"@type\":\"WebPage\",\"@id\":\"https:\/\/abrelivros.org.br\/site\/category\/noticias\/noticias-da-imprensa\/\",\"url\":\"https:\/\/abrelivros.org.br\/site\/category\/noticias\/noticias-da-imprensa\/\",\"name\":\"Not\\u00edcias da imprensa\"}},{\"@type\":\"ListItem\",\"position\":4,\"item\":{\"@type\":\"WebPage\",\"@id\":\"https:\/\/abrelivros.org.br\/site\/grandes-cidades-debatem-estrategias-de-incentivo-a-leitura\/\",\"url\":\"https:\/\/abrelivros.org.br\/site\/grandes-cidades-debatem-estrategias-de-incentivo-a-leitura\/\",\"name\":\"Grandes cidades debatem estrat\\u00e9gias de incentivo \\u00e0 leitura\"}}]},{\"@type\":\"Person\",\"@id\":\"https:\/\/abrelivros.org.br\/site\/#\/schema\/person\/2b867f13a717bb230f1a3555505f5593\",\"name\":\"\\u00a0\",\"image\":{\"@type\":\"ImageObject\",\"@id\":\"https:\/\/abrelivros.org.br\/site\/#personlogo\",\"inLanguage\":\"pt-BR\",\"url\":\"https:\/\/secure.gravatar.com\/avatar\/e80b7f5231be2fff5040a8023da424898002831c5439420df182ae62676d2a6f?s=96&d=mm&r=g\",\"caption\":\"\\u00a0\"}}]}<\/script>\n<!-- \/ Yoast SEO plugin. -->","_links":{"self":[{"href":"https:\/\/abrelivros.org.br\/site\/wp-json\/wp\/v2\/posts\/2202","targetHints":{"allow":["GET"]}}],"collection":[{"href":"https:\/\/abrelivros.org.br\/site\/wp-json\/wp\/v2\/posts"}],"about":[{"href":"https:\/\/abrelivros.org.br\/site\/wp-json\/wp\/v2\/types\/post"}],"author":[{"embeddable":true,"href":"https:\/\/abrelivros.org.br\/site\/wp-json\/wp\/v2\/users\/1"}],"replies":[{"embeddable":true,"href":"https:\/\/abrelivros.org.br\/site\/wp-json\/wp\/v2\/comments?post=2202"}],"version-history":[{"count":0,"href":"https:\/\/abrelivros.org.br\/site\/wp-json\/wp\/v2\/posts\/2202\/revisions"}],"wp:attachment":[{"href":"https:\/\/abrelivros.org.br\/site\/wp-json\/wp\/v2\/media?parent=2202"}],"wp:term":[{"taxonomy":"category","embeddable":true,"href":"https:\/\/abrelivros.org.br\/site\/wp-json\/wp\/v2\/categories?post=2202"},{"taxonomy":"post_tag","embeddable":true,"href":"https:\/\/abrelivros.org.br\/site\/wp-json\/wp\/v2\/tags?post=2202"}],"curies":[{"name":"wp","href":"https:\/\/api.w.org\/{rel}","templated":true}]}}