{"id":2201,"date":"2008-05-09T14:26:00","date_gmt":"2008-05-09T17:26:00","guid":{"rendered":"https:\/\/abrelivros.org.br\/site\/2008\/05\/09\/camara-derruba-projeto-de-desconto-para-professor\/"},"modified":"2008-05-09T14:26:00","modified_gmt":"2008-05-09T17:26:00","slug":"camara-derruba-projeto-de-desconto-para-professor","status":"publish","type":"post","link":"https:\/\/abrelivros.org.br\/site\/camara-derruba-projeto-de-desconto-para-professor\/","title":{"rendered":"C\u00e2mara derruba projeto de desconto para professor"},"content":{"rendered":"<p>A Comiss\u00e3o de Educa\u00e7\u00e3o e Cultura da C\u00e2mara Federal mandou arquivar projeto de lei de autoria do deputado federal Frank Aguiar (PTB-SP) que pretendia tornar obrigat\u00f3rio que livrarias dessem desconto m\u00ednimo de 30% a professores na compra de livros e material did\u00e1tico.&nbsp;<br \/> &nbsp;<br \/> Embora considerasse o pleito justo, a comiss\u00e3o entendeu que quem deve arcar com isso, caso queira fazer uma pol\u00edtica nesses termos, \u00e9 o Estado. E n\u00e3o os livreiros.&nbsp;<br \/> &nbsp;<\/p>\n","protected":false},"excerpt":{"rendered":"<p>A Comiss\u00e3o de Educa\u00e7\u00e3o e Cultura da C\u00e2mara Federal mandou arquivar projeto de lei de autoria do deputado federal Frank Aguiar (PTB-SP) que pretendia tornar obrigat\u00f3rio que livrarias dessem desconto m\u00ednimo de 30% a professores na compra de livros e material did\u00e1tico.&nbsp; &nbsp; Embora considerasse o pleito justo, a comiss\u00e3o entendeu que quem deve arcar [&hellip;]<\/p>\n","protected":false},"author":1,"featured_media":0,"comment_status":"closed","ping_status":"closed","sticky":false,"template":"","format":"standard","meta":{"footnotes":"","_links_to":"","_links_to_target":""},"categories":[9],"tags":[],"class_list":["post-2201","post","type-post","status-publish","format-standard","hentry","category-noticias-da-imprensa"],"yoast_head":"<!-- This site is optimized with the Yoast SEO plugin v15.1 - https:\/\/yoast.com\/wordpress\/plugins\/seo\/ -->\n<title>C\u00e2mara derruba projeto de desconto para professor &raquo; Abrelivros<\/title>\n<meta name=\"robots\" content=\"index, follow, max-snippet:-1, max-image-preview:large, max-video-preview:-1\" \/>\n<link rel=\"canonical\" href=\"https:\/\/abrelivros.org.br\/site\/camara-derruba-projeto-de-desconto-para-professor\/\" \/>\n<meta property=\"og:locale\" content=\"pt_BR\" \/>\n<meta property=\"og:type\" content=\"article\" \/>\n<meta property=\"og:title\" content=\"C\u00e2mara derruba projeto de desconto para professor &raquo; Abrelivros\" \/>\n<meta property=\"og:description\" content=\"A Comiss\u00e3o de Educa\u00e7\u00e3o e Cultura da C\u00e2mara Federal mandou arquivar projeto de lei de autoria do deputado federal Frank Aguiar (PTB-SP) que pretendia tornar obrigat\u00f3rio que livrarias dessem desconto m\u00ednimo de 30% a professores na compra de livros e material did\u00e1tico.&nbsp; &nbsp; Embora considerasse o pleito justo, a comiss\u00e3o entendeu que quem deve arcar [&hellip;]\" \/>\n<meta property=\"og:url\" content=\"https:\/\/abrelivros.org.br\/site\/camara-derruba-projeto-de-desconto-para-professor\/\" \/>\n<meta property=\"og:site_name\" content=\"Abrelivros\" \/>\n<meta property=\"article:published_time\" content=\"2008-05-09T17:26:00+00:00\" \/>\n<meta name=\"twitter:card\" content=\"summary_large_image\" \/>\n<script type=\"application\/ld+json\" class=\"yoast-schema-graph\">{\"@context\":\"https:\/\/schema.org\",\"@graph\":[{\"@type\":\"WebSite\",\"@id\":\"https:\/\/abrelivros.org.br\/site\/#website\",\"url\":\"https:\/\/abrelivros.org.br\/site\/\",\"name\":\"Abrelivros\",\"description\":\"\",\"potentialAction\":[{\"@type\":\"SearchAction\",\"target\":\"https:\/\/abrelivros.org.br\/site\/?s={search_term_string}\",\"query-input\":\"required name=search_term_string\"}],\"inLanguage\":\"pt-BR\"},{\"@type\":\"WebPage\",\"@id\":\"https:\/\/abrelivros.org.br\/site\/camara-derruba-projeto-de-desconto-para-professor\/#webpage\",\"url\":\"https:\/\/abrelivros.org.br\/site\/camara-derruba-projeto-de-desconto-para-professor\/\",\"name\":\"C\\u00e2mara derruba projeto de desconto para professor &raquo; Abrelivros\",\"isPartOf\":{\"@id\":\"https:\/\/abrelivros.org.br\/site\/#website\"},\"datePublished\":\"2008-05-09T17:26:00+00:00\",\"dateModified\":\"2008-05-09T17:26:00+00:00\",\"author\":{\"@id\":\"https:\/\/abrelivros.org.br\/site\/#\/schema\/person\/2b867f13a717bb230f1a3555505f5593\"},\"breadcrumb\":{\"@id\":\"https:\/\/abrelivros.org.br\/site\/camara-derruba-projeto-de-desconto-para-professor\/#breadcrumb\"},\"inLanguage\":\"pt-BR\",\"potentialAction\":[{\"@type\":\"ReadAction\",\"target\":[\"https:\/\/abrelivros.org.br\/site\/camara-derruba-projeto-de-desconto-para-professor\/\"]}]},{\"@type\":\"BreadcrumbList\",\"@id\":\"https:\/\/abrelivros.org.br\/site\/camara-derruba-projeto-de-desconto-para-professor\/#breadcrumb\",\"itemListElement\":[{\"@type\":\"ListItem\",\"position\":1,\"item\":{\"@type\":\"WebPage\",\"@id\":\"https:\/\/abrelivros.org.br\/site\/\",\"url\":\"https:\/\/abrelivros.org.br\/site\/\",\"name\":\"In\\u00edcio\"}},{\"@type\":\"ListItem\",\"position\":2,\"item\":{\"@type\":\"WebPage\",\"@id\":\"https:\/\/abrelivros.org.br\/site\/category\/noticias\/\",\"url\":\"https:\/\/abrelivros.org.br\/site\/category\/noticias\/\",\"name\":\"Not\\u00edcias\"}},{\"@type\":\"ListItem\",\"position\":3,\"item\":{\"@type\":\"WebPage\",\"@id\":\"https:\/\/abrelivros.org.br\/site\/category\/noticias\/noticias-da-imprensa\/\",\"url\":\"https:\/\/abrelivros.org.br\/site\/category\/noticias\/noticias-da-imprensa\/\",\"name\":\"Not\\u00edcias da imprensa\"}},{\"@type\":\"ListItem\",\"position\":4,\"item\":{\"@type\":\"WebPage\",\"@id\":\"https:\/\/abrelivros.org.br\/site\/camara-derruba-projeto-de-desconto-para-professor\/\",\"url\":\"https:\/\/abrelivros.org.br\/site\/camara-derruba-projeto-de-desconto-para-professor\/\",\"name\":\"C\\u00e2mara derruba projeto de desconto para professor\"}}]},{\"@type\":\"Person\",\"@id\":\"https:\/\/abrelivros.org.br\/site\/#\/schema\/person\/2b867f13a717bb230f1a3555505f5593\",\"name\":\"\\u00a0\",\"image\":{\"@type\":\"ImageObject\",\"@id\":\"https:\/\/abrelivros.org.br\/site\/#personlogo\",\"inLanguage\":\"pt-BR\",\"url\":\"https:\/\/secure.gravatar.com\/avatar\/e80b7f5231be2fff5040a8023da424898002831c5439420df182ae62676d2a6f?s=96&d=mm&r=g\",\"caption\":\"\\u00a0\"}}]}<\/script>\n<!-- \/ Yoast SEO plugin. -->","_links":{"self":[{"href":"https:\/\/abrelivros.org.br\/site\/wp-json\/wp\/v2\/posts\/2201","targetHints":{"allow":["GET"]}}],"collection":[{"href":"https:\/\/abrelivros.org.br\/site\/wp-json\/wp\/v2\/posts"}],"about":[{"href":"https:\/\/abrelivros.org.br\/site\/wp-json\/wp\/v2\/types\/post"}],"author":[{"embeddable":true,"href":"https:\/\/abrelivros.org.br\/site\/wp-json\/wp\/v2\/users\/1"}],"replies":[{"embeddable":true,"href":"https:\/\/abrelivros.org.br\/site\/wp-json\/wp\/v2\/comments?post=2201"}],"version-history":[{"count":0,"href":"https:\/\/abrelivros.org.br\/site\/wp-json\/wp\/v2\/posts\/2201\/revisions"}],"wp:attachment":[{"href":"https:\/\/abrelivros.org.br\/site\/wp-json\/wp\/v2\/media?parent=2201"}],"wp:term":[{"taxonomy":"category","embeddable":true,"href":"https:\/\/abrelivros.org.br\/site\/wp-json\/wp\/v2\/categories?post=2201"},{"taxonomy":"post_tag","embeddable":true,"href":"https:\/\/abrelivros.org.br\/site\/wp-json\/wp\/v2\/tags?post=2201"}],"curies":[{"name":"wp","href":"https:\/\/api.w.org\/{rel}","templated":true}]}}