{"id":2200,"date":"2008-05-09T14:28:00","date_gmt":"2008-05-09T17:28:00","guid":{"rendered":"https:\/\/abrelivros.org.br\/site\/2008\/05\/09\/familia-envolvida-na-educacao\/"},"modified":"2008-05-09T14:28:00","modified_gmt":"2008-05-09T17:28:00","slug":"familia-envolvida-na-educacao","status":"publish","type":"post","link":"https:\/\/abrelivros.org.br\/site\/familia-envolvida-na-educacao\/","title":{"rendered":"Fam\u00edlia envolvida na educa\u00e7\u00e3o"},"content":{"rendered":"<p>Cartilhas informativas ser\u00e3o distribu\u00eddas a fam\u00edlias de todo o pa\u00eds, explicando como ajudar seus filhos no processo educativo. O guia foi lan\u00e7ado nesta quinta-feira, 8, junto com o plano de mobiliza\u00e7\u00e3o de igrejas crist\u00e3s pela educa\u00e7\u00e3o.\u00a0<br \/> \u00a0<br \/> A cartilha, ilustrada pelo cartunista Ziraldo, tem linguagem simples e direta e convoca as fam\u00edlias a se envolver na educa\u00e7\u00e3o das crian\u00e7as, acompanhando a freq\u00fc\u00eancia e o desempenho na escola, participando de conselhos escolares, verificando se a escola \u00e9 bem organizada, entre outras a\u00e7\u00f5es.\u00a0<br \/> \u00a0<br \/> \u201cEstamos convocando toda a sociedade civil organizada \u2013 igrejas, sindicatos, \u00f3rg\u00e3os do governo, empres\u00e1rios \u2013 para se mobilizar e ajudar a difundir a educa\u00e7\u00e3o como um valor social\u201d, ressaltou o ministro da Educa\u00e7\u00e3o, Fernando Haddad. Segundo ele, a inten\u00e7\u00e3o \u00e9 despertar um sentimento nacional pela educa\u00e7\u00e3o. \u201cE se os meios de comunica\u00e7\u00e3o s\u00e3o importantes para mobilizar a sociedade, o corpo-a-corpo talvez o seja ainda mais. Falar, olhando nos olhos: Vamos garantir que seu filho se eduque\u201d, incentivou.\u00a0<br \/> \u00a0<br \/><B> Igrejas<\/B> \u2013 O plano de mobiliza\u00e7\u00e3o de igrejas crist\u00e3s pela educa\u00e7\u00e3o visa definir uma estrat\u00e9gia comum de envolvimento social por uma educa\u00e7\u00e3o de qualidade. A iniciativa tem a participa\u00e7\u00e3o de entidades como o Conselho Latino Americano de Igrejas (Clai), Confer\u00eancia Nacional dos Bispos do Brasil (CNBB) e Conselho Nacional de Igrejas Crist\u00e3s do Brasil (Conic). \u00a0<br \/> \u00a0<br \/> O foco \u00e9 nas fam\u00edlias e nas lideran\u00e7as comunit\u00e1rias. O plano de mobiliza\u00e7\u00e3o tem como refer\u00eancia as metas do Compromisso Todos pela Educa\u00e7\u00e3o, do Plano de Desenvolvimento da Educa\u00e7\u00e3o (PDE). Com base nas diretrizes, foram relacionadas a\u00e7\u00f5es e atividades, a ser implementadas por lideran\u00e7as e membros das igrejas, para debater a import\u00e2ncia do acompanhamento da educa\u00e7\u00e3o das crian\u00e7as, como campanhas de conscientiza\u00e7\u00e3o, reuni\u00f5es, cultos, missas, entre outros. \u00a0<br \/> \u00a0<\/p>\n","protected":false},"excerpt":{"rendered":"<p>Cartilhas informativas ser\u00e3o distribu\u00eddas a fam\u00edlias de todo o pa\u00eds, explicando como ajudar seus filhos no processo educativo. O guia foi lan\u00e7ado nesta quinta-feira, 8, junto com o plano de mobiliza\u00e7\u00e3o de igrejas crist\u00e3s pela educa\u00e7\u00e3o.\u00a0 \u00a0 A cartilha, ilustrada pelo cartunista Ziraldo, tem linguagem simples e direta e convoca as fam\u00edlias a se envolver [&hellip;]<\/p>\n","protected":false},"author":1,"featured_media":0,"comment_status":"closed","ping_status":"closed","sticky":false,"template":"","format":"standard","meta":{"footnotes":"","_links_to":"","_links_to_target":""},"categories":[9],"tags":[],"class_list":["post-2200","post","type-post","status-publish","format-standard","hentry","category-noticias-da-imprensa"],"yoast_head":"<!-- This site is optimized with the Yoast SEO plugin v15.1 - https:\/\/yoast.com\/wordpress\/plugins\/seo\/ -->\n<title>Fam\u00edlia envolvida na educa\u00e7\u00e3o &raquo; Abrelivros<\/title>\n<meta name=\"robots\" content=\"index, follow, max-snippet:-1, max-image-preview:large, max-video-preview:-1\" \/>\n<link rel=\"canonical\" href=\"https:\/\/abrelivros.org.br\/site\/familia-envolvida-na-educacao\/\" \/>\n<meta property=\"og:locale\" content=\"pt_BR\" \/>\n<meta property=\"og:type\" content=\"article\" \/>\n<meta property=\"og:title\" content=\"Fam\u00edlia envolvida na educa\u00e7\u00e3o &raquo; Abrelivros\" \/>\n<meta property=\"og:description\" content=\"Cartilhas informativas ser\u00e3o distribu\u00eddas a fam\u00edlias de todo o pa\u00eds, explicando como ajudar seus filhos no processo educativo. O guia foi lan\u00e7ado nesta quinta-feira, 8, junto com o plano de mobiliza\u00e7\u00e3o de igrejas crist\u00e3s pela educa\u00e7\u00e3o.\u00a0 \u00a0 A cartilha, ilustrada pelo cartunista Ziraldo, tem linguagem simples e direta e convoca as fam\u00edlias a se envolver [&hellip;]\" \/>\n<meta property=\"og:url\" content=\"https:\/\/abrelivros.org.br\/site\/familia-envolvida-na-educacao\/\" \/>\n<meta property=\"og:site_name\" content=\"Abrelivros\" \/>\n<meta property=\"article:published_time\" content=\"2008-05-09T17:28:00+00:00\" \/>\n<meta name=\"twitter:card\" content=\"summary_large_image\" \/>\n<script type=\"application\/ld+json\" class=\"yoast-schema-graph\">{\"@context\":\"https:\/\/schema.org\",\"@graph\":[{\"@type\":\"WebSite\",\"@id\":\"https:\/\/abrelivros.org.br\/site\/#website\",\"url\":\"https:\/\/abrelivros.org.br\/site\/\",\"name\":\"Abrelivros\",\"description\":\"\",\"potentialAction\":[{\"@type\":\"SearchAction\",\"target\":\"https:\/\/abrelivros.org.br\/site\/?s={search_term_string}\",\"query-input\":\"required name=search_term_string\"}],\"inLanguage\":\"pt-BR\"},{\"@type\":\"WebPage\",\"@id\":\"https:\/\/abrelivros.org.br\/site\/familia-envolvida-na-educacao\/#webpage\",\"url\":\"https:\/\/abrelivros.org.br\/site\/familia-envolvida-na-educacao\/\",\"name\":\"Fam\\u00edlia envolvida na educa\\u00e7\\u00e3o &raquo; Abrelivros\",\"isPartOf\":{\"@id\":\"https:\/\/abrelivros.org.br\/site\/#website\"},\"datePublished\":\"2008-05-09T17:28:00+00:00\",\"dateModified\":\"2008-05-09T17:28:00+00:00\",\"author\":{\"@id\":\"https:\/\/abrelivros.org.br\/site\/#\/schema\/person\/2b867f13a717bb230f1a3555505f5593\"},\"breadcrumb\":{\"@id\":\"https:\/\/abrelivros.org.br\/site\/familia-envolvida-na-educacao\/#breadcrumb\"},\"inLanguage\":\"pt-BR\",\"potentialAction\":[{\"@type\":\"ReadAction\",\"target\":[\"https:\/\/abrelivros.org.br\/site\/familia-envolvida-na-educacao\/\"]}]},{\"@type\":\"BreadcrumbList\",\"@id\":\"https:\/\/abrelivros.org.br\/site\/familia-envolvida-na-educacao\/#breadcrumb\",\"itemListElement\":[{\"@type\":\"ListItem\",\"position\":1,\"item\":{\"@type\":\"WebPage\",\"@id\":\"https:\/\/abrelivros.org.br\/site\/\",\"url\":\"https:\/\/abrelivros.org.br\/site\/\",\"name\":\"In\\u00edcio\"}},{\"@type\":\"ListItem\",\"position\":2,\"item\":{\"@type\":\"WebPage\",\"@id\":\"https:\/\/abrelivros.org.br\/site\/category\/noticias\/\",\"url\":\"https:\/\/abrelivros.org.br\/site\/category\/noticias\/\",\"name\":\"Not\\u00edcias\"}},{\"@type\":\"ListItem\",\"position\":3,\"item\":{\"@type\":\"WebPage\",\"@id\":\"https:\/\/abrelivros.org.br\/site\/category\/noticias\/noticias-da-imprensa\/\",\"url\":\"https:\/\/abrelivros.org.br\/site\/category\/noticias\/noticias-da-imprensa\/\",\"name\":\"Not\\u00edcias da imprensa\"}},{\"@type\":\"ListItem\",\"position\":4,\"item\":{\"@type\":\"WebPage\",\"@id\":\"https:\/\/abrelivros.org.br\/site\/familia-envolvida-na-educacao\/\",\"url\":\"https:\/\/abrelivros.org.br\/site\/familia-envolvida-na-educacao\/\",\"name\":\"Fam\\u00edlia envolvida na educa\\u00e7\\u00e3o\"}}]},{\"@type\":\"Person\",\"@id\":\"https:\/\/abrelivros.org.br\/site\/#\/schema\/person\/2b867f13a717bb230f1a3555505f5593\",\"name\":\"\\u00a0\",\"image\":{\"@type\":\"ImageObject\",\"@id\":\"https:\/\/abrelivros.org.br\/site\/#personlogo\",\"inLanguage\":\"pt-BR\",\"url\":\"https:\/\/secure.gravatar.com\/avatar\/e80b7f5231be2fff5040a8023da424898002831c5439420df182ae62676d2a6f?s=96&d=mm&r=g\",\"caption\":\"\\u00a0\"}}]}<\/script>\n<!-- \/ Yoast SEO plugin. -->","_links":{"self":[{"href":"https:\/\/abrelivros.org.br\/site\/wp-json\/wp\/v2\/posts\/2200","targetHints":{"allow":["GET"]}}],"collection":[{"href":"https:\/\/abrelivros.org.br\/site\/wp-json\/wp\/v2\/posts"}],"about":[{"href":"https:\/\/abrelivros.org.br\/site\/wp-json\/wp\/v2\/types\/post"}],"author":[{"embeddable":true,"href":"https:\/\/abrelivros.org.br\/site\/wp-json\/wp\/v2\/users\/1"}],"replies":[{"embeddable":true,"href":"https:\/\/abrelivros.org.br\/site\/wp-json\/wp\/v2\/comments?post=2200"}],"version-history":[{"count":0,"href":"https:\/\/abrelivros.org.br\/site\/wp-json\/wp\/v2\/posts\/2200\/revisions"}],"wp:attachment":[{"href":"https:\/\/abrelivros.org.br\/site\/wp-json\/wp\/v2\/media?parent=2200"}],"wp:term":[{"taxonomy":"category","embeddable":true,"href":"https:\/\/abrelivros.org.br\/site\/wp-json\/wp\/v2\/categories?post=2200"},{"taxonomy":"post_tag","embeddable":true,"href":"https:\/\/abrelivros.org.br\/site\/wp-json\/wp\/v2\/tags?post=2200"}],"curies":[{"name":"wp","href":"https:\/\/api.w.org\/{rel}","templated":true}]}}