{"id":2197,"date":"2008-05-16T14:10:00","date_gmt":"2008-05-16T17:10:00","guid":{"rendered":"https:\/\/abrelivros.org.br\/site\/2008\/05\/16\/acordo-ortografico-manifesto-contra-supera-33-000-assinaturas\/"},"modified":"2008-05-16T14:10:00","modified_gmt":"2008-05-16T17:10:00","slug":"acordo-ortografico-manifesto-contra-supera-33-000-assinaturas","status":"publish","type":"post","link":"https:\/\/abrelivros.org.br\/site\/acordo-ortografico-manifesto-contra-supera-33-000-assinaturas\/","title":{"rendered":"Acordo Ortogr\u00e1fico: Manifesto contra supera 33.000 assinaturas"},"content":{"rendered":"<p>O Manifesto contra o Acordo Ortogr\u00e1fico, online desde o passado dia 02, j\u00e1 reuniu mais de 33.000 assinaturas, hoje entregues ao presidente da Assembleia da Rep\u00fablica, informou em comunicado o primeiro signat\u00e1rio do documento, Vasco Gra\u00e7a Moura. &nbsp;<br \/> &nbsp;<br \/> Esta nova dilig\u00eancia dos signat\u00e1rios do documento &#8211; Manifesto em defesa da L\u00edngua Portuguesa contra o Acordo Ortogr\u00e1fico, de seu nome completo &#8211; ocorreu na v\u00e9spera do debate sobre o Acordo, agendado para sexta-feira na Assembleia da Rep\u00fablica.&nbsp;<br \/> &nbsp;<br \/> Al\u00e9m das assinaturas, refere o comunicado, foram tamb\u00e9m \u00abentregues diversos pareceres e documentos que salientam e demonstram as fragilidades t\u00e9cnicas, cient\u00edficas e pol\u00edticas do Acordo\u00bb e uma lista de 154 personalidades \u00abrepresentativas dos meios acad\u00e9mico, cultural e art\u00edstico\u00bb que assinaram a peti\u00e7\u00e3o.&nbsp;<br \/> &nbsp;<br \/> Entre os signat\u00e1rios figuram \u00c1lvaro Siza Vieira, Ant\u00f3nio Lobo Antunes, Manuel Alegre, Jo\u00e3o Cutileiro, Miguel Sousa Tavares, Carlos Pinto Coelho, Joaquim Letria, Pedro Tamen, Gast\u00e3o Cruz, Lu\u00edsa Costa Gomes, Teolinda Gers\u00e3o e Jos\u00e9 Gil.&nbsp;<\/p>\n","protected":false},"excerpt":{"rendered":"<p>O Manifesto contra o Acordo Ortogr\u00e1fico, online desde o passado dia 02, j\u00e1 reuniu mais de 33.000 assinaturas, hoje entregues ao presidente da Assembleia da Rep\u00fablica, informou em comunicado o primeiro signat\u00e1rio do documento, Vasco Gra\u00e7a Moura. &nbsp; &nbsp; Esta nova dilig\u00eancia dos signat\u00e1rios do documento &#8211; Manifesto em defesa da L\u00edngua Portuguesa contra o [&hellip;]<\/p>\n","protected":false},"author":1,"featured_media":0,"comment_status":"closed","ping_status":"closed","sticky":false,"template":"","format":"standard","meta":{"footnotes":"","_links_to":"","_links_to_target":""},"categories":[9],"tags":[],"class_list":["post-2197","post","type-post","status-publish","format-standard","hentry","category-noticias-da-imprensa"],"yoast_head":"<!-- This site is optimized with the Yoast SEO plugin v15.1 - https:\/\/yoast.com\/wordpress\/plugins\/seo\/ -->\n<title>Acordo Ortogr\u00e1fico: Manifesto contra supera 33.000 assinaturas &raquo; Abrelivros<\/title>\n<meta name=\"robots\" content=\"index, follow, max-snippet:-1, max-image-preview:large, max-video-preview:-1\" \/>\n<link rel=\"canonical\" href=\"https:\/\/abrelivros.org.br\/site\/acordo-ortografico-manifesto-contra-supera-33-000-assinaturas\/\" \/>\n<meta property=\"og:locale\" content=\"pt_BR\" \/>\n<meta property=\"og:type\" content=\"article\" \/>\n<meta property=\"og:title\" content=\"Acordo Ortogr\u00e1fico: Manifesto contra supera 33.000 assinaturas &raquo; Abrelivros\" \/>\n<meta property=\"og:description\" content=\"O Manifesto contra o Acordo Ortogr\u00e1fico, online desde o passado dia 02, j\u00e1 reuniu mais de 33.000 assinaturas, hoje entregues ao presidente da Assembleia da Rep\u00fablica, informou em comunicado o primeiro signat\u00e1rio do documento, Vasco Gra\u00e7a Moura. &nbsp; &nbsp; Esta nova dilig\u00eancia dos signat\u00e1rios do documento &#8211; Manifesto em defesa da L\u00edngua Portuguesa contra o [&hellip;]\" \/>\n<meta property=\"og:url\" content=\"https:\/\/abrelivros.org.br\/site\/acordo-ortografico-manifesto-contra-supera-33-000-assinaturas\/\" \/>\n<meta property=\"og:site_name\" content=\"Abrelivros\" \/>\n<meta property=\"article:published_time\" content=\"2008-05-16T17:10:00+00:00\" \/>\n<meta name=\"twitter:card\" content=\"summary_large_image\" \/>\n<script type=\"application\/ld+json\" class=\"yoast-schema-graph\">{\"@context\":\"https:\/\/schema.org\",\"@graph\":[{\"@type\":\"WebSite\",\"@id\":\"https:\/\/abrelivros.org.br\/site\/#website\",\"url\":\"https:\/\/abrelivros.org.br\/site\/\",\"name\":\"Abrelivros\",\"description\":\"\",\"potentialAction\":[{\"@type\":\"SearchAction\",\"target\":\"https:\/\/abrelivros.org.br\/site\/?s={search_term_string}\",\"query-input\":\"required name=search_term_string\"}],\"inLanguage\":\"pt-BR\"},{\"@type\":\"WebPage\",\"@id\":\"https:\/\/abrelivros.org.br\/site\/acordo-ortografico-manifesto-contra-supera-33-000-assinaturas\/#webpage\",\"url\":\"https:\/\/abrelivros.org.br\/site\/acordo-ortografico-manifesto-contra-supera-33-000-assinaturas\/\",\"name\":\"Acordo Ortogr\\u00e1fico: Manifesto contra supera 33.000 assinaturas &raquo; Abrelivros\",\"isPartOf\":{\"@id\":\"https:\/\/abrelivros.org.br\/site\/#website\"},\"datePublished\":\"2008-05-16T17:10:00+00:00\",\"dateModified\":\"2008-05-16T17:10:00+00:00\",\"author\":{\"@id\":\"https:\/\/abrelivros.org.br\/site\/#\/schema\/person\/2b867f13a717bb230f1a3555505f5593\"},\"breadcrumb\":{\"@id\":\"https:\/\/abrelivros.org.br\/site\/acordo-ortografico-manifesto-contra-supera-33-000-assinaturas\/#breadcrumb\"},\"inLanguage\":\"pt-BR\",\"potentialAction\":[{\"@type\":\"ReadAction\",\"target\":[\"https:\/\/abrelivros.org.br\/site\/acordo-ortografico-manifesto-contra-supera-33-000-assinaturas\/\"]}]},{\"@type\":\"BreadcrumbList\",\"@id\":\"https:\/\/abrelivros.org.br\/site\/acordo-ortografico-manifesto-contra-supera-33-000-assinaturas\/#breadcrumb\",\"itemListElement\":[{\"@type\":\"ListItem\",\"position\":1,\"item\":{\"@type\":\"WebPage\",\"@id\":\"https:\/\/abrelivros.org.br\/site\/\",\"url\":\"https:\/\/abrelivros.org.br\/site\/\",\"name\":\"In\\u00edcio\"}},{\"@type\":\"ListItem\",\"position\":2,\"item\":{\"@type\":\"WebPage\",\"@id\":\"https:\/\/abrelivros.org.br\/site\/category\/noticias\/\",\"url\":\"https:\/\/abrelivros.org.br\/site\/category\/noticias\/\",\"name\":\"Not\\u00edcias\"}},{\"@type\":\"ListItem\",\"position\":3,\"item\":{\"@type\":\"WebPage\",\"@id\":\"https:\/\/abrelivros.org.br\/site\/category\/noticias\/noticias-da-imprensa\/\",\"url\":\"https:\/\/abrelivros.org.br\/site\/category\/noticias\/noticias-da-imprensa\/\",\"name\":\"Not\\u00edcias da imprensa\"}},{\"@type\":\"ListItem\",\"position\":4,\"item\":{\"@type\":\"WebPage\",\"@id\":\"https:\/\/abrelivros.org.br\/site\/acordo-ortografico-manifesto-contra-supera-33-000-assinaturas\/\",\"url\":\"https:\/\/abrelivros.org.br\/site\/acordo-ortografico-manifesto-contra-supera-33-000-assinaturas\/\",\"name\":\"Acordo Ortogr\\u00e1fico: Manifesto contra supera 33.000 assinaturas\"}}]},{\"@type\":\"Person\",\"@id\":\"https:\/\/abrelivros.org.br\/site\/#\/schema\/person\/2b867f13a717bb230f1a3555505f5593\",\"name\":\"\\u00a0\",\"image\":{\"@type\":\"ImageObject\",\"@id\":\"https:\/\/abrelivros.org.br\/site\/#personlogo\",\"inLanguage\":\"pt-BR\",\"url\":\"https:\/\/secure.gravatar.com\/avatar\/e80b7f5231be2fff5040a8023da424898002831c5439420df182ae62676d2a6f?s=96&d=mm&r=g\",\"caption\":\"\\u00a0\"}}]}<\/script>\n<!-- \/ Yoast SEO plugin. -->","_links":{"self":[{"href":"https:\/\/abrelivros.org.br\/site\/wp-json\/wp\/v2\/posts\/2197","targetHints":{"allow":["GET"]}}],"collection":[{"href":"https:\/\/abrelivros.org.br\/site\/wp-json\/wp\/v2\/posts"}],"about":[{"href":"https:\/\/abrelivros.org.br\/site\/wp-json\/wp\/v2\/types\/post"}],"author":[{"embeddable":true,"href":"https:\/\/abrelivros.org.br\/site\/wp-json\/wp\/v2\/users\/1"}],"replies":[{"embeddable":true,"href":"https:\/\/abrelivros.org.br\/site\/wp-json\/wp\/v2\/comments?post=2197"}],"version-history":[{"count":0,"href":"https:\/\/abrelivros.org.br\/site\/wp-json\/wp\/v2\/posts\/2197\/revisions"}],"wp:attachment":[{"href":"https:\/\/abrelivros.org.br\/site\/wp-json\/wp\/v2\/media?parent=2197"}],"wp:term":[{"taxonomy":"category","embeddable":true,"href":"https:\/\/abrelivros.org.br\/site\/wp-json\/wp\/v2\/categories?post=2197"},{"taxonomy":"post_tag","embeddable":true,"href":"https:\/\/abrelivros.org.br\/site\/wp-json\/wp\/v2\/tags?post=2197"}],"curies":[{"name":"wp","href":"https:\/\/api.w.org\/{rel}","templated":true}]}}