{"id":2196,"date":"2008-05-16T14:11:00","date_gmt":"2008-05-16T17:11:00","guid":{"rendered":"https:\/\/abrelivros.org.br\/site\/2008\/05\/16\/segundo-protocolo-modificativo-do-acordo-ortografico-aprovado-nesta-manha\/"},"modified":"2008-05-16T14:11:00","modified_gmt":"2008-05-16T17:11:00","slug":"segundo-protocolo-modificativo-do-acordo-ortografico-aprovado-nesta-manha","status":"publish","type":"post","link":"https:\/\/abrelivros.org.br\/site\/segundo-protocolo-modificativo-do-acordo-ortografico-aprovado-nesta-manha\/","title":{"rendered":"Segundo Protocolo Modificativo do Acordo Ortogr\u00e1fico Aprovado nesta manh\u00e3"},"content":{"rendered":"<p>Proposta do Governo foi aprovada com os votos favor\u00e1veis do PS, PSD e BE. 2014 \u00e9 a data de entrada em vigor do acordo.&nbsp;<br \/> &nbsp;<br \/> Foi debatida e votada na Assembleia da Rep\u00fablica (AR), esta sexta-feira de manh\u00e3, em reuni\u00e3o plen\u00e1ria, a ratifica\u00e7\u00e3o do Segundo Protocolo Modificativo do Acordo Ortogr\u00e1fico da L\u00edngua Portuguesa.&nbsp;<br \/> &nbsp;<br \/> Em debate na AR esteve o conte\u00fado do Segundo Protocolo Modificativo do Acordo, redigido e assinado em S. Tom\u00e9 e Pr\u00edncipe, em 2004. O protocolo apenas estipula a ades\u00e3o de Timor-Leste ao Acordo Ortogr\u00e1fico e a entrada em vigor do documento mediante a ratifica\u00e7\u00e3o de somente tr\u00eas estados.&nbsp;<br \/>  &nbsp;<br \/> Deste modo, como salientou o ministro da Cultura, Jos\u00e9 Ant\u00f3nio Pinto Ribeiro, \u201c\u00e9 solicitado \u00e0 AR a aprova\u00e7\u00e3o que determina a entrada em vigor j\u00e1, salvaguardando o previsto per\u00edodo de adapta\u00e7\u00e3o de seis anos, ou apenas &nbsp;<br \/> esperar mais\u201c, uma vez que o acordo j\u00e1 vigora dado que Brasil, Cabo Verde e S. Tom\u00e9 e Pr\u00edncipe j\u00e1 ratificaram este Segundo Protocolo.&nbsp;<br \/> &nbsp;<br \/> Durante a sess\u00e3o na AR, a proposta do Governo foi aprovada com os votos a favor do Partido Socialista, Partido Social-Democrata, Bloco de Esquerda e de sete deputados do CDS-PP. O Partido Comunista, os Verdes e tr\u00eas deputados do CDS-PP abstiveram-se da vota\u00e7\u00e3o enquanto outros dois deputados do CDS-PP e um do PS votaram contra.&nbsp;<br \/> &nbsp;<br \/> Falta de unifica\u00e7\u00e3o ser\u00e1 \u201cuma machadada na l\u00edngua\u201c portuguesa&nbsp;<br \/> &nbsp;<br \/> Para introduzir o debate, antes da fase de escrut\u00ednio, Pinto Ribeiro salientou que o Acordo Ortogr\u00e1fico resulta de um \u201cesfor\u00e7o de unifica\u00e7\u00e3o reformadora da l\u00edngua portuguesa que visa regulamentar o uso desta na cena internacional\u201c. \u201cSe n\u00e3o a unific\u00e1ssemos, est\u00e1vamos a dar uma machadada na l\u00edngua, mas tamb\u00e9m na sua universaliza\u00e7\u00e3o\u201c, disse, apelando \u00e0 aprova\u00e7\u00e3o do Segundo Protocolo Modificativo.&nbsp;<br \/> &nbsp;<br \/> \u201cSomos os pais da l\u00edngua mas n\u00e3o somos os seus donos\u201c, afirmou o deputado democrata-crist\u00e3o Nuno Melo, numa ideia transversal a toda a discuss\u00e3o parlamentar, tal como a preocupa\u00e7\u00e3o manifestada de constituir uma comiss\u00e3o para garantir a n\u00e3o delapida\u00e7\u00e3o da l\u00edngua e evitar efeitos negativos no sector editorial e educativo.&nbsp;<br \/> &nbsp;<br \/> Portugal tem agora seis anos para se adaptar e adoptar a nova grafia proposta pelo Acordo Ortogr\u00e1fico da L\u00edngua Portuguesa.&nbsp;<br \/> &nbsp;<\/p>\n","protected":false},"excerpt":{"rendered":"<p>Proposta do Governo foi aprovada com os votos favor\u00e1veis do PS, PSD e BE. 2014 \u00e9 a data de entrada em vigor do acordo.&nbsp; &nbsp; Foi debatida e votada na Assembleia da Rep\u00fablica (AR), esta sexta-feira de manh\u00e3, em reuni\u00e3o plen\u00e1ria, a ratifica\u00e7\u00e3o do Segundo Protocolo Modificativo do Acordo Ortogr\u00e1fico da L\u00edngua Portuguesa.&nbsp; &nbsp; Em [&hellip;]<\/p>\n","protected":false},"author":1,"featured_media":0,"comment_status":"closed","ping_status":"closed","sticky":false,"template":"","format":"standard","meta":{"footnotes":"","_links_to":"","_links_to_target":""},"categories":[9],"tags":[],"class_list":["post-2196","post","type-post","status-publish","format-standard","hentry","category-noticias-da-imprensa"],"yoast_head":"<!-- This site is optimized with the Yoast SEO plugin v15.1 - https:\/\/yoast.com\/wordpress\/plugins\/seo\/ -->\n<title>Segundo Protocolo Modificativo do Acordo Ortogr\u00e1fico Aprovado nesta manh\u00e3 &raquo; Abrelivros<\/title>\n<meta name=\"robots\" content=\"index, follow, max-snippet:-1, max-image-preview:large, max-video-preview:-1\" \/>\n<link rel=\"canonical\" href=\"https:\/\/abrelivros.org.br\/site\/segundo-protocolo-modificativo-do-acordo-ortografico-aprovado-nesta-manha\/\" \/>\n<meta property=\"og:locale\" content=\"pt_BR\" \/>\n<meta property=\"og:type\" content=\"article\" \/>\n<meta property=\"og:title\" content=\"Segundo Protocolo Modificativo do Acordo Ortogr\u00e1fico Aprovado nesta manh\u00e3 &raquo; Abrelivros\" \/>\n<meta property=\"og:description\" content=\"Proposta do Governo foi aprovada com os votos favor\u00e1veis do PS, PSD e BE. 2014 \u00e9 a data de entrada em vigor do acordo.&nbsp; &nbsp; Foi debatida e votada na Assembleia da Rep\u00fablica (AR), esta sexta-feira de manh\u00e3, em reuni\u00e3o plen\u00e1ria, a ratifica\u00e7\u00e3o do Segundo Protocolo Modificativo do Acordo Ortogr\u00e1fico da L\u00edngua Portuguesa.&nbsp; &nbsp; Em [&hellip;]\" \/>\n<meta property=\"og:url\" content=\"https:\/\/abrelivros.org.br\/site\/segundo-protocolo-modificativo-do-acordo-ortografico-aprovado-nesta-manha\/\" \/>\n<meta property=\"og:site_name\" content=\"Abrelivros\" \/>\n<meta property=\"article:published_time\" content=\"2008-05-16T17:11:00+00:00\" \/>\n<meta name=\"twitter:card\" content=\"summary_large_image\" \/>\n<script type=\"application\/ld+json\" class=\"yoast-schema-graph\">{\"@context\":\"https:\/\/schema.org\",\"@graph\":[{\"@type\":\"WebSite\",\"@id\":\"https:\/\/abrelivros.org.br\/site\/#website\",\"url\":\"https:\/\/abrelivros.org.br\/site\/\",\"name\":\"Abrelivros\",\"description\":\"\",\"potentialAction\":[{\"@type\":\"SearchAction\",\"target\":\"https:\/\/abrelivros.org.br\/site\/?s={search_term_string}\",\"query-input\":\"required name=search_term_string\"}],\"inLanguage\":\"pt-BR\"},{\"@type\":\"WebPage\",\"@id\":\"https:\/\/abrelivros.org.br\/site\/segundo-protocolo-modificativo-do-acordo-ortografico-aprovado-nesta-manha\/#webpage\",\"url\":\"https:\/\/abrelivros.org.br\/site\/segundo-protocolo-modificativo-do-acordo-ortografico-aprovado-nesta-manha\/\",\"name\":\"Segundo Protocolo Modificativo do Acordo Ortogr\\u00e1fico Aprovado nesta manh\\u00e3 &raquo; Abrelivros\",\"isPartOf\":{\"@id\":\"https:\/\/abrelivros.org.br\/site\/#website\"},\"datePublished\":\"2008-05-16T17:11:00+00:00\",\"dateModified\":\"2008-05-16T17:11:00+00:00\",\"author\":{\"@id\":\"https:\/\/abrelivros.org.br\/site\/#\/schema\/person\/2b867f13a717bb230f1a3555505f5593\"},\"breadcrumb\":{\"@id\":\"https:\/\/abrelivros.org.br\/site\/segundo-protocolo-modificativo-do-acordo-ortografico-aprovado-nesta-manha\/#breadcrumb\"},\"inLanguage\":\"pt-BR\",\"potentialAction\":[{\"@type\":\"ReadAction\",\"target\":[\"https:\/\/abrelivros.org.br\/site\/segundo-protocolo-modificativo-do-acordo-ortografico-aprovado-nesta-manha\/\"]}]},{\"@type\":\"BreadcrumbList\",\"@id\":\"https:\/\/abrelivros.org.br\/site\/segundo-protocolo-modificativo-do-acordo-ortografico-aprovado-nesta-manha\/#breadcrumb\",\"itemListElement\":[{\"@type\":\"ListItem\",\"position\":1,\"item\":{\"@type\":\"WebPage\",\"@id\":\"https:\/\/abrelivros.org.br\/site\/\",\"url\":\"https:\/\/abrelivros.org.br\/site\/\",\"name\":\"In\\u00edcio\"}},{\"@type\":\"ListItem\",\"position\":2,\"item\":{\"@type\":\"WebPage\",\"@id\":\"https:\/\/abrelivros.org.br\/site\/category\/noticias\/\",\"url\":\"https:\/\/abrelivros.org.br\/site\/category\/noticias\/\",\"name\":\"Not\\u00edcias\"}},{\"@type\":\"ListItem\",\"position\":3,\"item\":{\"@type\":\"WebPage\",\"@id\":\"https:\/\/abrelivros.org.br\/site\/category\/noticias\/noticias-da-imprensa\/\",\"url\":\"https:\/\/abrelivros.org.br\/site\/category\/noticias\/noticias-da-imprensa\/\",\"name\":\"Not\\u00edcias da imprensa\"}},{\"@type\":\"ListItem\",\"position\":4,\"item\":{\"@type\":\"WebPage\",\"@id\":\"https:\/\/abrelivros.org.br\/site\/segundo-protocolo-modificativo-do-acordo-ortografico-aprovado-nesta-manha\/\",\"url\":\"https:\/\/abrelivros.org.br\/site\/segundo-protocolo-modificativo-do-acordo-ortografico-aprovado-nesta-manha\/\",\"name\":\"Segundo Protocolo Modificativo do Acordo Ortogr\\u00e1fico Aprovado nesta manh\\u00e3\"}}]},{\"@type\":\"Person\",\"@id\":\"https:\/\/abrelivros.org.br\/site\/#\/schema\/person\/2b867f13a717bb230f1a3555505f5593\",\"name\":\"\\u00a0\",\"image\":{\"@type\":\"ImageObject\",\"@id\":\"https:\/\/abrelivros.org.br\/site\/#personlogo\",\"inLanguage\":\"pt-BR\",\"url\":\"https:\/\/secure.gravatar.com\/avatar\/e80b7f5231be2fff5040a8023da424898002831c5439420df182ae62676d2a6f?s=96&d=mm&r=g\",\"caption\":\"\\u00a0\"}}]}<\/script>\n<!-- \/ Yoast SEO plugin. -->","_links":{"self":[{"href":"https:\/\/abrelivros.org.br\/site\/wp-json\/wp\/v2\/posts\/2196","targetHints":{"allow":["GET"]}}],"collection":[{"href":"https:\/\/abrelivros.org.br\/site\/wp-json\/wp\/v2\/posts"}],"about":[{"href":"https:\/\/abrelivros.org.br\/site\/wp-json\/wp\/v2\/types\/post"}],"author":[{"embeddable":true,"href":"https:\/\/abrelivros.org.br\/site\/wp-json\/wp\/v2\/users\/1"}],"replies":[{"embeddable":true,"href":"https:\/\/abrelivros.org.br\/site\/wp-json\/wp\/v2\/comments?post=2196"}],"version-history":[{"count":0,"href":"https:\/\/abrelivros.org.br\/site\/wp-json\/wp\/v2\/posts\/2196\/revisions"}],"wp:attachment":[{"href":"https:\/\/abrelivros.org.br\/site\/wp-json\/wp\/v2\/media?parent=2196"}],"wp:term":[{"taxonomy":"category","embeddable":true,"href":"https:\/\/abrelivros.org.br\/site\/wp-json\/wp\/v2\/categories?post=2196"},{"taxonomy":"post_tag","embeddable":true,"href":"https:\/\/abrelivros.org.br\/site\/wp-json\/wp\/v2\/tags?post=2196"}],"curies":[{"name":"wp","href":"https:\/\/api.w.org\/{rel}","templated":true}]}}