{"id":2195,"date":"2008-05-16T15:06:00","date_gmt":"2008-05-16T18:06:00","guid":{"rendered":"https:\/\/abrelivros.org.br\/site\/2008\/05\/16\/abertas-as-inscricoes-para-o-seminario-retratos-da-leitura\/"},"modified":"2008-05-16T15:06:00","modified_gmt":"2008-05-16T18:06:00","slug":"abertas-as-inscricoes-para-o-seminario-retratos-da-leitura","status":"publish","type":"post","link":"https:\/\/abrelivros.org.br\/site\/abertas-as-inscricoes-para-o-seminario-retratos-da-leitura\/","title":{"rendered":"Abertas as inscri\u00e7\u00f5es para o semin\u00e1rio Retratos da Leitura"},"content":{"rendered":"<p>O Instituto Pr\u00f3-Livro acaba de abrir as inscri\u00e7\u00f5es para o semin\u00e1rio nacional de apresenta\u00e7\u00e3o dos resultados da pesquisa Retratos da Leitura no Brasil, maior estudo feito at\u00e9 hoje no pa\u00eds sobre o comportamento leitor da popula\u00e7\u00e3o. Entre os conferencistas, alguns dos mais destacados especialistas dentro e fora do pa\u00eds.\u00a0<br \/> \u00a0<br \/> O encontro ser\u00e1 no dia 28\/5, em Bras\u00edlia, e o n\u00famero de vagas \u00e9 bem limitado. Para garantir a sua, <a href=\"http:\/\/www.prolivro.org.br\/ipl\/publier4.0\/\" target=\"_blank\" rel=\"noopener noreferrer\">clique aqui<\/a>. \u00a0<\/p>\n<p><\/p>\n","protected":false},"excerpt":{"rendered":"<p>O Instituto Pr\u00f3-Livro acaba de abrir as inscri\u00e7\u00f5es para o semin\u00e1rio nacional de apresenta\u00e7\u00e3o dos resultados da pesquisa Retratos da Leitura no Brasil, maior estudo feito at\u00e9 hoje no pa\u00eds sobre o comportamento leitor da popula\u00e7\u00e3o. Entre os conferencistas, alguns dos mais destacados especialistas dentro e fora do pa\u00eds.\u00a0 \u00a0 O encontro ser\u00e1 no dia [&hellip;]<\/p>\n","protected":false},"author":1,"featured_media":0,"comment_status":"closed","ping_status":"closed","sticky":false,"template":"","format":"standard","meta":{"footnotes":"","_links_to":"","_links_to_target":""},"categories":[9],"tags":[],"class_list":["post-2195","post","type-post","status-publish","format-standard","hentry","category-noticias-da-imprensa"],"yoast_head":"<!-- This site is optimized with the Yoast SEO plugin v15.1 - https:\/\/yoast.com\/wordpress\/plugins\/seo\/ -->\n<title>Abertas as inscri\u00e7\u00f5es para o semin\u00e1rio Retratos da Leitura &raquo; Abrelivros<\/title>\n<meta name=\"robots\" content=\"index, follow, max-snippet:-1, max-image-preview:large, max-video-preview:-1\" \/>\n<link rel=\"canonical\" href=\"https:\/\/abrelivros.org.br\/site\/abertas-as-inscricoes-para-o-seminario-retratos-da-leitura\/\" \/>\n<meta property=\"og:locale\" content=\"pt_BR\" \/>\n<meta property=\"og:type\" content=\"article\" \/>\n<meta property=\"og:title\" content=\"Abertas as inscri\u00e7\u00f5es para o semin\u00e1rio Retratos da Leitura &raquo; Abrelivros\" \/>\n<meta property=\"og:description\" content=\"O Instituto Pr\u00f3-Livro acaba de abrir as inscri\u00e7\u00f5es para o semin\u00e1rio nacional de apresenta\u00e7\u00e3o dos resultados da pesquisa Retratos da Leitura no Brasil, maior estudo feito at\u00e9 hoje no pa\u00eds sobre o comportamento leitor da popula\u00e7\u00e3o. Entre os conferencistas, alguns dos mais destacados especialistas dentro e fora do pa\u00eds.\u00a0 \u00a0 O encontro ser\u00e1 no dia [&hellip;]\" \/>\n<meta property=\"og:url\" content=\"https:\/\/abrelivros.org.br\/site\/abertas-as-inscricoes-para-o-seminario-retratos-da-leitura\/\" \/>\n<meta property=\"og:site_name\" content=\"Abrelivros\" \/>\n<meta property=\"article:published_time\" content=\"2008-05-16T18:06:00+00:00\" \/>\n<meta name=\"twitter:card\" content=\"summary_large_image\" \/>\n<script type=\"application\/ld+json\" class=\"yoast-schema-graph\">{\"@context\":\"https:\/\/schema.org\",\"@graph\":[{\"@type\":\"WebSite\",\"@id\":\"https:\/\/abrelivros.org.br\/site\/#website\",\"url\":\"https:\/\/abrelivros.org.br\/site\/\",\"name\":\"Abrelivros\",\"description\":\"\",\"potentialAction\":[{\"@type\":\"SearchAction\",\"target\":\"https:\/\/abrelivros.org.br\/site\/?s={search_term_string}\",\"query-input\":\"required name=search_term_string\"}],\"inLanguage\":\"pt-BR\"},{\"@type\":\"WebPage\",\"@id\":\"https:\/\/abrelivros.org.br\/site\/abertas-as-inscricoes-para-o-seminario-retratos-da-leitura\/#webpage\",\"url\":\"https:\/\/abrelivros.org.br\/site\/abertas-as-inscricoes-para-o-seminario-retratos-da-leitura\/\",\"name\":\"Abertas as inscri\\u00e7\\u00f5es para o semin\\u00e1rio Retratos da Leitura &raquo; Abrelivros\",\"isPartOf\":{\"@id\":\"https:\/\/abrelivros.org.br\/site\/#website\"},\"datePublished\":\"2008-05-16T18:06:00+00:00\",\"dateModified\":\"2008-05-16T18:06:00+00:00\",\"author\":{\"@id\":\"https:\/\/abrelivros.org.br\/site\/#\/schema\/person\/2b867f13a717bb230f1a3555505f5593\"},\"breadcrumb\":{\"@id\":\"https:\/\/abrelivros.org.br\/site\/abertas-as-inscricoes-para-o-seminario-retratos-da-leitura\/#breadcrumb\"},\"inLanguage\":\"pt-BR\",\"potentialAction\":[{\"@type\":\"ReadAction\",\"target\":[\"https:\/\/abrelivros.org.br\/site\/abertas-as-inscricoes-para-o-seminario-retratos-da-leitura\/\"]}]},{\"@type\":\"BreadcrumbList\",\"@id\":\"https:\/\/abrelivros.org.br\/site\/abertas-as-inscricoes-para-o-seminario-retratos-da-leitura\/#breadcrumb\",\"itemListElement\":[{\"@type\":\"ListItem\",\"position\":1,\"item\":{\"@type\":\"WebPage\",\"@id\":\"https:\/\/abrelivros.org.br\/site\/\",\"url\":\"https:\/\/abrelivros.org.br\/site\/\",\"name\":\"In\\u00edcio\"}},{\"@type\":\"ListItem\",\"position\":2,\"item\":{\"@type\":\"WebPage\",\"@id\":\"https:\/\/abrelivros.org.br\/site\/category\/noticias\/\",\"url\":\"https:\/\/abrelivros.org.br\/site\/category\/noticias\/\",\"name\":\"Not\\u00edcias\"}},{\"@type\":\"ListItem\",\"position\":3,\"item\":{\"@type\":\"WebPage\",\"@id\":\"https:\/\/abrelivros.org.br\/site\/category\/noticias\/noticias-da-imprensa\/\",\"url\":\"https:\/\/abrelivros.org.br\/site\/category\/noticias\/noticias-da-imprensa\/\",\"name\":\"Not\\u00edcias da imprensa\"}},{\"@type\":\"ListItem\",\"position\":4,\"item\":{\"@type\":\"WebPage\",\"@id\":\"https:\/\/abrelivros.org.br\/site\/abertas-as-inscricoes-para-o-seminario-retratos-da-leitura\/\",\"url\":\"https:\/\/abrelivros.org.br\/site\/abertas-as-inscricoes-para-o-seminario-retratos-da-leitura\/\",\"name\":\"Abertas as inscri\\u00e7\\u00f5es para o semin\\u00e1rio Retratos da Leitura\"}}]},{\"@type\":\"Person\",\"@id\":\"https:\/\/abrelivros.org.br\/site\/#\/schema\/person\/2b867f13a717bb230f1a3555505f5593\",\"name\":\"\\u00a0\",\"image\":{\"@type\":\"ImageObject\",\"@id\":\"https:\/\/abrelivros.org.br\/site\/#personlogo\",\"inLanguage\":\"pt-BR\",\"url\":\"https:\/\/secure.gravatar.com\/avatar\/e80b7f5231be2fff5040a8023da424898002831c5439420df182ae62676d2a6f?s=96&d=mm&r=g\",\"caption\":\"\\u00a0\"}}]}<\/script>\n<!-- \/ Yoast SEO plugin. -->","_links":{"self":[{"href":"https:\/\/abrelivros.org.br\/site\/wp-json\/wp\/v2\/posts\/2195","targetHints":{"allow":["GET"]}}],"collection":[{"href":"https:\/\/abrelivros.org.br\/site\/wp-json\/wp\/v2\/posts"}],"about":[{"href":"https:\/\/abrelivros.org.br\/site\/wp-json\/wp\/v2\/types\/post"}],"author":[{"embeddable":true,"href":"https:\/\/abrelivros.org.br\/site\/wp-json\/wp\/v2\/users\/1"}],"replies":[{"embeddable":true,"href":"https:\/\/abrelivros.org.br\/site\/wp-json\/wp\/v2\/comments?post=2195"}],"version-history":[{"count":0,"href":"https:\/\/abrelivros.org.br\/site\/wp-json\/wp\/v2\/posts\/2195\/revisions"}],"wp:attachment":[{"href":"https:\/\/abrelivros.org.br\/site\/wp-json\/wp\/v2\/media?parent=2195"}],"wp:term":[{"taxonomy":"category","embeddable":true,"href":"https:\/\/abrelivros.org.br\/site\/wp-json\/wp\/v2\/categories?post=2195"},{"taxonomy":"post_tag","embeddable":true,"href":"https:\/\/abrelivros.org.br\/site\/wp-json\/wp\/v2\/tags?post=2195"}],"curies":[{"name":"wp","href":"https:\/\/api.w.org\/{rel}","templated":true}]}}