{"id":2194,"date":"2008-05-19T14:55:00","date_gmt":"2008-05-19T17:55:00","guid":{"rendered":"https:\/\/abrelivros.org.br\/site\/2008\/05\/19\/mec-treinara-professor-para-a-reforma-ortografica\/"},"modified":"2008-05-19T14:55:00","modified_gmt":"2008-05-19T17:55:00","slug":"mec-treinara-professor-para-a-reforma-ortografica","status":"publish","type":"post","link":"https:\/\/abrelivros.org.br\/site\/mec-treinara-professor-para-a-reforma-ortografica\/","title":{"rendered":"MEC treinar\u00e1 professor para a reforma ortogr\u00e1fica"},"content":{"rendered":"<p>Ap\u00f3s ser informado de que o parlamento portugu\u00eas havia aprovado o acordo ortogr\u00e1fico, o ministro Fernando Haddad (Educa\u00e7\u00e3o) deu ordem para a Secretaria de Educa\u00e7\u00e3o B\u00e1sica, do pr\u00f3prio do minist\u00e9rio, estabelecer um cronograma para o treinamento dos professores da educa\u00e7\u00e3o b\u00e1sica. O MEC estuda a elabora\u00e7\u00e3o de uma cartilha com o novo vocabul\u00e1rio.\u00a0<br \/> \u00a0<br \/> Na opini\u00e3o do presidente da ABL (Academia Brasileira de Letras), C\u00edcero Sandroni, o acordo \u00e9 bom para os dois pa\u00edses. \u201cS\u00e3o 10 milh\u00f5es de pessoas em Portugal e mais de 180 milh\u00f5es no Brasil, e os livros portugueses n\u00e3o s\u00e3o bem-vindos no Brasil. Para eles, \u00e9 um mercado enorme, e para n\u00f3s tamb\u00e9m ser\u00e1 \u00f3timo\u201c, afirmou.\u00a0<br \/> \u00a0<br \/> Para o ex-presidente da ABL, Marcos Vila\u00e7a, \u201ca simplifica\u00e7\u00e3o do emprego do idioma vai possibilitar o incremento das rela\u00e7\u00f5es culturais\u201c.\u00a0<br \/> \u00a0<br \/> Professores ligados ao ensino fundamental e m\u00e9dio consultados pela Folha disseram acreditar que n\u00e3o haver\u00e1 grandes dificuldades de adapta\u00e7\u00e3o \u00e0 reforma ortogr\u00e1fica, j\u00e1 que ela n\u00e3o altera de forma profunda o portugu\u00eas utilizado no Brasil.\u00a0<br \/> \u00a0<br \/> \u201cAs mudan\u00e7as n\u00e3o ser\u00e3o grandes e algumas j\u00e1 deveriam ter ocorrido anteriormente. O trema, por exemplo, praticamente nem se usa. Al\u00e9m disso, os meios de comunica\u00e7\u00e3o est\u00e3o divulgando bem e os professores acompanham\u201c, disse Carlos Ramiro, presidente do Apeoesp (Sindicato dos Professores do Ensino Oficial do Estado de S\u00e3o Paulo).\u00a0<br \/> \u00a0<br \/> Jos\u00e9 Eduardo Botelho de Sena, professor da escola Internacional de Alphaville, em Barueri (Grande SP), tamb\u00e9m acredita que as mudan\u00e7as ser\u00e3o recebidas com facilidade.\u00a0<br \/> \u00a0<br \/> \u201cN\u00e3o \u00e9 um acordo que vai mudar a l\u00edngua portuguesa, apenas a representa\u00e7\u00e3o gr\u00e1fica\u201c, afirmou. \u201cTenho uma preocupa\u00e7\u00e3o do efeito que pode ter com vestibulandos, porque pode surgir um temor em torno da adapta\u00e7\u00e3o. Mas um aluno do primeiro ano do ensino m\u00e9dio que aprenda agora, ao final dos tr\u00eas anos, vai estar absolutamente tranq\u00fcilo.\u201c\u00a0<br \/> \u00a0<br \/> O professor afirmou que um prazo adequado para a adapta\u00e7\u00e3o das escolas \u00e9 de at\u00e9 tr\u00eas anos. O per\u00edodo \u00e9 o mesmo considerado por Maria Paula Parisi Lauria, assessora de l\u00edngua portuguesa da escola Nossa Senhora das Gra\u00e7as (Gracinha), de S\u00e3o Paulo.\u00a0<br \/> \u00a0<br \/> A escola, segundo Lauria, ainda n\u00e3o definiu quando vai come\u00e7ar a aplicar as altera\u00e7\u00f5es nem como ela ser\u00e1 feita. A proposta \u00e9 reunir todos os professores especialistas na \u00e1rea e os do ensino fundamental que trabalham com portugu\u00eas para debater as mudan\u00e7as.\u00a0<br \/> \u00a0<br \/> \u201cAcho que vamos conviver por um tempo com a antiga grafia e as novas regras. Acredito que vamos para a mudan\u00e7a efetiva a partir do momento em que os impressos [como livros e jornais] forem aparecendo com os novos acentos.\u201c\u00a0<br \/> \u00a0<\/p>\n","protected":false},"excerpt":{"rendered":"<p>Ap\u00f3s ser informado de que o parlamento portugu\u00eas havia aprovado o acordo ortogr\u00e1fico, o ministro Fernando Haddad (Educa\u00e7\u00e3o) deu ordem para a Secretaria de Educa\u00e7\u00e3o B\u00e1sica, do pr\u00f3prio do minist\u00e9rio, estabelecer um cronograma para o treinamento dos professores da educa\u00e7\u00e3o b\u00e1sica. O MEC estuda a elabora\u00e7\u00e3o de uma cartilha com o novo vocabul\u00e1rio.\u00a0 \u00a0 Na [&hellip;]<\/p>\n","protected":false},"author":1,"featured_media":0,"comment_status":"closed","ping_status":"closed","sticky":false,"template":"","format":"standard","meta":{"footnotes":"","_links_to":"","_links_to_target":""},"categories":[9],"tags":[],"class_list":["post-2194","post","type-post","status-publish","format-standard","hentry","category-noticias-da-imprensa"],"yoast_head":"<!-- This site is optimized with the Yoast SEO plugin v15.1 - https:\/\/yoast.com\/wordpress\/plugins\/seo\/ -->\n<title>MEC treinar\u00e1 professor para a reforma ortogr\u00e1fica &raquo; Abrelivros<\/title>\n<meta name=\"robots\" content=\"index, follow, max-snippet:-1, max-image-preview:large, max-video-preview:-1\" \/>\n<link rel=\"canonical\" href=\"https:\/\/abrelivros.org.br\/site\/mec-treinara-professor-para-a-reforma-ortografica\/\" \/>\n<meta property=\"og:locale\" content=\"pt_BR\" \/>\n<meta property=\"og:type\" content=\"article\" \/>\n<meta property=\"og:title\" content=\"MEC treinar\u00e1 professor para a reforma ortogr\u00e1fica &raquo; Abrelivros\" \/>\n<meta property=\"og:description\" content=\"Ap\u00f3s ser informado de que o parlamento portugu\u00eas havia aprovado o acordo ortogr\u00e1fico, o ministro Fernando Haddad (Educa\u00e7\u00e3o) deu ordem para a Secretaria de Educa\u00e7\u00e3o B\u00e1sica, do pr\u00f3prio do minist\u00e9rio, estabelecer um cronograma para o treinamento dos professores da educa\u00e7\u00e3o b\u00e1sica. O MEC estuda a elabora\u00e7\u00e3o de uma cartilha com o novo vocabul\u00e1rio.\u00a0 \u00a0 Na [&hellip;]\" \/>\n<meta property=\"og:url\" content=\"https:\/\/abrelivros.org.br\/site\/mec-treinara-professor-para-a-reforma-ortografica\/\" \/>\n<meta property=\"og:site_name\" content=\"Abrelivros\" \/>\n<meta property=\"article:published_time\" content=\"2008-05-19T17:55:00+00:00\" \/>\n<meta name=\"twitter:card\" content=\"summary_large_image\" \/>\n<script type=\"application\/ld+json\" class=\"yoast-schema-graph\">{\"@context\":\"https:\/\/schema.org\",\"@graph\":[{\"@type\":\"WebSite\",\"@id\":\"https:\/\/abrelivros.org.br\/site\/#website\",\"url\":\"https:\/\/abrelivros.org.br\/site\/\",\"name\":\"Abrelivros\",\"description\":\"\",\"potentialAction\":[{\"@type\":\"SearchAction\",\"target\":\"https:\/\/abrelivros.org.br\/site\/?s={search_term_string}\",\"query-input\":\"required name=search_term_string\"}],\"inLanguage\":\"pt-BR\"},{\"@type\":\"WebPage\",\"@id\":\"https:\/\/abrelivros.org.br\/site\/mec-treinara-professor-para-a-reforma-ortografica\/#webpage\",\"url\":\"https:\/\/abrelivros.org.br\/site\/mec-treinara-professor-para-a-reforma-ortografica\/\",\"name\":\"MEC treinar\\u00e1 professor para a reforma ortogr\\u00e1fica &raquo; Abrelivros\",\"isPartOf\":{\"@id\":\"https:\/\/abrelivros.org.br\/site\/#website\"},\"datePublished\":\"2008-05-19T17:55:00+00:00\",\"dateModified\":\"2008-05-19T17:55:00+00:00\",\"author\":{\"@id\":\"https:\/\/abrelivros.org.br\/site\/#\/schema\/person\/2b867f13a717bb230f1a3555505f5593\"},\"breadcrumb\":{\"@id\":\"https:\/\/abrelivros.org.br\/site\/mec-treinara-professor-para-a-reforma-ortografica\/#breadcrumb\"},\"inLanguage\":\"pt-BR\",\"potentialAction\":[{\"@type\":\"ReadAction\",\"target\":[\"https:\/\/abrelivros.org.br\/site\/mec-treinara-professor-para-a-reforma-ortografica\/\"]}]},{\"@type\":\"BreadcrumbList\",\"@id\":\"https:\/\/abrelivros.org.br\/site\/mec-treinara-professor-para-a-reforma-ortografica\/#breadcrumb\",\"itemListElement\":[{\"@type\":\"ListItem\",\"position\":1,\"item\":{\"@type\":\"WebPage\",\"@id\":\"https:\/\/abrelivros.org.br\/site\/\",\"url\":\"https:\/\/abrelivros.org.br\/site\/\",\"name\":\"In\\u00edcio\"}},{\"@type\":\"ListItem\",\"position\":2,\"item\":{\"@type\":\"WebPage\",\"@id\":\"https:\/\/abrelivros.org.br\/site\/category\/noticias\/\",\"url\":\"https:\/\/abrelivros.org.br\/site\/category\/noticias\/\",\"name\":\"Not\\u00edcias\"}},{\"@type\":\"ListItem\",\"position\":3,\"item\":{\"@type\":\"WebPage\",\"@id\":\"https:\/\/abrelivros.org.br\/site\/category\/noticias\/noticias-da-imprensa\/\",\"url\":\"https:\/\/abrelivros.org.br\/site\/category\/noticias\/noticias-da-imprensa\/\",\"name\":\"Not\\u00edcias da imprensa\"}},{\"@type\":\"ListItem\",\"position\":4,\"item\":{\"@type\":\"WebPage\",\"@id\":\"https:\/\/abrelivros.org.br\/site\/mec-treinara-professor-para-a-reforma-ortografica\/\",\"url\":\"https:\/\/abrelivros.org.br\/site\/mec-treinara-professor-para-a-reforma-ortografica\/\",\"name\":\"MEC treinar\\u00e1 professor para a reforma ortogr\\u00e1fica\"}}]},{\"@type\":\"Person\",\"@id\":\"https:\/\/abrelivros.org.br\/site\/#\/schema\/person\/2b867f13a717bb230f1a3555505f5593\",\"name\":\"\\u00a0\",\"image\":{\"@type\":\"ImageObject\",\"@id\":\"https:\/\/abrelivros.org.br\/site\/#personlogo\",\"inLanguage\":\"pt-BR\",\"url\":\"https:\/\/secure.gravatar.com\/avatar\/e80b7f5231be2fff5040a8023da424898002831c5439420df182ae62676d2a6f?s=96&d=mm&r=g\",\"caption\":\"\\u00a0\"}}]}<\/script>\n<!-- \/ Yoast SEO plugin. -->","_links":{"self":[{"href":"https:\/\/abrelivros.org.br\/site\/wp-json\/wp\/v2\/posts\/2194","targetHints":{"allow":["GET"]}}],"collection":[{"href":"https:\/\/abrelivros.org.br\/site\/wp-json\/wp\/v2\/posts"}],"about":[{"href":"https:\/\/abrelivros.org.br\/site\/wp-json\/wp\/v2\/types\/post"}],"author":[{"embeddable":true,"href":"https:\/\/abrelivros.org.br\/site\/wp-json\/wp\/v2\/users\/1"}],"replies":[{"embeddable":true,"href":"https:\/\/abrelivros.org.br\/site\/wp-json\/wp\/v2\/comments?post=2194"}],"version-history":[{"count":0,"href":"https:\/\/abrelivros.org.br\/site\/wp-json\/wp\/v2\/posts\/2194\/revisions"}],"wp:attachment":[{"href":"https:\/\/abrelivros.org.br\/site\/wp-json\/wp\/v2\/media?parent=2194"}],"wp:term":[{"taxonomy":"category","embeddable":true,"href":"https:\/\/abrelivros.org.br\/site\/wp-json\/wp\/v2\/categories?post=2194"},{"taxonomy":"post_tag","embeddable":true,"href":"https:\/\/abrelivros.org.br\/site\/wp-json\/wp\/v2\/tags?post=2194"}],"curies":[{"name":"wp","href":"https:\/\/api.w.org\/{rel}","templated":true}]}}