{"id":2192,"date":"2008-05-21T14:31:00","date_gmt":"2008-05-21T17:31:00","guid":{"rendered":"https:\/\/abrelivros.org.br\/site\/2008\/05\/21\/haddad-pede-mais-verbas-para-cumprir-metas-do-pde\/"},"modified":"2008-05-21T14:31:00","modified_gmt":"2008-05-21T17:31:00","slug":"haddad-pede-mais-verbas-para-cumprir-metas-do-pde","status":"publish","type":"post","link":"https:\/\/abrelivros.org.br\/site\/haddad-pede-mais-verbas-para-cumprir-metas-do-pde\/","title":{"rendered":"Haddad pede mais verbas para cumprir metas do PDE"},"content":{"rendered":"<p>Mais dinheiro para a educa\u00e7\u00e3o. Foi o que defenderam o presidente da Rep\u00fablica, Luiz In\u00e1cio Lula da Silva, e o ministro da Educa\u00e7\u00e3o, Fernando Haddad, diante de cerca de dois mil prefeitos, durante o encontro de comemora\u00e7\u00e3o do primeiro ano do Plano de Desenvolvimento da Educa\u00e7\u00e3o (PDE). O evento ocorreu na segunda-feira, 19, no Alvorada Park Hotel, em Bras\u00edlia.&nbsp;<br \/> &nbsp;<br \/> \u201cO governo n\u00e3o consegue construir todas as creches de que os munic\u00edpios precisam\u201d, disse o presidente em rela\u00e7\u00e3o ao Proinf\u00e2ncia &#8211; uma das a\u00e7\u00f5es previstas no PDE, que destina recursos \u00e0 constru\u00e7\u00e3o, amplia\u00e7\u00e3o e reforma de creches e pr\u00e9-escolas p\u00fablicas de educa\u00e7\u00e3o infantil. Na solenidade de hoje, 496 munic\u00edpios receberam ordens de pagamento que somam R$ 363,4 milh\u00f5es para a constru\u00e7\u00e3o de 515 creches, em todo o pa\u00eds.&nbsp;<br \/> &nbsp;<br \/> \u201cQuando a primeira creche estiver funcionando, vamos chamar os ministros da \u00e1rea econ\u00f4mica e os parlamentares para ver que \u00e9 preciso investir mais\u201d, disse o presidente.&nbsp;<br \/> &nbsp;<br \/> O ministro Haddad lembrou a proposta de emenda constitucional n\u00ba 96, da senadora Ideli Salvatti, que prev\u00ea o fim da Desvincula\u00e7\u00e3o das Receitas da Uni\u00e3o (DRU) de maneira gradual e tramita no Congresso. A desvincula\u00e7\u00e3o, hoje, retira cerca de R$ 7 bilh\u00f5es anuais do or\u00e7amento da educa\u00e7\u00e3o. &nbsp;<br \/> &nbsp;<br \/> Para Haddad, mais dinheiro para o setor, garantido com o fim da DRU e  a partir de emendas ao or\u00e7amento federal, permitir\u00e1 democratizar o acesso aos programas do minist\u00e9rio. Na vis\u00e3o do ministro, \u00e9 preciso aumentar as verbas da educa\u00e7\u00e3o para que todas as a\u00e7\u00f5es do PDE sejam cumpridas e alcancem seu objetivo principal: equalizar as oportunidades educacionais. \u201cN\u00e3o importa onde a crian\u00e7a nas\u00e7a, seu direito de aprender deve ser garantido\u201d, destacou.&nbsp;<br \/> &nbsp;<br \/> \u201cNenhum pai vai permitir que o seu filho seja transportado em ve\u00edculo diferente do que foi padronizado pelo Inmetro\u201d, exemplificou o ministro em rela\u00e7\u00e3o ao programa Caminho da Escola, que busca assegurar transporte de qualidade e com seguran\u00e7a a estudantes de \u00e1reas rurais. Para que os ve\u00edculos padronizados atendam a todos os alunos do campo, o ministro defende a amplia\u00e7\u00e3o dos recursos para a educa\u00e7\u00e3o.&nbsp;<br \/> &nbsp;<br \/> Haddad mostrou ao presidente a maquete dos \u00f4nibus escolares que ser\u00e3o adquiridos pelos munic\u00edpios via financiamento junto ao Banco Nacional de Desenvolvimento Econ\u00f4mico e Social (BNDES), com recursos pr\u00f3prios ou por meio de recursos previstos no or\u00e7amento federal. Os investimentos federais para a aquisi\u00e7\u00e3o dos primeiros 513 ve\u00edculos s\u00e3o de R$ 72,5 milh\u00f5es. &nbsp;<br \/> &nbsp;<br \/> \u201cAgora, vamos poder dar tratamento adequado \u00e0s crian\u00e7as do campo\u201d, disse o presidente. Lula tamb\u00e9m conheceu o projeto arquitet\u00f4nico em miniatura das creches que ser\u00e3o constru\u00eddas com recursos federais.&nbsp;<br \/> &nbsp;<\/p>\n","protected":false},"excerpt":{"rendered":"<p>Mais dinheiro para a educa\u00e7\u00e3o. Foi o que defenderam o presidente da Rep\u00fablica, Luiz In\u00e1cio Lula da Silva, e o ministro da Educa\u00e7\u00e3o, Fernando Haddad, diante de cerca de dois mil prefeitos, durante o encontro de comemora\u00e7\u00e3o do primeiro ano do Plano de Desenvolvimento da Educa\u00e7\u00e3o (PDE). O evento ocorreu na segunda-feira, 19, no Alvorada [&hellip;]<\/p>\n","protected":false},"author":1,"featured_media":0,"comment_status":"closed","ping_status":"closed","sticky":false,"template":"","format":"standard","meta":{"footnotes":"","_links_to":"","_links_to_target":""},"categories":[9],"tags":[],"class_list":["post-2192","post","type-post","status-publish","format-standard","hentry","category-noticias-da-imprensa"],"yoast_head":"<!-- This site is optimized with the Yoast SEO plugin v15.1 - https:\/\/yoast.com\/wordpress\/plugins\/seo\/ -->\n<title>Haddad pede mais verbas para cumprir metas do PDE &raquo; Abrelivros<\/title>\n<meta name=\"robots\" content=\"index, follow, max-snippet:-1, max-image-preview:large, max-video-preview:-1\" \/>\n<link rel=\"canonical\" href=\"https:\/\/abrelivros.org.br\/site\/haddad-pede-mais-verbas-para-cumprir-metas-do-pde\/\" \/>\n<meta property=\"og:locale\" content=\"pt_BR\" \/>\n<meta property=\"og:type\" content=\"article\" \/>\n<meta property=\"og:title\" content=\"Haddad pede mais verbas para cumprir metas do PDE &raquo; Abrelivros\" \/>\n<meta property=\"og:description\" content=\"Mais dinheiro para a educa\u00e7\u00e3o. Foi o que defenderam o presidente da Rep\u00fablica, Luiz In\u00e1cio Lula da Silva, e o ministro da Educa\u00e7\u00e3o, Fernando Haddad, diante de cerca de dois mil prefeitos, durante o encontro de comemora\u00e7\u00e3o do primeiro ano do Plano de Desenvolvimento da Educa\u00e7\u00e3o (PDE). O evento ocorreu na segunda-feira, 19, no Alvorada [&hellip;]\" \/>\n<meta property=\"og:url\" content=\"https:\/\/abrelivros.org.br\/site\/haddad-pede-mais-verbas-para-cumprir-metas-do-pde\/\" \/>\n<meta property=\"og:site_name\" content=\"Abrelivros\" \/>\n<meta property=\"article:published_time\" content=\"2008-05-21T17:31:00+00:00\" \/>\n<meta name=\"twitter:card\" content=\"summary_large_image\" \/>\n<script type=\"application\/ld+json\" class=\"yoast-schema-graph\">{\"@context\":\"https:\/\/schema.org\",\"@graph\":[{\"@type\":\"WebSite\",\"@id\":\"https:\/\/abrelivros.org.br\/site\/#website\",\"url\":\"https:\/\/abrelivros.org.br\/site\/\",\"name\":\"Abrelivros\",\"description\":\"\",\"potentialAction\":[{\"@type\":\"SearchAction\",\"target\":\"https:\/\/abrelivros.org.br\/site\/?s={search_term_string}\",\"query-input\":\"required name=search_term_string\"}],\"inLanguage\":\"pt-BR\"},{\"@type\":\"WebPage\",\"@id\":\"https:\/\/abrelivros.org.br\/site\/haddad-pede-mais-verbas-para-cumprir-metas-do-pde\/#webpage\",\"url\":\"https:\/\/abrelivros.org.br\/site\/haddad-pede-mais-verbas-para-cumprir-metas-do-pde\/\",\"name\":\"Haddad pede mais verbas para cumprir metas do PDE &raquo; Abrelivros\",\"isPartOf\":{\"@id\":\"https:\/\/abrelivros.org.br\/site\/#website\"},\"datePublished\":\"2008-05-21T17:31:00+00:00\",\"dateModified\":\"2008-05-21T17:31:00+00:00\",\"author\":{\"@id\":\"https:\/\/abrelivros.org.br\/site\/#\/schema\/person\/2b867f13a717bb230f1a3555505f5593\"},\"breadcrumb\":{\"@id\":\"https:\/\/abrelivros.org.br\/site\/haddad-pede-mais-verbas-para-cumprir-metas-do-pde\/#breadcrumb\"},\"inLanguage\":\"pt-BR\",\"potentialAction\":[{\"@type\":\"ReadAction\",\"target\":[\"https:\/\/abrelivros.org.br\/site\/haddad-pede-mais-verbas-para-cumprir-metas-do-pde\/\"]}]},{\"@type\":\"BreadcrumbList\",\"@id\":\"https:\/\/abrelivros.org.br\/site\/haddad-pede-mais-verbas-para-cumprir-metas-do-pde\/#breadcrumb\",\"itemListElement\":[{\"@type\":\"ListItem\",\"position\":1,\"item\":{\"@type\":\"WebPage\",\"@id\":\"https:\/\/abrelivros.org.br\/site\/\",\"url\":\"https:\/\/abrelivros.org.br\/site\/\",\"name\":\"In\\u00edcio\"}},{\"@type\":\"ListItem\",\"position\":2,\"item\":{\"@type\":\"WebPage\",\"@id\":\"https:\/\/abrelivros.org.br\/site\/category\/noticias\/\",\"url\":\"https:\/\/abrelivros.org.br\/site\/category\/noticias\/\",\"name\":\"Not\\u00edcias\"}},{\"@type\":\"ListItem\",\"position\":3,\"item\":{\"@type\":\"WebPage\",\"@id\":\"https:\/\/abrelivros.org.br\/site\/category\/noticias\/noticias-da-imprensa\/\",\"url\":\"https:\/\/abrelivros.org.br\/site\/category\/noticias\/noticias-da-imprensa\/\",\"name\":\"Not\\u00edcias da imprensa\"}},{\"@type\":\"ListItem\",\"position\":4,\"item\":{\"@type\":\"WebPage\",\"@id\":\"https:\/\/abrelivros.org.br\/site\/haddad-pede-mais-verbas-para-cumprir-metas-do-pde\/\",\"url\":\"https:\/\/abrelivros.org.br\/site\/haddad-pede-mais-verbas-para-cumprir-metas-do-pde\/\",\"name\":\"Haddad pede mais verbas para cumprir metas do PDE\"}}]},{\"@type\":\"Person\",\"@id\":\"https:\/\/abrelivros.org.br\/site\/#\/schema\/person\/2b867f13a717bb230f1a3555505f5593\",\"name\":\"\\u00a0\",\"image\":{\"@type\":\"ImageObject\",\"@id\":\"https:\/\/abrelivros.org.br\/site\/#personlogo\",\"inLanguage\":\"pt-BR\",\"url\":\"https:\/\/secure.gravatar.com\/avatar\/e80b7f5231be2fff5040a8023da424898002831c5439420df182ae62676d2a6f?s=96&d=mm&r=g\",\"caption\":\"\\u00a0\"}}]}<\/script>\n<!-- \/ Yoast SEO plugin. -->","_links":{"self":[{"href":"https:\/\/abrelivros.org.br\/site\/wp-json\/wp\/v2\/posts\/2192","targetHints":{"allow":["GET"]}}],"collection":[{"href":"https:\/\/abrelivros.org.br\/site\/wp-json\/wp\/v2\/posts"}],"about":[{"href":"https:\/\/abrelivros.org.br\/site\/wp-json\/wp\/v2\/types\/post"}],"author":[{"embeddable":true,"href":"https:\/\/abrelivros.org.br\/site\/wp-json\/wp\/v2\/users\/1"}],"replies":[{"embeddable":true,"href":"https:\/\/abrelivros.org.br\/site\/wp-json\/wp\/v2\/comments?post=2192"}],"version-history":[{"count":0,"href":"https:\/\/abrelivros.org.br\/site\/wp-json\/wp\/v2\/posts\/2192\/revisions"}],"wp:attachment":[{"href":"https:\/\/abrelivros.org.br\/site\/wp-json\/wp\/v2\/media?parent=2192"}],"wp:term":[{"taxonomy":"category","embeddable":true,"href":"https:\/\/abrelivros.org.br\/site\/wp-json\/wp\/v2\/categories?post=2192"},{"taxonomy":"post_tag","embeddable":true,"href":"https:\/\/abrelivros.org.br\/site\/wp-json\/wp\/v2\/tags?post=2192"}],"curies":[{"name":"wp","href":"https:\/\/api.w.org\/{rel}","templated":true}]}}