{"id":2191,"date":"2008-05-21T15:14:00","date_gmt":"2008-05-21T18:14:00","guid":{"rendered":"https:\/\/abrelivros.org.br\/site\/2008\/05\/21\/comeca-o-salao-fnlij\/"},"modified":"2008-05-21T15:14:00","modified_gmt":"2008-05-21T18:14:00","slug":"comeca-o-salao-fnlij","status":"publish","type":"post","link":"https:\/\/abrelivros.org.br\/site\/comeca-o-salao-fnlij\/","title":{"rendered":"Come\u00e7a o Sal\u00e3o FNLIJ"},"content":{"rendered":"<p>O Museu de Arte Moderna (MAM) do Rio de Janeiro recebe entre 21 de maio e 1\u00ba de junho o 10\u00ba Sal\u00e3o FNLIJ do Livro para Crian\u00e7as e Jovens. O evento re\u00fane 66 editoras com os mais recentes lan\u00e7amentos para o p\u00fablico infantil e juvenil, al\u00e9m de autores e ilustradores de todo o pa\u00eds. O sal\u00e3o, que se firmou ao longo da \u00faltima d\u00e9cada como o mais importante evento do ramo no Brasil, conta ainda com o Espa\u00e7o FNLIJ de Leitura e a Biblioteca FNLIJ-Petrobras, que disp\u00f5e de aproximadamente dois mil t\u00edtulos para a divers\u00e3o do p\u00fablico mirim e adolescente. O patrocinador oficial do evento \u00e9 a Petrobras.&nbsp;<br \/> &nbsp;<br \/> Para comemorar a data, autores consagrados participam do evento, entre eles Lu\u00eds Fernando Ver\u00edssimo, Ziraldo, Ana Maria Machado, Lygia Bojunga, Marina Colasanti, Adriana Falc\u00e3o, Eva Furnari, Ricardo Azevedo, Bartolomeu Campos de Queir\u00f3s (indicado brasileiro ao Pr\u00eamio Hans Christian Andersen deste ano) e Bia Bedran; nomes que ajudaram a inscrever a literatura infantil e juvenil brasileira entre as melhores do mundo. No Espa\u00e7o FNLIJ de Leitura s\u00e3o realizados encontros com os escritores para debater suas obras. No mesmo espa\u00e7o acontecem performances de alguns dos mais reconhecidos ilustradores brasileiros, como Rui de Oliveira (indicado brasileiro ao Pr\u00eamio Hans Christian Andersen deste ano), Roger Mello, Fernando Vilela, Ivan Zigg, Andr\u00e9 Neves, Guto Lins e Odilon Moraes. &nbsp;<br \/> &nbsp;<br \/> Ao percorrer os dois mil metros dedicados \u00e0 literatura, as crian\u00e7as e jovens t\u00eam direito a levar para casa um livro pr\u00f3prio para sua idade.&nbsp;<br \/> &nbsp;<br \/> Para coroar os 10 anos do Sal\u00e3o FNLIJ, a It\u00e1lia &#8211; com seus monumentos milenares e artistas que narram a hist\u00f3ria da humanidade &#8211; \u00e9 a grande homenageada do evento. H\u00e1 uma exposi\u00e7\u00e3o com ilustra\u00e7\u00f5es italianas j\u00e1 publicadas em livros infantis deste pa\u00eds. Os ilustradores Francesco Tullio Altan e Roberto Inocenti, que acaba de ganhar em Bolonha o Pr\u00eamio Hans Christian Andersen de Ilustra\u00e7\u00e3o, est\u00e3o no Brasil para prestigiar o Sal\u00e3o e comentar suas respectivas obras e a import\u00e2ncia da ilustra\u00e7\u00e3o no livro infantil e juvenil. &nbsp;<br \/> &nbsp;<br \/> Durante o semin\u00e1rio, os especialistas italianos discutem sobre a literatura para crian\u00e7as na It\u00e1lia e sobre o trabalho do ilustrador. No estande do pa\u00eds convidado est\u00e1 exposta uma variedade de ilustra\u00e7\u00f5es para aproximar os visitantes cariocas da cultura fascinante da terra da Renascen\u00e7a.&nbsp;<\/p>\n","protected":false},"excerpt":{"rendered":"<p>O Museu de Arte Moderna (MAM) do Rio de Janeiro recebe entre 21 de maio e 1\u00ba de junho o 10\u00ba Sal\u00e3o FNLIJ do Livro para Crian\u00e7as e Jovens. O evento re\u00fane 66 editoras com os mais recentes lan\u00e7amentos para o p\u00fablico infantil e juvenil, al\u00e9m de autores e ilustradores de todo o pa\u00eds. O [&hellip;]<\/p>\n","protected":false},"author":1,"featured_media":0,"comment_status":"closed","ping_status":"closed","sticky":false,"template":"","format":"standard","meta":{"footnotes":"","_links_to":"","_links_to_target":""},"categories":[9],"tags":[],"class_list":["post-2191","post","type-post","status-publish","format-standard","hentry","category-noticias-da-imprensa"],"yoast_head":"<!-- This site is optimized with the Yoast SEO plugin v15.1 - https:\/\/yoast.com\/wordpress\/plugins\/seo\/ -->\n<title>Come\u00e7a o Sal\u00e3o FNLIJ &raquo; Abrelivros<\/title>\n<meta name=\"robots\" content=\"index, follow, max-snippet:-1, max-image-preview:large, max-video-preview:-1\" \/>\n<link rel=\"canonical\" href=\"https:\/\/abrelivros.org.br\/site\/comeca-o-salao-fnlij\/\" \/>\n<meta property=\"og:locale\" content=\"pt_BR\" \/>\n<meta property=\"og:type\" content=\"article\" \/>\n<meta property=\"og:title\" content=\"Come\u00e7a o Sal\u00e3o FNLIJ &raquo; Abrelivros\" \/>\n<meta property=\"og:description\" content=\"O Museu de Arte Moderna (MAM) do Rio de Janeiro recebe entre 21 de maio e 1\u00ba de junho o 10\u00ba Sal\u00e3o FNLIJ do Livro para Crian\u00e7as e Jovens. O evento re\u00fane 66 editoras com os mais recentes lan\u00e7amentos para o p\u00fablico infantil e juvenil, al\u00e9m de autores e ilustradores de todo o pa\u00eds. O [&hellip;]\" \/>\n<meta property=\"og:url\" content=\"https:\/\/abrelivros.org.br\/site\/comeca-o-salao-fnlij\/\" \/>\n<meta property=\"og:site_name\" content=\"Abrelivros\" \/>\n<meta property=\"article:published_time\" content=\"2008-05-21T18:14:00+00:00\" \/>\n<meta name=\"twitter:card\" content=\"summary_large_image\" \/>\n<script type=\"application\/ld+json\" class=\"yoast-schema-graph\">{\"@context\":\"https:\/\/schema.org\",\"@graph\":[{\"@type\":\"WebSite\",\"@id\":\"https:\/\/abrelivros.org.br\/site\/#website\",\"url\":\"https:\/\/abrelivros.org.br\/site\/\",\"name\":\"Abrelivros\",\"description\":\"\",\"potentialAction\":[{\"@type\":\"SearchAction\",\"target\":\"https:\/\/abrelivros.org.br\/site\/?s={search_term_string}\",\"query-input\":\"required name=search_term_string\"}],\"inLanguage\":\"pt-BR\"},{\"@type\":\"WebPage\",\"@id\":\"https:\/\/abrelivros.org.br\/site\/comeca-o-salao-fnlij\/#webpage\",\"url\":\"https:\/\/abrelivros.org.br\/site\/comeca-o-salao-fnlij\/\",\"name\":\"Come\\u00e7a o Sal\\u00e3o FNLIJ &raquo; Abrelivros\",\"isPartOf\":{\"@id\":\"https:\/\/abrelivros.org.br\/site\/#website\"},\"datePublished\":\"2008-05-21T18:14:00+00:00\",\"dateModified\":\"2008-05-21T18:14:00+00:00\",\"author\":{\"@id\":\"https:\/\/abrelivros.org.br\/site\/#\/schema\/person\/2b867f13a717bb230f1a3555505f5593\"},\"breadcrumb\":{\"@id\":\"https:\/\/abrelivros.org.br\/site\/comeca-o-salao-fnlij\/#breadcrumb\"},\"inLanguage\":\"pt-BR\",\"potentialAction\":[{\"@type\":\"ReadAction\",\"target\":[\"https:\/\/abrelivros.org.br\/site\/comeca-o-salao-fnlij\/\"]}]},{\"@type\":\"BreadcrumbList\",\"@id\":\"https:\/\/abrelivros.org.br\/site\/comeca-o-salao-fnlij\/#breadcrumb\",\"itemListElement\":[{\"@type\":\"ListItem\",\"position\":1,\"item\":{\"@type\":\"WebPage\",\"@id\":\"https:\/\/abrelivros.org.br\/site\/\",\"url\":\"https:\/\/abrelivros.org.br\/site\/\",\"name\":\"In\\u00edcio\"}},{\"@type\":\"ListItem\",\"position\":2,\"item\":{\"@type\":\"WebPage\",\"@id\":\"https:\/\/abrelivros.org.br\/site\/category\/noticias\/\",\"url\":\"https:\/\/abrelivros.org.br\/site\/category\/noticias\/\",\"name\":\"Not\\u00edcias\"}},{\"@type\":\"ListItem\",\"position\":3,\"item\":{\"@type\":\"WebPage\",\"@id\":\"https:\/\/abrelivros.org.br\/site\/category\/noticias\/noticias-da-imprensa\/\",\"url\":\"https:\/\/abrelivros.org.br\/site\/category\/noticias\/noticias-da-imprensa\/\",\"name\":\"Not\\u00edcias da imprensa\"}},{\"@type\":\"ListItem\",\"position\":4,\"item\":{\"@type\":\"WebPage\",\"@id\":\"https:\/\/abrelivros.org.br\/site\/comeca-o-salao-fnlij\/\",\"url\":\"https:\/\/abrelivros.org.br\/site\/comeca-o-salao-fnlij\/\",\"name\":\"Come\\u00e7a o Sal\\u00e3o FNLIJ\"}}]},{\"@type\":\"Person\",\"@id\":\"https:\/\/abrelivros.org.br\/site\/#\/schema\/person\/2b867f13a717bb230f1a3555505f5593\",\"name\":\"\\u00a0\",\"image\":{\"@type\":\"ImageObject\",\"@id\":\"https:\/\/abrelivros.org.br\/site\/#personlogo\",\"inLanguage\":\"pt-BR\",\"url\":\"https:\/\/secure.gravatar.com\/avatar\/e80b7f5231be2fff5040a8023da424898002831c5439420df182ae62676d2a6f?s=96&d=mm&r=g\",\"caption\":\"\\u00a0\"}}]}<\/script>\n<!-- \/ Yoast SEO plugin. -->","_links":{"self":[{"href":"https:\/\/abrelivros.org.br\/site\/wp-json\/wp\/v2\/posts\/2191","targetHints":{"allow":["GET"]}}],"collection":[{"href":"https:\/\/abrelivros.org.br\/site\/wp-json\/wp\/v2\/posts"}],"about":[{"href":"https:\/\/abrelivros.org.br\/site\/wp-json\/wp\/v2\/types\/post"}],"author":[{"embeddable":true,"href":"https:\/\/abrelivros.org.br\/site\/wp-json\/wp\/v2\/users\/1"}],"replies":[{"embeddable":true,"href":"https:\/\/abrelivros.org.br\/site\/wp-json\/wp\/v2\/comments?post=2191"}],"version-history":[{"count":0,"href":"https:\/\/abrelivros.org.br\/site\/wp-json\/wp\/v2\/posts\/2191\/revisions"}],"wp:attachment":[{"href":"https:\/\/abrelivros.org.br\/site\/wp-json\/wp\/v2\/media?parent=2191"}],"wp:term":[{"taxonomy":"category","embeddable":true,"href":"https:\/\/abrelivros.org.br\/site\/wp-json\/wp\/v2\/categories?post=2191"},{"taxonomy":"post_tag","embeddable":true,"href":"https:\/\/abrelivros.org.br\/site\/wp-json\/wp\/v2\/tags?post=2191"}],"curies":[{"name":"wp","href":"https:\/\/api.w.org\/{rel}","templated":true}]}}