{"id":2190,"date":"2008-05-21T15:21:00","date_gmt":"2008-05-21T18:21:00","guid":{"rendered":"https:\/\/abrelivros.org.br\/site\/2008\/05\/21\/educacao-de-jovens-e-adultos-em-debate\/"},"modified":"2008-05-21T15:21:00","modified_gmt":"2008-05-21T18:21:00","slug":"educacao-de-jovens-e-adultos-em-debate","status":"publish","type":"post","link":"https:\/\/abrelivros.org.br\/site\/educacao-de-jovens-e-adultos-em-debate\/","title":{"rendered":"Educa\u00e7\u00e3o de jovens e adultos em debate"},"content":{"rendered":"<p>O Brasil vai abrigar um dos maiores eventos na \u00e1rea da educa\u00e7\u00e3o de jovens e adultos, a 6\u00aa Confer\u00eancia Internacional de Educa\u00e7\u00e3o de Adultos (Confintea), em maio de 2009. Ser\u00e1 a primeira edi\u00e7\u00e3o na Am\u00e9rica do Sul, com cerca de 190 delega\u00e7\u00f5es de todos os continentes. Amazonas, Bahia, Cear\u00e1, Par\u00e1 e Pernambuco s\u00e3o os pretendentes a sede do encontro.&nbsp;<br \/> &nbsp;<br \/> A proposta brasileira a ser apresentada na 6\u00aa Confintea ser\u00e1 fechada no encontro nacional, marcado para per\u00edodo de 28 a 30 pr\u00f3ximo, em Bras\u00edlia.  De acordo com Maria Aparecida Zanetti, diretora de Pol\u00edticas de Educa\u00e7\u00e3o de Jovens e Adultos da Secretaria de Educa\u00e7\u00e3o Continuada, Alfabetiza\u00e7\u00e3o e Diversidade (Secad\/MEC), o documento, elaborado a partir do di\u00e1logo com a sociedade, servir\u00e1 de orienta\u00e7\u00e3o geral para a pol\u00edtica de educa\u00e7\u00e3o de jovens e adultos no pa\u00eds. O material ser\u00e1 publicado em ingl\u00eas e em espanhol e distribu\u00eddo na confer\u00eancia internacional e na Unesco. A \u00faltima etapa antes do evento internacional ser\u00e1 a Confer\u00eancia Regional Latino-Americana Preparat\u00f3ria da 6\u00aa Confintea, marcada para setembro, no M\u00e9xico. &nbsp;<br \/> &nbsp;<br \/> Coordenada pela Organiza\u00e7\u00e3o das Na\u00e7\u00f5es Unidas para Educa\u00e7\u00e3o, Ci\u00eancia e Cultura (Unesco), a Confintea \u00e9 um evento intergovernamental realizado a cada per\u00edodo de 11 ou 12 anos, desde 1949. Tem o prop\u00f3sito de permitir o di\u00e1logo e a avalia\u00e7\u00e3o das pol\u00edticas de educa\u00e7\u00e3o e aprendizagem de jovens e adultos na esfera internacional. Os eventos anteriores foram realizados na Dinamarca, Canad\u00e1, Jap\u00e3o, Fran\u00e7a e Alemanha. \u201cO encontro representa mais do que a participa\u00e7\u00e3o na organiza\u00e7\u00e3o de um evento\u201d, destaca Maria Aparecida Zanetti. \u201c\u00c9 a oportunidade de definir, dar dire\u00e7\u00e3o e visibilidade \u00e0s pol\u00edticas educacionais brasileiras neste momento em que temos uma defini\u00e7\u00e3o clara de financiamento para a educa\u00e7\u00e3o de jovens e adultos, por meio do Fundeb, e condi\u00e7\u00f5es de fazer pol\u00edticas de Estado, n\u00e3o de governo, para essa modalidade de ensino\u201d.&nbsp;<br \/> &nbsp;<br \/> Segundo a diretora, a Confintea  tra\u00e7a as linhas gerais e pode estabelecer os marcos internacionais que balizar\u00e3o a educa\u00e7\u00e3o de jovens e adultos at\u00e9 2020. Os preparativos brasileiros para a confer\u00eancia internacional come\u00e7aram no ano passado. Um grupo de consultores preparou um documento-base com o diagn\u00f3stico da modalidade no Brasil, seus desafios e recomenda\u00e7\u00f5es. Educa\u00e7\u00e3o e Aprendizagens de Jovens e Adultos ao Longo da Vida \u00e9 o t\u00edtulo do documento, que j\u00e1 foi trabalhado, desde fevereiro, em todos os estados. Foram realizados 32 encontros, com ampla participa\u00e7\u00e3o de representantes da \u00e1rea no pa\u00eds, em f\u00f3runs de educa\u00e7\u00e3o de jovens e adultos, com alunos, professores, sindicatos, gestores municipais e estaduais e organiza\u00e7\u00f5es n\u00e3o-governamentais.&nbsp;<\/p>\n","protected":false},"excerpt":{"rendered":"<p>O Brasil vai abrigar um dos maiores eventos na \u00e1rea da educa\u00e7\u00e3o de jovens e adultos, a 6\u00aa Confer\u00eancia Internacional de Educa\u00e7\u00e3o de Adultos (Confintea), em maio de 2009. Ser\u00e1 a primeira edi\u00e7\u00e3o na Am\u00e9rica do Sul, com cerca de 190 delega\u00e7\u00f5es de todos os continentes. Amazonas, Bahia, Cear\u00e1, Par\u00e1 e Pernambuco s\u00e3o os pretendentes [&hellip;]<\/p>\n","protected":false},"author":1,"featured_media":0,"comment_status":"closed","ping_status":"closed","sticky":false,"template":"","format":"standard","meta":{"footnotes":"","_links_to":"","_links_to_target":""},"categories":[9],"tags":[],"class_list":["post-2190","post","type-post","status-publish","format-standard","hentry","category-noticias-da-imprensa"],"yoast_head":"<!-- This site is optimized with the Yoast SEO plugin v15.1 - https:\/\/yoast.com\/wordpress\/plugins\/seo\/ -->\n<title>Educa\u00e7\u00e3o de jovens e adultos em debate &raquo; Abrelivros<\/title>\n<meta name=\"robots\" content=\"index, follow, max-snippet:-1, max-image-preview:large, max-video-preview:-1\" \/>\n<link rel=\"canonical\" href=\"https:\/\/abrelivros.org.br\/site\/educacao-de-jovens-e-adultos-em-debate\/\" \/>\n<meta property=\"og:locale\" content=\"pt_BR\" \/>\n<meta property=\"og:type\" content=\"article\" \/>\n<meta property=\"og:title\" content=\"Educa\u00e7\u00e3o de jovens e adultos em debate &raquo; Abrelivros\" \/>\n<meta property=\"og:description\" content=\"O Brasil vai abrigar um dos maiores eventos na \u00e1rea da educa\u00e7\u00e3o de jovens e adultos, a 6\u00aa Confer\u00eancia Internacional de Educa\u00e7\u00e3o de Adultos (Confintea), em maio de 2009. Ser\u00e1 a primeira edi\u00e7\u00e3o na Am\u00e9rica do Sul, com cerca de 190 delega\u00e7\u00f5es de todos os continentes. Amazonas, Bahia, Cear\u00e1, Par\u00e1 e Pernambuco s\u00e3o os pretendentes [&hellip;]\" \/>\n<meta property=\"og:url\" content=\"https:\/\/abrelivros.org.br\/site\/educacao-de-jovens-e-adultos-em-debate\/\" \/>\n<meta property=\"og:site_name\" content=\"Abrelivros\" \/>\n<meta property=\"article:published_time\" content=\"2008-05-21T18:21:00+00:00\" \/>\n<meta name=\"twitter:card\" content=\"summary_large_image\" \/>\n<script type=\"application\/ld+json\" class=\"yoast-schema-graph\">{\"@context\":\"https:\/\/schema.org\",\"@graph\":[{\"@type\":\"WebSite\",\"@id\":\"https:\/\/abrelivros.org.br\/site\/#website\",\"url\":\"https:\/\/abrelivros.org.br\/site\/\",\"name\":\"Abrelivros\",\"description\":\"\",\"potentialAction\":[{\"@type\":\"SearchAction\",\"target\":\"https:\/\/abrelivros.org.br\/site\/?s={search_term_string}\",\"query-input\":\"required name=search_term_string\"}],\"inLanguage\":\"pt-BR\"},{\"@type\":\"WebPage\",\"@id\":\"https:\/\/abrelivros.org.br\/site\/educacao-de-jovens-e-adultos-em-debate\/#webpage\",\"url\":\"https:\/\/abrelivros.org.br\/site\/educacao-de-jovens-e-adultos-em-debate\/\",\"name\":\"Educa\\u00e7\\u00e3o de jovens e adultos em debate &raquo; Abrelivros\",\"isPartOf\":{\"@id\":\"https:\/\/abrelivros.org.br\/site\/#website\"},\"datePublished\":\"2008-05-21T18:21:00+00:00\",\"dateModified\":\"2008-05-21T18:21:00+00:00\",\"author\":{\"@id\":\"https:\/\/abrelivros.org.br\/site\/#\/schema\/person\/2b867f13a717bb230f1a3555505f5593\"},\"breadcrumb\":{\"@id\":\"https:\/\/abrelivros.org.br\/site\/educacao-de-jovens-e-adultos-em-debate\/#breadcrumb\"},\"inLanguage\":\"pt-BR\",\"potentialAction\":[{\"@type\":\"ReadAction\",\"target\":[\"https:\/\/abrelivros.org.br\/site\/educacao-de-jovens-e-adultos-em-debate\/\"]}]},{\"@type\":\"BreadcrumbList\",\"@id\":\"https:\/\/abrelivros.org.br\/site\/educacao-de-jovens-e-adultos-em-debate\/#breadcrumb\",\"itemListElement\":[{\"@type\":\"ListItem\",\"position\":1,\"item\":{\"@type\":\"WebPage\",\"@id\":\"https:\/\/abrelivros.org.br\/site\/\",\"url\":\"https:\/\/abrelivros.org.br\/site\/\",\"name\":\"In\\u00edcio\"}},{\"@type\":\"ListItem\",\"position\":2,\"item\":{\"@type\":\"WebPage\",\"@id\":\"https:\/\/abrelivros.org.br\/site\/category\/noticias\/\",\"url\":\"https:\/\/abrelivros.org.br\/site\/category\/noticias\/\",\"name\":\"Not\\u00edcias\"}},{\"@type\":\"ListItem\",\"position\":3,\"item\":{\"@type\":\"WebPage\",\"@id\":\"https:\/\/abrelivros.org.br\/site\/category\/noticias\/noticias-da-imprensa\/\",\"url\":\"https:\/\/abrelivros.org.br\/site\/category\/noticias\/noticias-da-imprensa\/\",\"name\":\"Not\\u00edcias da imprensa\"}},{\"@type\":\"ListItem\",\"position\":4,\"item\":{\"@type\":\"WebPage\",\"@id\":\"https:\/\/abrelivros.org.br\/site\/educacao-de-jovens-e-adultos-em-debate\/\",\"url\":\"https:\/\/abrelivros.org.br\/site\/educacao-de-jovens-e-adultos-em-debate\/\",\"name\":\"Educa\\u00e7\\u00e3o de jovens e adultos em debate\"}}]},{\"@type\":\"Person\",\"@id\":\"https:\/\/abrelivros.org.br\/site\/#\/schema\/person\/2b867f13a717bb230f1a3555505f5593\",\"name\":\"\\u00a0\",\"image\":{\"@type\":\"ImageObject\",\"@id\":\"https:\/\/abrelivros.org.br\/site\/#personlogo\",\"inLanguage\":\"pt-BR\",\"url\":\"https:\/\/secure.gravatar.com\/avatar\/e80b7f5231be2fff5040a8023da424898002831c5439420df182ae62676d2a6f?s=96&d=mm&r=g\",\"caption\":\"\\u00a0\"}}]}<\/script>\n<!-- \/ Yoast SEO plugin. -->","_links":{"self":[{"href":"https:\/\/abrelivros.org.br\/site\/wp-json\/wp\/v2\/posts\/2190","targetHints":{"allow":["GET"]}}],"collection":[{"href":"https:\/\/abrelivros.org.br\/site\/wp-json\/wp\/v2\/posts"}],"about":[{"href":"https:\/\/abrelivros.org.br\/site\/wp-json\/wp\/v2\/types\/post"}],"author":[{"embeddable":true,"href":"https:\/\/abrelivros.org.br\/site\/wp-json\/wp\/v2\/users\/1"}],"replies":[{"embeddable":true,"href":"https:\/\/abrelivros.org.br\/site\/wp-json\/wp\/v2\/comments?post=2190"}],"version-history":[{"count":0,"href":"https:\/\/abrelivros.org.br\/site\/wp-json\/wp\/v2\/posts\/2190\/revisions"}],"wp:attachment":[{"href":"https:\/\/abrelivros.org.br\/site\/wp-json\/wp\/v2\/media?parent=2190"}],"wp:term":[{"taxonomy":"category","embeddable":true,"href":"https:\/\/abrelivros.org.br\/site\/wp-json\/wp\/v2\/categories?post=2190"},{"taxonomy":"post_tag","embeddable":true,"href":"https:\/\/abrelivros.org.br\/site\/wp-json\/wp\/v2\/tags?post=2190"}],"curies":[{"name":"wp","href":"https:\/\/api.w.org\/{rel}","templated":true}]}}