{"id":2189,"date":"2008-05-26T10:42:00","date_gmt":"2008-05-26T13:42:00","guid":{"rendered":"https:\/\/abrelivros.org.br\/site\/2008\/05\/26\/retratos-da-leitura-vai-mostrar-o-brasil-que-le-e-o-que-nao-le\/"},"modified":"2008-05-26T10:42:00","modified_gmt":"2008-05-26T13:42:00","slug":"retratos-da-leitura-vai-mostrar-o-brasil-que-le-e-o-que-nao-le","status":"publish","type":"post","link":"https:\/\/abrelivros.org.br\/site\/retratos-da-leitura-vai-mostrar-o-brasil-que-le-e-o-que-nao-le\/","title":{"rendered":"Retratos da Leitura vai mostrar o Brasil que l\u00ea (e o que n\u00e3o l\u00ea)"},"content":{"rendered":"<p>Como o brasileiro l\u00ea? L\u00ea por prazer, gosto ou para ampliar seus conhecimentos? E a pergunta que n\u00e3o quer calar e que vem sendo repetida \u00e0 exaust\u00e3o, nos \u00faltimos tempos, por onze entre cada dez pessoas que atuam no mundo do livro no pa\u00eds: quantos livros, afinal, o brasileiro anda lendo por ano?\u00a0<br \/> \u00a0<br \/> Essas s\u00e3o algumas das muitas respostas contidas na pesquisa Retratos da Leitura no Brasil, encomendada pelo Instituto Pr\u00f3-Livro, com apoio das entidades do livro  (CBL, Snel e Abrelivros). Maior estudo feito at\u00e9 hoje no pa\u00eds sobre o comportamento do leitor brasileiro, seus resultados ser\u00e3o apresentados na pr\u00f3xima quarta-feira (28\/5), em Bras\u00edlia, durante o Semin\u00e1rio Nacional Retratos da Leitura no Brasil.\u00a0<br \/> \u00a0<br \/> Estar\u00e3o l\u00e1 os ministros da Educa\u00e7\u00e3o (Fernando Haddad) e da Cultura (Juca Ferreira, que \u00e9 o interino), al\u00e9m de v\u00e1rios especialistas no tema e, naturalmente, todo o povo do livro. Ainda d\u00e1 tempo de se inscrever e participar. \u00c9 gr\u00e1tis.\u00a0<br \/> \u00a0<br \/> \u00a0<br \/> \u00a0<br \/><B> Estudo tra\u00e7a perfil do leitor brasileiro\u00a0<br \/> \u00a0<br \/><\/B> Quem s\u00e3o os leitores, onde eles vivem, o que gostam de fazer nas horas de folga e se preferem ler sozinho em casa, ouvindo m\u00fasica ou assistindo tev\u00ea. Qual \u00e9 o per\u00edodo da vida em que mais se l\u00ea? O melhor jeito para ler um livro \u00e9 pulando p\u00e1ginas, fazendo uma segunda leitura ou fazer tudo linearmente, uma p\u00e1gina ap\u00f3s a outra? Afinal, tem jeito certo de ler?! Como, enfim, fazem no dia-a-dia os leitores de livros, jornais, revistas, internet, gibis, braille, \u00e1udio-livro e outros suportes &#8211; e porque fazem! \u00a0<br \/> \u00a0<br \/> S\u00e3o milhares e milhares de dados e respostas, mas nem tudo estar\u00e1 l\u00e1: a id\u00e9ia \u00e9 que a pesquisa Retratos da Leitura no Brasil (que dever\u00e1 ser repetida periodicamente para gerar s\u00e9ries hist\u00f3ricas) gere uma infinidade de novos estudos e pesquisas para aprofundar a investiga\u00e7\u00e3o sobre o comportamento leitor no pa\u00eds e suas causas. Vale a pena, por exemplo, olhar de perto o papel dos programas sociais do governo na quest\u00e3o da leitura.\u00a0<br \/> \u00a0<br \/> Estarei l\u00e1 para apresentar, como coordenador do estudo, os resultados e os quatro principais indicadores da leitura no Brasil.\u00a0<br \/>  \u00a0<br \/>  \u00a0<\/p>\n","protected":false},"excerpt":{"rendered":"<p>Como o brasileiro l\u00ea? L\u00ea por prazer, gosto ou para ampliar seus conhecimentos? E a pergunta que n\u00e3o quer calar e que vem sendo repetida \u00e0 exaust\u00e3o, nos \u00faltimos tempos, por onze entre cada dez pessoas que atuam no mundo do livro no pa\u00eds: quantos livros, afinal, o brasileiro anda lendo por ano?\u00a0 \u00a0 Essas [&hellip;]<\/p>\n","protected":false},"author":1,"featured_media":0,"comment_status":"closed","ping_status":"closed","sticky":false,"template":"","format":"standard","meta":{"footnotes":"","_links_to":"","_links_to_target":""},"categories":[9],"tags":[],"class_list":["post-2189","post","type-post","status-publish","format-standard","hentry","category-noticias-da-imprensa"],"yoast_head":"<!-- This site is optimized with the Yoast SEO plugin v15.1 - https:\/\/yoast.com\/wordpress\/plugins\/seo\/ -->\n<title>Retratos da Leitura vai mostrar o Brasil que l\u00ea (e o que n\u00e3o l\u00ea) &raquo; Abrelivros<\/title>\n<meta name=\"robots\" content=\"index, follow, max-snippet:-1, max-image-preview:large, max-video-preview:-1\" \/>\n<link rel=\"canonical\" href=\"https:\/\/abrelivros.org.br\/site\/retratos-da-leitura-vai-mostrar-o-brasil-que-le-e-o-que-nao-le\/\" \/>\n<meta property=\"og:locale\" content=\"pt_BR\" \/>\n<meta property=\"og:type\" content=\"article\" \/>\n<meta property=\"og:title\" content=\"Retratos da Leitura vai mostrar o Brasil que l\u00ea (e o que n\u00e3o l\u00ea) &raquo; Abrelivros\" \/>\n<meta property=\"og:description\" content=\"Como o brasileiro l\u00ea? L\u00ea por prazer, gosto ou para ampliar seus conhecimentos? E a pergunta que n\u00e3o quer calar e que vem sendo repetida \u00e0 exaust\u00e3o, nos \u00faltimos tempos, por onze entre cada dez pessoas que atuam no mundo do livro no pa\u00eds: quantos livros, afinal, o brasileiro anda lendo por ano?\u00a0 \u00a0 Essas [&hellip;]\" \/>\n<meta property=\"og:url\" content=\"https:\/\/abrelivros.org.br\/site\/retratos-da-leitura-vai-mostrar-o-brasil-que-le-e-o-que-nao-le\/\" \/>\n<meta property=\"og:site_name\" content=\"Abrelivros\" \/>\n<meta property=\"article:published_time\" content=\"2008-05-26T13:42:00+00:00\" \/>\n<meta name=\"twitter:card\" content=\"summary_large_image\" \/>\n<script type=\"application\/ld+json\" class=\"yoast-schema-graph\">{\"@context\":\"https:\/\/schema.org\",\"@graph\":[{\"@type\":\"WebSite\",\"@id\":\"https:\/\/abrelivros.org.br\/site\/#website\",\"url\":\"https:\/\/abrelivros.org.br\/site\/\",\"name\":\"Abrelivros\",\"description\":\"\",\"potentialAction\":[{\"@type\":\"SearchAction\",\"target\":\"https:\/\/abrelivros.org.br\/site\/?s={search_term_string}\",\"query-input\":\"required name=search_term_string\"}],\"inLanguage\":\"pt-BR\"},{\"@type\":\"WebPage\",\"@id\":\"https:\/\/abrelivros.org.br\/site\/retratos-da-leitura-vai-mostrar-o-brasil-que-le-e-o-que-nao-le\/#webpage\",\"url\":\"https:\/\/abrelivros.org.br\/site\/retratos-da-leitura-vai-mostrar-o-brasil-que-le-e-o-que-nao-le\/\",\"name\":\"Retratos da Leitura vai mostrar o Brasil que l\\u00ea (e o que n\\u00e3o l\\u00ea) &raquo; Abrelivros\",\"isPartOf\":{\"@id\":\"https:\/\/abrelivros.org.br\/site\/#website\"},\"datePublished\":\"2008-05-26T13:42:00+00:00\",\"dateModified\":\"2008-05-26T13:42:00+00:00\",\"author\":{\"@id\":\"https:\/\/abrelivros.org.br\/site\/#\/schema\/person\/2b867f13a717bb230f1a3555505f5593\"},\"breadcrumb\":{\"@id\":\"https:\/\/abrelivros.org.br\/site\/retratos-da-leitura-vai-mostrar-o-brasil-que-le-e-o-que-nao-le\/#breadcrumb\"},\"inLanguage\":\"pt-BR\",\"potentialAction\":[{\"@type\":\"ReadAction\",\"target\":[\"https:\/\/abrelivros.org.br\/site\/retratos-da-leitura-vai-mostrar-o-brasil-que-le-e-o-que-nao-le\/\"]}]},{\"@type\":\"BreadcrumbList\",\"@id\":\"https:\/\/abrelivros.org.br\/site\/retratos-da-leitura-vai-mostrar-o-brasil-que-le-e-o-que-nao-le\/#breadcrumb\",\"itemListElement\":[{\"@type\":\"ListItem\",\"position\":1,\"item\":{\"@type\":\"WebPage\",\"@id\":\"https:\/\/abrelivros.org.br\/site\/\",\"url\":\"https:\/\/abrelivros.org.br\/site\/\",\"name\":\"In\\u00edcio\"}},{\"@type\":\"ListItem\",\"position\":2,\"item\":{\"@type\":\"WebPage\",\"@id\":\"https:\/\/abrelivros.org.br\/site\/category\/noticias\/\",\"url\":\"https:\/\/abrelivros.org.br\/site\/category\/noticias\/\",\"name\":\"Not\\u00edcias\"}},{\"@type\":\"ListItem\",\"position\":3,\"item\":{\"@type\":\"WebPage\",\"@id\":\"https:\/\/abrelivros.org.br\/site\/category\/noticias\/noticias-da-imprensa\/\",\"url\":\"https:\/\/abrelivros.org.br\/site\/category\/noticias\/noticias-da-imprensa\/\",\"name\":\"Not\\u00edcias da imprensa\"}},{\"@type\":\"ListItem\",\"position\":4,\"item\":{\"@type\":\"WebPage\",\"@id\":\"https:\/\/abrelivros.org.br\/site\/retratos-da-leitura-vai-mostrar-o-brasil-que-le-e-o-que-nao-le\/\",\"url\":\"https:\/\/abrelivros.org.br\/site\/retratos-da-leitura-vai-mostrar-o-brasil-que-le-e-o-que-nao-le\/\",\"name\":\"Retratos da Leitura vai mostrar o Brasil que l\\u00ea (e o que n\\u00e3o l\\u00ea)\"}}]},{\"@type\":\"Person\",\"@id\":\"https:\/\/abrelivros.org.br\/site\/#\/schema\/person\/2b867f13a717bb230f1a3555505f5593\",\"name\":\"\\u00a0\",\"image\":{\"@type\":\"ImageObject\",\"@id\":\"https:\/\/abrelivros.org.br\/site\/#personlogo\",\"inLanguage\":\"pt-BR\",\"url\":\"https:\/\/secure.gravatar.com\/avatar\/e80b7f5231be2fff5040a8023da424898002831c5439420df182ae62676d2a6f?s=96&d=mm&r=g\",\"caption\":\"\\u00a0\"}}]}<\/script>\n<!-- \/ Yoast SEO plugin. -->","_links":{"self":[{"href":"https:\/\/abrelivros.org.br\/site\/wp-json\/wp\/v2\/posts\/2189","targetHints":{"allow":["GET"]}}],"collection":[{"href":"https:\/\/abrelivros.org.br\/site\/wp-json\/wp\/v2\/posts"}],"about":[{"href":"https:\/\/abrelivros.org.br\/site\/wp-json\/wp\/v2\/types\/post"}],"author":[{"embeddable":true,"href":"https:\/\/abrelivros.org.br\/site\/wp-json\/wp\/v2\/users\/1"}],"replies":[{"embeddable":true,"href":"https:\/\/abrelivros.org.br\/site\/wp-json\/wp\/v2\/comments?post=2189"}],"version-history":[{"count":0,"href":"https:\/\/abrelivros.org.br\/site\/wp-json\/wp\/v2\/posts\/2189\/revisions"}],"wp:attachment":[{"href":"https:\/\/abrelivros.org.br\/site\/wp-json\/wp\/v2\/media?parent=2189"}],"wp:term":[{"taxonomy":"category","embeddable":true,"href":"https:\/\/abrelivros.org.br\/site\/wp-json\/wp\/v2\/categories?post=2189"},{"taxonomy":"post_tag","embeddable":true,"href":"https:\/\/abrelivros.org.br\/site\/wp-json\/wp\/v2\/tags?post=2189"}],"curies":[{"name":"wp","href":"https:\/\/api.w.org\/{rel}","templated":true}]}}