{"id":2188,"date":"2008-05-26T12:04:00","date_gmt":"2008-05-26T15:04:00","guid":{"rendered":"https:\/\/abrelivros.org.br\/site\/2008\/05\/26\/reforma-ortografica\/"},"modified":"2008-05-26T12:04:00","modified_gmt":"2008-05-26T15:04:00","slug":"reforma-ortografica","status":"publish","type":"post","link":"https:\/\/abrelivros.org.br\/site\/reforma-ortografica\/","title":{"rendered":"Reforma ortogr\u00e1fica"},"content":{"rendered":"<p>A evid\u00eancia maior de que o acordo ortogr\u00e1fico da l\u00edngua portuguesa carece de prioridade est\u00e1 nos 18 anos decorridos entre a sua assinatura e a aprova\u00e7\u00e3o pelo pa\u00eds de origem do idioma, Portugal. Com a ratifica\u00e7\u00e3o pelo Parlamento luso, cai a \u00faltima grande barreira para sua ado\u00e7\u00e3o. A nova ortografia torna-se assim uma realidade, por menos que agrade.\u00a0<br \/> \u00a0<br \/> H\u00e1, com efeito, v\u00e1rias raz\u00f5es para cr\u00edtica. A maior parte das modifica\u00e7\u00f5es parece cosm\u00e9tica, para n\u00e3o dizer ociosa. Que import\u00e2ncia pode ter omitir ou n\u00e3o a consoante muda em \u201c\u00f3ptimo\u201c, como se usa em Portugal, ou sacar o acento agudo de \u201cid\u00e9ia\u201c, empregado no Brasil? A aus\u00eancia de padroniza\u00e7\u00e3o em documentos oficiais e livros decerto n\u00e3o impede sua compreens\u00e3o.\u00a0<br \/> \u00a0<br \/> Diante da pequenez da mudan\u00e7a e de sua irrelev\u00e2ncia, \u00e9 descomunal a energia a despender na assimila\u00e7\u00e3o das novas regras pela popula\u00e7\u00e3o dos quatro pa\u00edses -Brasil, Cabo Verde, S\u00e3o Tom\u00e9 e Pr\u00edncipe e, agora, Portugal- da Comunidade dos Pa\u00edses de L\u00edngua Portuguesa (CPLP) que j\u00e1 adotaram o acordo de modo oficial; faltam ainda Angola, Timor Leste, Guin\u00e9-Bissau e Mo\u00e7ambique.\u00a0<br \/> \u00a0<br \/> Isso sem contar, por certo, a necessidade de refazer matrizes de in\u00fameros dicion\u00e1rios e livros did\u00e1ticos. Ou mesmo de inutilizar os j\u00e1 impressos, dependendo do prazo fixado para vig\u00eancia da nova ortografia. Portugal estipulou prazo de seis anos para tanto, e poderia ter ido al\u00e9m.\u00a0<br \/> \u00a0<br \/> No Brasil, a implanta\u00e7\u00e3o definitiva ainda depende de decreto presidencial, mas o Minist\u00e9rio da Educa\u00e7\u00e3o j\u00e1 determinou que em 2010 estejam adaptadas todas as obras inclu\u00eddas nos programas de aquisi\u00e7\u00e3o de livros did\u00e1ticos. Um esfor\u00e7o gigantesco.\u00a0<br \/> \u00a0<br \/> Mesmo n\u00e3o sendo boa id\u00e9ia, a nova ortografia est\u00e1 a\u00ed. \u00d3timo seria se o governo brasileiro seguisse o de Portugal, abandonando a pressa injustific\u00e1vel.\u00a0<br \/> \u00a0<\/p>\n","protected":false},"excerpt":{"rendered":"<p>A evid\u00eancia maior de que o acordo ortogr\u00e1fico da l\u00edngua portuguesa carece de prioridade est\u00e1 nos 18 anos decorridos entre a sua assinatura e a aprova\u00e7\u00e3o pelo pa\u00eds de origem do idioma, Portugal. Com a ratifica\u00e7\u00e3o pelo Parlamento luso, cai a \u00faltima grande barreira para sua ado\u00e7\u00e3o. A nova ortografia torna-se assim uma realidade, por [&hellip;]<\/p>\n","protected":false},"author":1,"featured_media":0,"comment_status":"closed","ping_status":"closed","sticky":false,"template":"","format":"standard","meta":{"footnotes":"","_links_to":"","_links_to_target":""},"categories":[9],"tags":[],"class_list":["post-2188","post","type-post","status-publish","format-standard","hentry","category-noticias-da-imprensa"],"yoast_head":"<!-- This site is optimized with the Yoast SEO plugin v15.1 - https:\/\/yoast.com\/wordpress\/plugins\/seo\/ -->\n<title>Reforma ortogr\u00e1fica &raquo; Abrelivros<\/title>\n<meta name=\"robots\" content=\"index, follow, max-snippet:-1, max-image-preview:large, max-video-preview:-1\" \/>\n<link rel=\"canonical\" href=\"https:\/\/abrelivros.org.br\/site\/reforma-ortografica\/\" \/>\n<meta property=\"og:locale\" content=\"pt_BR\" \/>\n<meta property=\"og:type\" content=\"article\" \/>\n<meta property=\"og:title\" content=\"Reforma ortogr\u00e1fica &raquo; Abrelivros\" \/>\n<meta property=\"og:description\" content=\"A evid\u00eancia maior de que o acordo ortogr\u00e1fico da l\u00edngua portuguesa carece de prioridade est\u00e1 nos 18 anos decorridos entre a sua assinatura e a aprova\u00e7\u00e3o pelo pa\u00eds de origem do idioma, Portugal. Com a ratifica\u00e7\u00e3o pelo Parlamento luso, cai a \u00faltima grande barreira para sua ado\u00e7\u00e3o. A nova ortografia torna-se assim uma realidade, por [&hellip;]\" \/>\n<meta property=\"og:url\" content=\"https:\/\/abrelivros.org.br\/site\/reforma-ortografica\/\" \/>\n<meta property=\"og:site_name\" content=\"Abrelivros\" \/>\n<meta property=\"article:published_time\" content=\"2008-05-26T15:04:00+00:00\" \/>\n<meta name=\"twitter:card\" content=\"summary_large_image\" \/>\n<script type=\"application\/ld+json\" class=\"yoast-schema-graph\">{\"@context\":\"https:\/\/schema.org\",\"@graph\":[{\"@type\":\"WebSite\",\"@id\":\"https:\/\/abrelivros.org.br\/site\/#website\",\"url\":\"https:\/\/abrelivros.org.br\/site\/\",\"name\":\"Abrelivros\",\"description\":\"\",\"potentialAction\":[{\"@type\":\"SearchAction\",\"target\":\"https:\/\/abrelivros.org.br\/site\/?s={search_term_string}\",\"query-input\":\"required name=search_term_string\"}],\"inLanguage\":\"pt-BR\"},{\"@type\":\"WebPage\",\"@id\":\"https:\/\/abrelivros.org.br\/site\/reforma-ortografica\/#webpage\",\"url\":\"https:\/\/abrelivros.org.br\/site\/reforma-ortografica\/\",\"name\":\"Reforma ortogr\\u00e1fica &raquo; Abrelivros\",\"isPartOf\":{\"@id\":\"https:\/\/abrelivros.org.br\/site\/#website\"},\"datePublished\":\"2008-05-26T15:04:00+00:00\",\"dateModified\":\"2008-05-26T15:04:00+00:00\",\"author\":{\"@id\":\"https:\/\/abrelivros.org.br\/site\/#\/schema\/person\/2b867f13a717bb230f1a3555505f5593\"},\"breadcrumb\":{\"@id\":\"https:\/\/abrelivros.org.br\/site\/reforma-ortografica\/#breadcrumb\"},\"inLanguage\":\"pt-BR\",\"potentialAction\":[{\"@type\":\"ReadAction\",\"target\":[\"https:\/\/abrelivros.org.br\/site\/reforma-ortografica\/\"]}]},{\"@type\":\"BreadcrumbList\",\"@id\":\"https:\/\/abrelivros.org.br\/site\/reforma-ortografica\/#breadcrumb\",\"itemListElement\":[{\"@type\":\"ListItem\",\"position\":1,\"item\":{\"@type\":\"WebPage\",\"@id\":\"https:\/\/abrelivros.org.br\/site\/\",\"url\":\"https:\/\/abrelivros.org.br\/site\/\",\"name\":\"In\\u00edcio\"}},{\"@type\":\"ListItem\",\"position\":2,\"item\":{\"@type\":\"WebPage\",\"@id\":\"https:\/\/abrelivros.org.br\/site\/category\/noticias\/\",\"url\":\"https:\/\/abrelivros.org.br\/site\/category\/noticias\/\",\"name\":\"Not\\u00edcias\"}},{\"@type\":\"ListItem\",\"position\":3,\"item\":{\"@type\":\"WebPage\",\"@id\":\"https:\/\/abrelivros.org.br\/site\/category\/noticias\/noticias-da-imprensa\/\",\"url\":\"https:\/\/abrelivros.org.br\/site\/category\/noticias\/noticias-da-imprensa\/\",\"name\":\"Not\\u00edcias da imprensa\"}},{\"@type\":\"ListItem\",\"position\":4,\"item\":{\"@type\":\"WebPage\",\"@id\":\"https:\/\/abrelivros.org.br\/site\/reforma-ortografica\/\",\"url\":\"https:\/\/abrelivros.org.br\/site\/reforma-ortografica\/\",\"name\":\"Reforma ortogr\\u00e1fica\"}}]},{\"@type\":\"Person\",\"@id\":\"https:\/\/abrelivros.org.br\/site\/#\/schema\/person\/2b867f13a717bb230f1a3555505f5593\",\"name\":\"\\u00a0\",\"image\":{\"@type\":\"ImageObject\",\"@id\":\"https:\/\/abrelivros.org.br\/site\/#personlogo\",\"inLanguage\":\"pt-BR\",\"url\":\"https:\/\/secure.gravatar.com\/avatar\/e80b7f5231be2fff5040a8023da424898002831c5439420df182ae62676d2a6f?s=96&d=mm&r=g\",\"caption\":\"\\u00a0\"}}]}<\/script>\n<!-- \/ Yoast SEO plugin. -->","_links":{"self":[{"href":"https:\/\/abrelivros.org.br\/site\/wp-json\/wp\/v2\/posts\/2188","targetHints":{"allow":["GET"]}}],"collection":[{"href":"https:\/\/abrelivros.org.br\/site\/wp-json\/wp\/v2\/posts"}],"about":[{"href":"https:\/\/abrelivros.org.br\/site\/wp-json\/wp\/v2\/types\/post"}],"author":[{"embeddable":true,"href":"https:\/\/abrelivros.org.br\/site\/wp-json\/wp\/v2\/users\/1"}],"replies":[{"embeddable":true,"href":"https:\/\/abrelivros.org.br\/site\/wp-json\/wp\/v2\/comments?post=2188"}],"version-history":[{"count":0,"href":"https:\/\/abrelivros.org.br\/site\/wp-json\/wp\/v2\/posts\/2188\/revisions"}],"wp:attachment":[{"href":"https:\/\/abrelivros.org.br\/site\/wp-json\/wp\/v2\/media?parent=2188"}],"wp:term":[{"taxonomy":"category","embeddable":true,"href":"https:\/\/abrelivros.org.br\/site\/wp-json\/wp\/v2\/categories?post=2188"},{"taxonomy":"post_tag","embeddable":true,"href":"https:\/\/abrelivros.org.br\/site\/wp-json\/wp\/v2\/tags?post=2188"}],"curies":[{"name":"wp","href":"https:\/\/api.w.org\/{rel}","templated":true}]}}