{"id":2187,"date":"2008-05-28T09:48:00","date_gmt":"2008-05-28T12:48:00","guid":{"rendered":"https:\/\/abrelivros.org.br\/site\/2008\/05\/28\/livros-resgatam-a-importancia-dos-negros-no-brasil\/"},"modified":"2008-05-28T09:48:00","modified_gmt":"2008-05-28T12:48:00","slug":"livros-resgatam-a-importancia-dos-negros-no-brasil","status":"publish","type":"post","link":"https:\/\/abrelivros.org.br\/site\/livros-resgatam-a-importancia-dos-negros-no-brasil\/","title":{"rendered":"Livros resgatam a import\u00e2ncia dos negros no Brasil"},"content":{"rendered":"<p>As escolas p\u00fablicas do Brasil n\u00e3o podem fazer ecoar o preconceito racial entre os jovens. O que ocorre, em grande parte das escolas, \u00e9 uma omiss\u00e3o sobre a import\u00e2ncia da cultura negra na composi\u00e7\u00e3o da sociedade. \u201cO preconceito racial n\u00e3o \u00e9 um problema dos negros, \u00e9 um problema do Brasil. \u00c9 um problema que deve ser combatido por todos os brasileiros.\u201d A afirma\u00e7\u00e3o \u00e9 do secret\u00e1rio de Educa\u00e7\u00e3o Continuada, Alfabetiza\u00e7\u00e3o e Diversidade, Andr\u00e9 L\u00e1zaro, feita nesta segunda-feira, 26, durante o lan\u00e7amento de quatro novos produtos anti-racistas do Minist\u00e9rio da Educa\u00e7\u00e3o. \u00a0<br \/> \u00a0<br \/> A partir deste m\u00eas, todas as secretarias municipais e estaduais de educa\u00e7\u00e3o receber\u00e3o livros e um jogo pedag\u00f3gico acompanhado de manual para o professor e para o aluno. A inten\u00e7\u00e3o \u00e9 que os produtos possam esclarecer a contribui\u00e7\u00e3o dos negros para a cultura brasileira e garantir que as escolas p\u00fablicas brasileiras sejam espa\u00e7os de combate ao preconceito racial. \u201cO Brasil n\u00e3o se reconhece como um pa\u00eds racista e isso \u00e9 um grande obst\u00e1culo na luta pela igualdade\u201d, explicou L\u00e1zaro. De acordo com o secret\u00e1rio, o primeiro passo para enfrentar o preconceito racial no Brasil \u00e9 reconhecer a dimens\u00e3o do problema. \u00a0<br \/> \u00a0<br \/> No Brasil, \u00e9 comum se admitir apenas as conseq\u00fc\u00eancias da escravid\u00e3o. Essa vis\u00e3o, segundo L\u00e1zaro, deixa de reconhecer as contribui\u00e7\u00f5es positivas dos negros ao longo da hist\u00f3ria. \u201cEles foram agentes civilizadores do pa\u00eds. Trouxeram tecnologias agr\u00edcolas e metal\u00fargicas que desconhec\u00edamos, e isso deve ser explicado\u201d, destacou o secret\u00e1rio. \u00a0<br \/> \u00a0<br \/> Para a pesquisadora e organizadora das publica\u00e7\u00f5es Gl\u00f3ria Moura, o pa\u00eds ainda n\u00e3o reconheceu sua identidade. \u201cSe negamos ao papel do negro a sua import\u00e2ncia, ent\u00e3o estamos diante de um pa\u00eds com uma identidade incompleta\u201d, defendeu a pesquisadora, para quem a edi\u00e7\u00e3o dos livros \u00e9 a realiza\u00e7\u00e3o de um sonho. \u201cDesde 1987, trabalhamos para que o dia de hoje fosse poss\u00edvel\u201d, explicou a organizadora que reuniu hist\u00f3rias de quilombos de v\u00e1rios estados brasileiros.\u00a0<br \/> \u00a0<br \/> A primeira tiragem das publica\u00e7\u00f5es j\u00e1 est\u00e1 sendo entregue nas escolas. A segunda, em fase de produ\u00e7\u00e3o, deve estar pronta nos pr\u00f3ximos tr\u00eas meses. Dois produtos s\u00e3o destinados preferencialmente \u00e0s escolas quilombolas \u2014 o jogo Yot\u00e9 e o livro Est\u00f3rias Quilombolas. As obras s\u00e3o destinadas \u00e0 professores e alunos do ensino fundamental. O jogo traz imagens de figuras negras ilustres do Brasil como Chiquinha Gonzaga, M\u00e3e Menininha e Jo\u00e3o do Pulo. Esp\u00e9cie de jogo de damas, a brincadeira funciona tamb\u00e9m como um reconhecimento de negros que foram importantes na constitui\u00e7\u00e3o da sociedade brasileira. \u00c9 que o jogador s\u00f3 pode \u2019comer\u2019 a pe\u00e7a do colega se contar a hist\u00f3ria do personagem. Acompanha cada jogo um livrinho para os alunos \u2014 que traz a hist\u00f3ria dos personagens \u2014 e outro para o professor.\u00a0<br \/> \u00a0<br \/> Veja mais informa\u00e7\u00f5es sobre as <a href=\"http:\/\/portal.mec.gov.br\/arquivos\/pdf\/publicacoes_secad.pdf\" target=\"_blank\" rel=\"noopener noreferrer\">publica\u00e7\u00f5es<\/a> lan\u00e7adas pelo Minist\u00e9rio da Educa\u00e7\u00e3o.\u00a0<br \/> \u00a0<\/p>\n<p><\/p>\n","protected":false},"excerpt":{"rendered":"<p>As escolas p\u00fablicas do Brasil n\u00e3o podem fazer ecoar o preconceito racial entre os jovens. O que ocorre, em grande parte das escolas, \u00e9 uma omiss\u00e3o sobre a import\u00e2ncia da cultura negra na composi\u00e7\u00e3o da sociedade. \u201cO preconceito racial n\u00e3o \u00e9 um problema dos negros, \u00e9 um problema do Brasil. \u00c9 um problema que deve [&hellip;]<\/p>\n","protected":false},"author":1,"featured_media":0,"comment_status":"closed","ping_status":"closed","sticky":false,"template":"","format":"standard","meta":{"footnotes":"","_links_to":"","_links_to_target":""},"categories":[9],"tags":[],"class_list":["post-2187","post","type-post","status-publish","format-standard","hentry","category-noticias-da-imprensa"],"yoast_head":"<!-- This site is optimized with the Yoast SEO plugin v15.1 - https:\/\/yoast.com\/wordpress\/plugins\/seo\/ -->\n<title>Livros resgatam a import\u00e2ncia dos negros no Brasil &raquo; Abrelivros<\/title>\n<meta name=\"robots\" content=\"index, follow, max-snippet:-1, max-image-preview:large, max-video-preview:-1\" \/>\n<link rel=\"canonical\" href=\"https:\/\/abrelivros.org.br\/site\/livros-resgatam-a-importancia-dos-negros-no-brasil\/\" \/>\n<meta property=\"og:locale\" content=\"pt_BR\" \/>\n<meta property=\"og:type\" content=\"article\" \/>\n<meta property=\"og:title\" content=\"Livros resgatam a import\u00e2ncia dos negros no Brasil &raquo; Abrelivros\" \/>\n<meta property=\"og:description\" content=\"As escolas p\u00fablicas do Brasil n\u00e3o podem fazer ecoar o preconceito racial entre os jovens. O que ocorre, em grande parte das escolas, \u00e9 uma omiss\u00e3o sobre a import\u00e2ncia da cultura negra na composi\u00e7\u00e3o da sociedade. \u201cO preconceito racial n\u00e3o \u00e9 um problema dos negros, \u00e9 um problema do Brasil. \u00c9 um problema que deve [&hellip;]\" \/>\n<meta property=\"og:url\" content=\"https:\/\/abrelivros.org.br\/site\/livros-resgatam-a-importancia-dos-negros-no-brasil\/\" \/>\n<meta property=\"og:site_name\" content=\"Abrelivros\" \/>\n<meta property=\"article:published_time\" content=\"2008-05-28T12:48:00+00:00\" \/>\n<meta name=\"twitter:card\" content=\"summary_large_image\" \/>\n<script type=\"application\/ld+json\" class=\"yoast-schema-graph\">{\"@context\":\"https:\/\/schema.org\",\"@graph\":[{\"@type\":\"WebSite\",\"@id\":\"https:\/\/abrelivros.org.br\/site\/#website\",\"url\":\"https:\/\/abrelivros.org.br\/site\/\",\"name\":\"Abrelivros\",\"description\":\"\",\"potentialAction\":[{\"@type\":\"SearchAction\",\"target\":\"https:\/\/abrelivros.org.br\/site\/?s={search_term_string}\",\"query-input\":\"required name=search_term_string\"}],\"inLanguage\":\"pt-BR\"},{\"@type\":\"WebPage\",\"@id\":\"https:\/\/abrelivros.org.br\/site\/livros-resgatam-a-importancia-dos-negros-no-brasil\/#webpage\",\"url\":\"https:\/\/abrelivros.org.br\/site\/livros-resgatam-a-importancia-dos-negros-no-brasil\/\",\"name\":\"Livros resgatam a import\\u00e2ncia dos negros no Brasil &raquo; Abrelivros\",\"isPartOf\":{\"@id\":\"https:\/\/abrelivros.org.br\/site\/#website\"},\"datePublished\":\"2008-05-28T12:48:00+00:00\",\"dateModified\":\"2008-05-28T12:48:00+00:00\",\"author\":{\"@id\":\"https:\/\/abrelivros.org.br\/site\/#\/schema\/person\/2b867f13a717bb230f1a3555505f5593\"},\"breadcrumb\":{\"@id\":\"https:\/\/abrelivros.org.br\/site\/livros-resgatam-a-importancia-dos-negros-no-brasil\/#breadcrumb\"},\"inLanguage\":\"pt-BR\",\"potentialAction\":[{\"@type\":\"ReadAction\",\"target\":[\"https:\/\/abrelivros.org.br\/site\/livros-resgatam-a-importancia-dos-negros-no-brasil\/\"]}]},{\"@type\":\"BreadcrumbList\",\"@id\":\"https:\/\/abrelivros.org.br\/site\/livros-resgatam-a-importancia-dos-negros-no-brasil\/#breadcrumb\",\"itemListElement\":[{\"@type\":\"ListItem\",\"position\":1,\"item\":{\"@type\":\"WebPage\",\"@id\":\"https:\/\/abrelivros.org.br\/site\/\",\"url\":\"https:\/\/abrelivros.org.br\/site\/\",\"name\":\"In\\u00edcio\"}},{\"@type\":\"ListItem\",\"position\":2,\"item\":{\"@type\":\"WebPage\",\"@id\":\"https:\/\/abrelivros.org.br\/site\/category\/noticias\/\",\"url\":\"https:\/\/abrelivros.org.br\/site\/category\/noticias\/\",\"name\":\"Not\\u00edcias\"}},{\"@type\":\"ListItem\",\"position\":3,\"item\":{\"@type\":\"WebPage\",\"@id\":\"https:\/\/abrelivros.org.br\/site\/category\/noticias\/noticias-da-imprensa\/\",\"url\":\"https:\/\/abrelivros.org.br\/site\/category\/noticias\/noticias-da-imprensa\/\",\"name\":\"Not\\u00edcias da imprensa\"}},{\"@type\":\"ListItem\",\"position\":4,\"item\":{\"@type\":\"WebPage\",\"@id\":\"https:\/\/abrelivros.org.br\/site\/livros-resgatam-a-importancia-dos-negros-no-brasil\/\",\"url\":\"https:\/\/abrelivros.org.br\/site\/livros-resgatam-a-importancia-dos-negros-no-brasil\/\",\"name\":\"Livros resgatam a import\\u00e2ncia dos negros no Brasil\"}}]},{\"@type\":\"Person\",\"@id\":\"https:\/\/abrelivros.org.br\/site\/#\/schema\/person\/2b867f13a717bb230f1a3555505f5593\",\"name\":\"\\u00a0\",\"image\":{\"@type\":\"ImageObject\",\"@id\":\"https:\/\/abrelivros.org.br\/site\/#personlogo\",\"inLanguage\":\"pt-BR\",\"url\":\"https:\/\/secure.gravatar.com\/avatar\/e80b7f5231be2fff5040a8023da424898002831c5439420df182ae62676d2a6f?s=96&d=mm&r=g\",\"caption\":\"\\u00a0\"}}]}<\/script>\n<!-- \/ Yoast SEO plugin. -->","_links":{"self":[{"href":"https:\/\/abrelivros.org.br\/site\/wp-json\/wp\/v2\/posts\/2187","targetHints":{"allow":["GET"]}}],"collection":[{"href":"https:\/\/abrelivros.org.br\/site\/wp-json\/wp\/v2\/posts"}],"about":[{"href":"https:\/\/abrelivros.org.br\/site\/wp-json\/wp\/v2\/types\/post"}],"author":[{"embeddable":true,"href":"https:\/\/abrelivros.org.br\/site\/wp-json\/wp\/v2\/users\/1"}],"replies":[{"embeddable":true,"href":"https:\/\/abrelivros.org.br\/site\/wp-json\/wp\/v2\/comments?post=2187"}],"version-history":[{"count":0,"href":"https:\/\/abrelivros.org.br\/site\/wp-json\/wp\/v2\/posts\/2187\/revisions"}],"wp:attachment":[{"href":"https:\/\/abrelivros.org.br\/site\/wp-json\/wp\/v2\/media?parent=2187"}],"wp:term":[{"taxonomy":"category","embeddable":true,"href":"https:\/\/abrelivros.org.br\/site\/wp-json\/wp\/v2\/categories?post=2187"},{"taxonomy":"post_tag","embeddable":true,"href":"https:\/\/abrelivros.org.br\/site\/wp-json\/wp\/v2\/tags?post=2187"}],"curies":[{"name":"wp","href":"https:\/\/api.w.org\/{rel}","templated":true}]}}