{"id":2184,"date":"2008-05-28T14:22:00","date_gmt":"2008-05-28T17:22:00","guid":{"rendered":"https:\/\/abrelivros.org.br\/site\/2008\/05\/28\/classe-media-achatada-compra-livro-didatico-em-sebo-e-banca-de-jornal\/"},"modified":"2008-05-28T14:22:00","modified_gmt":"2008-05-28T17:22:00","slug":"classe-media-achatada-compra-livro-didatico-em-sebo-e-banca-de-jornal","status":"publish","type":"post","link":"https:\/\/abrelivros.org.br\/site\/classe-media-achatada-compra-livro-didatico-em-sebo-e-banca-de-jornal\/","title":{"rendered":"Classe m\u00e9dia, achatada, compra livro did\u00e1tico em sebo e banca de jornal"},"content":{"rendered":"<p>Tradicionais pontos de venda de livros did\u00e1ticos, as livrarias e as escolas perderam participa\u00e7\u00e3o de mercado nos \u00faltimos anos. Em 2000, 54% dos livros utilizados em salas de aula eram vendidos em livrarias e 24% pelas escolas. No ano passado, esses percentuais ca\u00edram para 44% e 18%, respectivamente. \u201cHouve um achatamento da classe m\u00e9dia, que passou a procurar outros canais de venda. Um exemplo s\u00e3o os sebos, que aumentaram a participa\u00e7\u00e3o de 1% para 7%\u201c, disse Galeno Amorim, coordenador da segunda edi\u00e7\u00e3o da pesquisa Retratos da Leitura no Brasil, organizada pelo Instituto Pr\u00f3-Livro.  \u00a0<br \/> \u00a0<br \/> Realizado com mais de 5 mil entrevistados de todo o pa\u00eds, o levantamento mostra um crescimento expressivo das vendas desse tipo de livro em bancas de jornal devido \u00e0 maior comercializa\u00e7\u00e3o de livros de bolso e publica\u00e7\u00f5es encartadas em jornais e revistas.  \u00a0<br \/> \u00a0<br \/> As vendas de livros did\u00e1ticos no mercado, sem contar a participa\u00e7\u00e3o do governo, somaram R$ 872 milh\u00f5es em 2006, o que representa uma queda de 7,76% em rela\u00e7\u00e3o a 2005, de acordo com a C\u00e2mara Brasileira do Livro (CBL).  \u00a0<br \/> \u00a0<br \/> A pesquisa do Instituo Pr\u00f3-Livro, que ser\u00e1 apresentada hoje em Bras\u00edlia, traz \u00e0 tona os problemas da car\u00eancia de leitores no Brasil ao mostrar que 8% dos 5 mil entrevistados sequer possuem um livro em casa e que 66% dos livros est\u00e3o concentrados nas m\u00e3os de 20% do universo pesquisado.  \u00a0<br \/> \u00a0<\/p>\n","protected":false},"excerpt":{"rendered":"<p>Tradicionais pontos de venda de livros did\u00e1ticos, as livrarias e as escolas perderam participa\u00e7\u00e3o de mercado nos \u00faltimos anos. Em 2000, 54% dos livros utilizados em salas de aula eram vendidos em livrarias e 24% pelas escolas. No ano passado, esses percentuais ca\u00edram para 44% e 18%, respectivamente. \u201cHouve um achatamento da classe m\u00e9dia, que [&hellip;]<\/p>\n","protected":false},"author":1,"featured_media":0,"comment_status":"closed","ping_status":"closed","sticky":false,"template":"","format":"standard","meta":{"footnotes":"","_links_to":"","_links_to_target":""},"categories":[9],"tags":[],"class_list":["post-2184","post","type-post","status-publish","format-standard","hentry","category-noticias-da-imprensa"],"yoast_head":"<!-- This site is optimized with the Yoast SEO plugin v15.1 - https:\/\/yoast.com\/wordpress\/plugins\/seo\/ -->\n<title>Classe m\u00e9dia, achatada, compra livro did\u00e1tico em sebo e banca de jornal &raquo; Abrelivros<\/title>\n<meta name=\"robots\" content=\"index, follow, max-snippet:-1, max-image-preview:large, max-video-preview:-1\" \/>\n<link rel=\"canonical\" href=\"https:\/\/abrelivros.org.br\/site\/classe-media-achatada-compra-livro-didatico-em-sebo-e-banca-de-jornal\/\" \/>\n<meta property=\"og:locale\" content=\"pt_BR\" \/>\n<meta property=\"og:type\" content=\"article\" \/>\n<meta property=\"og:title\" content=\"Classe m\u00e9dia, achatada, compra livro did\u00e1tico em sebo e banca de jornal &raquo; Abrelivros\" \/>\n<meta property=\"og:description\" content=\"Tradicionais pontos de venda de livros did\u00e1ticos, as livrarias e as escolas perderam participa\u00e7\u00e3o de mercado nos \u00faltimos anos. Em 2000, 54% dos livros utilizados em salas de aula eram vendidos em livrarias e 24% pelas escolas. No ano passado, esses percentuais ca\u00edram para 44% e 18%, respectivamente. \u201cHouve um achatamento da classe m\u00e9dia, que [&hellip;]\" \/>\n<meta property=\"og:url\" content=\"https:\/\/abrelivros.org.br\/site\/classe-media-achatada-compra-livro-didatico-em-sebo-e-banca-de-jornal\/\" \/>\n<meta property=\"og:site_name\" content=\"Abrelivros\" \/>\n<meta property=\"article:published_time\" content=\"2008-05-28T17:22:00+00:00\" \/>\n<meta name=\"twitter:card\" content=\"summary_large_image\" \/>\n<script type=\"application\/ld+json\" class=\"yoast-schema-graph\">{\"@context\":\"https:\/\/schema.org\",\"@graph\":[{\"@type\":\"WebSite\",\"@id\":\"https:\/\/abrelivros.org.br\/site\/#website\",\"url\":\"https:\/\/abrelivros.org.br\/site\/\",\"name\":\"Abrelivros\",\"description\":\"\",\"potentialAction\":[{\"@type\":\"SearchAction\",\"target\":\"https:\/\/abrelivros.org.br\/site\/?s={search_term_string}\",\"query-input\":\"required name=search_term_string\"}],\"inLanguage\":\"pt-BR\"},{\"@type\":\"WebPage\",\"@id\":\"https:\/\/abrelivros.org.br\/site\/classe-media-achatada-compra-livro-didatico-em-sebo-e-banca-de-jornal\/#webpage\",\"url\":\"https:\/\/abrelivros.org.br\/site\/classe-media-achatada-compra-livro-didatico-em-sebo-e-banca-de-jornal\/\",\"name\":\"Classe m\\u00e9dia, achatada, compra livro did\\u00e1tico em sebo e banca de jornal &raquo; Abrelivros\",\"isPartOf\":{\"@id\":\"https:\/\/abrelivros.org.br\/site\/#website\"},\"datePublished\":\"2008-05-28T17:22:00+00:00\",\"dateModified\":\"2008-05-28T17:22:00+00:00\",\"author\":{\"@id\":\"https:\/\/abrelivros.org.br\/site\/#\/schema\/person\/2b867f13a717bb230f1a3555505f5593\"},\"breadcrumb\":{\"@id\":\"https:\/\/abrelivros.org.br\/site\/classe-media-achatada-compra-livro-didatico-em-sebo-e-banca-de-jornal\/#breadcrumb\"},\"inLanguage\":\"pt-BR\",\"potentialAction\":[{\"@type\":\"ReadAction\",\"target\":[\"https:\/\/abrelivros.org.br\/site\/classe-media-achatada-compra-livro-didatico-em-sebo-e-banca-de-jornal\/\"]}]},{\"@type\":\"BreadcrumbList\",\"@id\":\"https:\/\/abrelivros.org.br\/site\/classe-media-achatada-compra-livro-didatico-em-sebo-e-banca-de-jornal\/#breadcrumb\",\"itemListElement\":[{\"@type\":\"ListItem\",\"position\":1,\"item\":{\"@type\":\"WebPage\",\"@id\":\"https:\/\/abrelivros.org.br\/site\/\",\"url\":\"https:\/\/abrelivros.org.br\/site\/\",\"name\":\"In\\u00edcio\"}},{\"@type\":\"ListItem\",\"position\":2,\"item\":{\"@type\":\"WebPage\",\"@id\":\"https:\/\/abrelivros.org.br\/site\/category\/noticias\/\",\"url\":\"https:\/\/abrelivros.org.br\/site\/category\/noticias\/\",\"name\":\"Not\\u00edcias\"}},{\"@type\":\"ListItem\",\"position\":3,\"item\":{\"@type\":\"WebPage\",\"@id\":\"https:\/\/abrelivros.org.br\/site\/category\/noticias\/noticias-da-imprensa\/\",\"url\":\"https:\/\/abrelivros.org.br\/site\/category\/noticias\/noticias-da-imprensa\/\",\"name\":\"Not\\u00edcias da imprensa\"}},{\"@type\":\"ListItem\",\"position\":4,\"item\":{\"@type\":\"WebPage\",\"@id\":\"https:\/\/abrelivros.org.br\/site\/classe-media-achatada-compra-livro-didatico-em-sebo-e-banca-de-jornal\/\",\"url\":\"https:\/\/abrelivros.org.br\/site\/classe-media-achatada-compra-livro-didatico-em-sebo-e-banca-de-jornal\/\",\"name\":\"Classe m\\u00e9dia, achatada, compra livro did\\u00e1tico em sebo e banca de jornal\"}}]},{\"@type\":\"Person\",\"@id\":\"https:\/\/abrelivros.org.br\/site\/#\/schema\/person\/2b867f13a717bb230f1a3555505f5593\",\"name\":\"\\u00a0\",\"image\":{\"@type\":\"ImageObject\",\"@id\":\"https:\/\/abrelivros.org.br\/site\/#personlogo\",\"inLanguage\":\"pt-BR\",\"url\":\"https:\/\/secure.gravatar.com\/avatar\/e80b7f5231be2fff5040a8023da424898002831c5439420df182ae62676d2a6f?s=96&d=mm&r=g\",\"caption\":\"\\u00a0\"}}]}<\/script>\n<!-- \/ Yoast SEO plugin. -->","_links":{"self":[{"href":"https:\/\/abrelivros.org.br\/site\/wp-json\/wp\/v2\/posts\/2184","targetHints":{"allow":["GET"]}}],"collection":[{"href":"https:\/\/abrelivros.org.br\/site\/wp-json\/wp\/v2\/posts"}],"about":[{"href":"https:\/\/abrelivros.org.br\/site\/wp-json\/wp\/v2\/types\/post"}],"author":[{"embeddable":true,"href":"https:\/\/abrelivros.org.br\/site\/wp-json\/wp\/v2\/users\/1"}],"replies":[{"embeddable":true,"href":"https:\/\/abrelivros.org.br\/site\/wp-json\/wp\/v2\/comments?post=2184"}],"version-history":[{"count":0,"href":"https:\/\/abrelivros.org.br\/site\/wp-json\/wp\/v2\/posts\/2184\/revisions"}],"wp:attachment":[{"href":"https:\/\/abrelivros.org.br\/site\/wp-json\/wp\/v2\/media?parent=2184"}],"wp:term":[{"taxonomy":"category","embeddable":true,"href":"https:\/\/abrelivros.org.br\/site\/wp-json\/wp\/v2\/categories?post=2184"},{"taxonomy":"post_tag","embeddable":true,"href":"https:\/\/abrelivros.org.br\/site\/wp-json\/wp\/v2\/tags?post=2184"}],"curies":[{"name":"wp","href":"https:\/\/api.w.org\/{rel}","templated":true}]}}