{"id":2182,"date":"2008-05-29T15:02:00","date_gmt":"2008-05-29T18:02:00","guid":{"rendered":"https:\/\/abrelivros.org.br\/site\/2008\/05\/29\/haddad-vai-a-camara-para-defender-sistema-de-cotas\/"},"modified":"2008-05-29T15:02:00","modified_gmt":"2008-05-29T18:02:00","slug":"haddad-vai-a-camara-para-defender-sistema-de-cotas","status":"publish","type":"post","link":"https:\/\/abrelivros.org.br\/site\/haddad-vai-a-camara-para-defender-sistema-de-cotas\/","title":{"rendered":"Haddad vai \u00e0 C\u00e2mara para defender sistema de cotas"},"content":{"rendered":"<p>A C\u00e2mara dever\u00e1 votar em duas semanas o projeto de lei que cria o sistema de cotas  nas institui\u00e7\u00f5es p\u00fablicas federais de ensino superior, t\u00e9cnico e tecnol\u00f3gico. Pela proposta, metade das vagas oferecidas nas institui\u00e7\u00f5es ser\u00e1 reservada para alunos de escolas p\u00fablicas.\u00a0<br \/> \u00a0<br \/> Depois de uma hora e meia de reuni\u00e3o com l\u00edderes partid\u00e1rios na C\u00e2mara, o ministro da Educa\u00e7\u00e3o, Fernando Haddad, defendeu o projeto e disse ter diminu\u00eddo resist\u00eancias de partidos como o PSDB, que tinha d\u00favidas sobre as subcotas. \u00a0<br \/> \u00a0<br \/> Dentro desse universo, as vagas ser\u00e3o divididas proporcionalmente entre brancos, negros e \u00edndios. Cada Estado ter\u00e1 sua pr\u00f3pria divis\u00e3o, definida pelos dados do Instituto Brasileiro de Geografia e Estat\u00edstica (IBGE) sobre ra\u00e7a da popula\u00e7\u00e3o. Segundo Haddad, o projeto n\u00e3o favorecer\u00e1 as autodeclara\u00e7\u00f5es fraudulentas de ra\u00e7a. \u00a0<br \/> \u00a0<br \/> \u201cN\u00e3o h\u00e1 vantagem na autodeclara\u00e7\u00e3o n\u00e3o fidedigna. No Rio Grande do Sul, n\u00e3o vale a pena se autodeclarar negro, porque menos negros disputar\u00e3o menos vagas e muitos brancos disputar\u00e3o muitas vagas. Na Bahia, os negros s\u00e3o maioria e acontece o contr\u00e1rio\u201c, afirmou o ministro.\u00a0<br \/> \u00a0<br \/> Segundo Haddad, n\u00e3o haver\u00e1 uma corrida para fazer matr\u00edculas nas universidades porque h\u00e1 uma expans\u00e3o geral das vagas, que eram 124 mil em 2002 e chegar\u00e3o a 229 mil em 2010. Se a lei for aprovada, metade dessas vagas ser\u00e1 reservada para alunos de escolas p\u00fablicas.\u00a0<br \/> \u00a0<\/p>\n","protected":false},"excerpt":{"rendered":"<p>A C\u00e2mara dever\u00e1 votar em duas semanas o projeto de lei que cria o sistema de cotas nas institui\u00e7\u00f5es p\u00fablicas federais de ensino superior, t\u00e9cnico e tecnol\u00f3gico. Pela proposta, metade das vagas oferecidas nas institui\u00e7\u00f5es ser\u00e1 reservada para alunos de escolas p\u00fablicas.\u00a0 \u00a0 Depois de uma hora e meia de reuni\u00e3o com l\u00edderes partid\u00e1rios na [&hellip;]<\/p>\n","protected":false},"author":1,"featured_media":0,"comment_status":"closed","ping_status":"closed","sticky":false,"template":"","format":"standard","meta":{"footnotes":"","_links_to":"","_links_to_target":""},"categories":[9],"tags":[],"class_list":["post-2182","post","type-post","status-publish","format-standard","hentry","category-noticias-da-imprensa"],"yoast_head":"<!-- This site is optimized with the Yoast SEO plugin v15.1 - https:\/\/yoast.com\/wordpress\/plugins\/seo\/ -->\n<title>Haddad vai \u00e0 C\u00e2mara para defender sistema de cotas &raquo; Abrelivros<\/title>\n<meta name=\"robots\" content=\"index, follow, max-snippet:-1, max-image-preview:large, max-video-preview:-1\" \/>\n<link rel=\"canonical\" href=\"https:\/\/abrelivros.org.br\/site\/haddad-vai-a-camara-para-defender-sistema-de-cotas\/\" \/>\n<meta property=\"og:locale\" content=\"pt_BR\" \/>\n<meta property=\"og:type\" content=\"article\" \/>\n<meta property=\"og:title\" content=\"Haddad vai \u00e0 C\u00e2mara para defender sistema de cotas &raquo; Abrelivros\" \/>\n<meta property=\"og:description\" content=\"A C\u00e2mara dever\u00e1 votar em duas semanas o projeto de lei que cria o sistema de cotas nas institui\u00e7\u00f5es p\u00fablicas federais de ensino superior, t\u00e9cnico e tecnol\u00f3gico. Pela proposta, metade das vagas oferecidas nas institui\u00e7\u00f5es ser\u00e1 reservada para alunos de escolas p\u00fablicas.\u00a0 \u00a0 Depois de uma hora e meia de reuni\u00e3o com l\u00edderes partid\u00e1rios na [&hellip;]\" \/>\n<meta property=\"og:url\" content=\"https:\/\/abrelivros.org.br\/site\/haddad-vai-a-camara-para-defender-sistema-de-cotas\/\" \/>\n<meta property=\"og:site_name\" content=\"Abrelivros\" \/>\n<meta property=\"article:published_time\" content=\"2008-05-29T18:02:00+00:00\" \/>\n<meta name=\"twitter:card\" content=\"summary_large_image\" \/>\n<script type=\"application\/ld+json\" class=\"yoast-schema-graph\">{\"@context\":\"https:\/\/schema.org\",\"@graph\":[{\"@type\":\"WebSite\",\"@id\":\"https:\/\/abrelivros.org.br\/site\/#website\",\"url\":\"https:\/\/abrelivros.org.br\/site\/\",\"name\":\"Abrelivros\",\"description\":\"\",\"potentialAction\":[{\"@type\":\"SearchAction\",\"target\":\"https:\/\/abrelivros.org.br\/site\/?s={search_term_string}\",\"query-input\":\"required name=search_term_string\"}],\"inLanguage\":\"pt-BR\"},{\"@type\":\"WebPage\",\"@id\":\"https:\/\/abrelivros.org.br\/site\/haddad-vai-a-camara-para-defender-sistema-de-cotas\/#webpage\",\"url\":\"https:\/\/abrelivros.org.br\/site\/haddad-vai-a-camara-para-defender-sistema-de-cotas\/\",\"name\":\"Haddad vai \\u00e0 C\\u00e2mara para defender sistema de cotas &raquo; Abrelivros\",\"isPartOf\":{\"@id\":\"https:\/\/abrelivros.org.br\/site\/#website\"},\"datePublished\":\"2008-05-29T18:02:00+00:00\",\"dateModified\":\"2008-05-29T18:02:00+00:00\",\"author\":{\"@id\":\"https:\/\/abrelivros.org.br\/site\/#\/schema\/person\/2b867f13a717bb230f1a3555505f5593\"},\"breadcrumb\":{\"@id\":\"https:\/\/abrelivros.org.br\/site\/haddad-vai-a-camara-para-defender-sistema-de-cotas\/#breadcrumb\"},\"inLanguage\":\"pt-BR\",\"potentialAction\":[{\"@type\":\"ReadAction\",\"target\":[\"https:\/\/abrelivros.org.br\/site\/haddad-vai-a-camara-para-defender-sistema-de-cotas\/\"]}]},{\"@type\":\"BreadcrumbList\",\"@id\":\"https:\/\/abrelivros.org.br\/site\/haddad-vai-a-camara-para-defender-sistema-de-cotas\/#breadcrumb\",\"itemListElement\":[{\"@type\":\"ListItem\",\"position\":1,\"item\":{\"@type\":\"WebPage\",\"@id\":\"https:\/\/abrelivros.org.br\/site\/\",\"url\":\"https:\/\/abrelivros.org.br\/site\/\",\"name\":\"In\\u00edcio\"}},{\"@type\":\"ListItem\",\"position\":2,\"item\":{\"@type\":\"WebPage\",\"@id\":\"https:\/\/abrelivros.org.br\/site\/category\/noticias\/\",\"url\":\"https:\/\/abrelivros.org.br\/site\/category\/noticias\/\",\"name\":\"Not\\u00edcias\"}},{\"@type\":\"ListItem\",\"position\":3,\"item\":{\"@type\":\"WebPage\",\"@id\":\"https:\/\/abrelivros.org.br\/site\/category\/noticias\/noticias-da-imprensa\/\",\"url\":\"https:\/\/abrelivros.org.br\/site\/category\/noticias\/noticias-da-imprensa\/\",\"name\":\"Not\\u00edcias da imprensa\"}},{\"@type\":\"ListItem\",\"position\":4,\"item\":{\"@type\":\"WebPage\",\"@id\":\"https:\/\/abrelivros.org.br\/site\/haddad-vai-a-camara-para-defender-sistema-de-cotas\/\",\"url\":\"https:\/\/abrelivros.org.br\/site\/haddad-vai-a-camara-para-defender-sistema-de-cotas\/\",\"name\":\"Haddad vai \\u00e0 C\\u00e2mara para defender sistema de cotas\"}}]},{\"@type\":\"Person\",\"@id\":\"https:\/\/abrelivros.org.br\/site\/#\/schema\/person\/2b867f13a717bb230f1a3555505f5593\",\"name\":\"\\u00a0\",\"image\":{\"@type\":\"ImageObject\",\"@id\":\"https:\/\/abrelivros.org.br\/site\/#personlogo\",\"inLanguage\":\"pt-BR\",\"url\":\"https:\/\/secure.gravatar.com\/avatar\/e80b7f5231be2fff5040a8023da424898002831c5439420df182ae62676d2a6f?s=96&d=mm&r=g\",\"caption\":\"\\u00a0\"}}]}<\/script>\n<!-- \/ Yoast SEO plugin. -->","_links":{"self":[{"href":"https:\/\/abrelivros.org.br\/site\/wp-json\/wp\/v2\/posts\/2182","targetHints":{"allow":["GET"]}}],"collection":[{"href":"https:\/\/abrelivros.org.br\/site\/wp-json\/wp\/v2\/posts"}],"about":[{"href":"https:\/\/abrelivros.org.br\/site\/wp-json\/wp\/v2\/types\/post"}],"author":[{"embeddable":true,"href":"https:\/\/abrelivros.org.br\/site\/wp-json\/wp\/v2\/users\/1"}],"replies":[{"embeddable":true,"href":"https:\/\/abrelivros.org.br\/site\/wp-json\/wp\/v2\/comments?post=2182"}],"version-history":[{"count":0,"href":"https:\/\/abrelivros.org.br\/site\/wp-json\/wp\/v2\/posts\/2182\/revisions"}],"wp:attachment":[{"href":"https:\/\/abrelivros.org.br\/site\/wp-json\/wp\/v2\/media?parent=2182"}],"wp:term":[{"taxonomy":"category","embeddable":true,"href":"https:\/\/abrelivros.org.br\/site\/wp-json\/wp\/v2\/categories?post=2182"},{"taxonomy":"post_tag","embeddable":true,"href":"https:\/\/abrelivros.org.br\/site\/wp-json\/wp\/v2\/tags?post=2182"}],"curies":[{"name":"wp","href":"https:\/\/api.w.org\/{rel}","templated":true}]}}