{"id":2181,"date":"2008-05-29T15:08:00","date_gmt":"2008-05-29T18:08:00","guid":{"rendered":"https:\/\/abrelivros.org.br\/site\/2008\/05\/29\/brasileiro-le-mais-livros-por-ano\/"},"modified":"2008-05-29T15:08:00","modified_gmt":"2008-05-29T18:08:00","slug":"brasileiro-le-mais-livros-por-ano","status":"publish","type":"post","link":"https:\/\/abrelivros.org.br\/site\/brasileiro-le-mais-livros-por-ano\/","title":{"rendered":"Brasileiro l\u00ea mais livros por ano"},"content":{"rendered":"<p>T\u00e3o saborosas quanto as iguarias que Jaime serve como gar\u00e7om s\u00e3o as viagens que ele faz quando vira leitor. \u201cEntro no livro, gosto dessa parte de historia, \u00e9 muito legal e voc\u00ea esquece do mundo, n\u00e3o quer parar de ler\u201d, conta Jaime. \u00a0<br \/> \u00a0<br \/> O rapaz \u00e9 um batalhador, mora na periferia e tira tudo o que pode dos livros. \u201cAprendi b\u00e1sico em ingl\u00eas, espanhol, pego livro em ingl\u00eas e fico treinando\u201d, diz. No restaurante, ele vai multiplicando o gosto pela leitura. \u00a0<br \/> \u00a0<br \/> J\u00e1 Nicole \u00e9 uma devoradora de livros: em cinco meses, leu 80 obras. Foi assim, ganhou uma competi\u00e7\u00e3o na escola e tomou gosto. \u201cVoc\u00ea viaja para outro lugar, com outras pessoas, parece at\u00e9 que eles existem\u201d. \u00a0<br \/> \u00a0<br \/> O prazer pela leitura quase sempre come\u00e7a na inf\u00e2ncia e hoje cativa 50 milh\u00f5es de brasileiros, segundo a pesquisa \u201cRetratos da leitura\u201d, feita pelo Ibope. \u00a0<br \/> \u00a0<br \/> A pesquisa ouviu pessoas a partir dos cinco anos de idade e mostra que, al\u00e9m desses apaixonados, o n\u00famero de leitores vem crescendo devagar: 55% da popula\u00e7\u00e3o entrevistada afirmou ter lido ao menos um livro nos \u00faltimos tr\u00eas meses. \u00a0<br \/> \u00a0<br \/><B> Jovem l\u00ea mais\u00a0<br \/> \u00a0<br \/><\/B> \u201cAs faixas mais jovens l\u00eaem mais do que as mais velhas, a influ\u00eancia da escola \u00e9 importante na forma\u00e7\u00e3o do leitor. A m\u00e3e tamb\u00e9m tem papel fundamental para formar leitores\u201d, afirmou Jorge Yunes, presidente do Instituto Pro-livro. \u00a0<br \/> \u00a0<br \/> Nos \u00faltimos oito anos, o \u00edndice de leitura dobrou, passou de menos de dois livros por brasileiro ao ano e j\u00e1 est\u00e1 chegando aos quatro. Nicole compartilha com a tia a hist\u00f3rias que descobre. \u201cEle fala da morte dele, o Br\u00e1s Cubas. Fala da inf\u00e2ncia, uma mulher que ele gosta\u201d, diz a menina. \u00a0<br \/> \u00a0<br \/> A crian\u00e7a faz uma recomenda\u00e7\u00e3o para quem ainda n\u00e3o descobriu essa magia. \u201cPara darem uma chance aos livros porque eles s\u00e3o important\u00edssimos. Voc\u00eas n\u00e3o sabem o que est\u00e3o perdendo\u201d, alerta. \u00a0<br \/> \u00a0<br \/> \u00a0<br \/> \u00a0<br \/><B> 39% dos leitores do pa\u00eds t\u00eam entre 5 e 17 anos<br \/><\/B> Portal G1 \u00a0<br \/>  \u00a0<br \/> Levantamento feito pelo Instituto Ibope Intelig\u00eancia a pedido do Instituto Pr\u00f3-Livro aponta que 39% dos 95,6 milh\u00f5es de leitores de livros no Brasil est\u00e3o na faixa et\u00e1ria de 5 a 17 anos e outros 14% possuem entre 18 e 24 anos. Segundo a pesquisa, divulgada nesta quarta-feira (28), os leitores mais jovens tamb\u00e9m s\u00e3o os que mais l\u00eaem. \u00a0<br \/> \u00a0<br \/> A pesquisa \u201cRetratos da Leitura do Brasil\u201c, que estudou o comportamento, gosto e prefer\u00eancia dos leitores, aponta ainda que enquanto 90% dos adultos leitores com mais de 40 anos de idade preferem ler em locais silenciosos, muitos jovens com idade entre 14 e 17 anos dizem que gostam de ler ouvindo m\u00fasica. J\u00e1 14% das crian\u00e7as com menos de 10 anos curtem os livros ao mesmo tempo em que assistem \u00e0 TV. \u00a0<br \/> \u00a0<br \/> Al\u00e9m disso, o tema \u00e9 o fator mais importante na hora de escolher um livro para ler &#8211; 63% das pessoas que responderam \u00e0 pesquisa disseram que este \u00e9 o fator que mais influencia a escolha de uma obra. Em seguida est\u00e1 o t\u00edtulo do livro (op\u00e7\u00e3o de 46% dos entrevistados), seguido de dicas de outras pessoas, que engloba 42% do grupo ouvido.\u00a0<br \/> \u00a0<br \/> A maioria dos leitores (86%) l\u00eaem livros em casa; 36% na sala de aula e 12% na biblioteca. No caso de leitura de jornais, 53% dos leitores l\u00eaem em casa e 15% no trabalho.\u00a0<br \/> \u00a0<br \/><B> Mulheres l\u00eaem mais\u00a0<br \/> \u00a0<br \/><\/B> Outro fator interessante \u00e9 que o brasileiro l\u00ea, em m\u00e9dia, 4,7 livros por ano. O estudo constatou que somente a leitura de livros indicados pela escola, o que inclui os did\u00e1ticos, mas n\u00e3o s\u00f3, chega a 3,4 livros per capita. A leitura feita por pessoas que n\u00e3o est\u00e3o mais na escola ficou em 1,3 livro por ano. A pesquisa tamb\u00e9m confirma que as mulheres l\u00eaem mais que os homens \u2013 5,3 contra 4,1 livros por ano. \u00a0<br \/> \u00a0<br \/><B> Papel das m\u00e3es na leitura \u00a0<br \/> \u00a0<br \/><\/B> Outra constata\u00e7\u00e3o interessante da pesquisa \u00e9 o papel das fam\u00edlias, em especial a m\u00e3e, na influ\u00eancia da leitura para os filhos. Entre as crian\u00e7as de 5 a 10 anos, 73% delas citam as m\u00e3es como quem mais as estimularam a ler. Al\u00e9m disso, o estudo mostra que um em cada tr\u00eas leitores tem lembran\u00e7as da m\u00e3e lendo algum livro e 87% afirmam que os pais liam para eles quando estavam iniciando na pr\u00e1tica da leitura. \u00a0<br \/>  \u00a0<br \/><B> \u2019B\u00edblia\u2019 entre os mais lidos\u00a0<br \/> \u00a0<br \/><\/B> A \u201cB\u00edblia\u201c \u00e9 vitoriosa em todos os rankings de leitura. Ela \u00e9 a obra mais lida pelos leitores entrevistados (45%), seguida dos livros did\u00e1ticos (34%), que s\u00e3o obrigat\u00f3rios na idade escolar. Ela tamb\u00e9m aparece no topo dos livros mais lidos tanto por homens quanto por mulheres. Se levarmos em considera\u00e7\u00e3o a escolaridade do entrevistado, ela \u00e9 a obra mais lida para os que cursaram at\u00e9 a 4\u00aa s\u00e9rie e \u00e9 o g\u00eanero mais lido entre os leitores com mais de 50 anos.\u00a0<br \/> \u00a0<br \/> Quando questionados sobre o \u00faltimo livro que o leitor leu ou est\u00e1 lendo, a \u201cB\u00edblia\u201c tamb\u00e9m aparece em primeiro lugar no ranking, seguida do livro \u201cC\u00f3digo da Vinci\u201c. Mais de mil t\u00edtulos foram citados pelos entrevistados, sendo que o n\u00famero de cita\u00e7\u00f5es da b\u00edblia foi 18 vezes maior que a do \u201cC\u00f3digo da Vinci\u201c.\u00a0<br \/>  \u00a0<br \/> A \u201cB\u00edblia\u201c tamb\u00e9m est\u00e1 no topo dos livros mais importantes na vida dos leitores. A obra foi citada dez vezes mais que \u201cO s\u00edtio do pica-pau amarelo\u201c, numa refer\u00eancia \u00e0s obras de Monteiro Lobato, segundo colocado na lista.\u00a0<br \/> \u00a0<br \/><B> Metodologia\u00a0<br \/> \u00a0<br \/><\/B> A pesquisa foi realizada entre os dias 29 de novembro e 14 de dezembro do ano passado. Foram aplicadas 5.012 entrevistas nos domic\u00edlios, com 60 quest\u00f5es. A margem de erro \u00e9 de 1,4%.\u00a0<br \/> \u00a0<br \/> Segundo a pesquisa, declaram-se n\u00e3o-leitores 48% da amostra (n\u00e3o leram um livro nos tr\u00eas meses anteriores \u00e0 pesquisa), o que representa 77,1 milh\u00f5es de pessoas. Essa propor\u00e7\u00e3o desce para 45% se forem considerados os que n\u00e3o leram um livro no ano anterior. Entre os n\u00e3o-leitores, 33% s\u00e3o analfabetos e 37% estudaram at\u00e9 a 4\u00aa s\u00e9rie. A maior parcela de n\u00e3o-leitores est\u00e1 entre os adultos: 30 a 39 (15%), 40 a 49 (15%), 50 a 59 (13%) e 60 a 69 (11%). \u00a0<br \/> \u00a0<\/p>\n","protected":false},"excerpt":{"rendered":"<p>T\u00e3o saborosas quanto as iguarias que Jaime serve como gar\u00e7om s\u00e3o as viagens que ele faz quando vira leitor. \u201cEntro no livro, gosto dessa parte de historia, \u00e9 muito legal e voc\u00ea esquece do mundo, n\u00e3o quer parar de ler\u201d, conta Jaime. \u00a0 \u00a0 O rapaz \u00e9 um batalhador, mora na periferia e tira tudo [&hellip;]<\/p>\n","protected":false},"author":1,"featured_media":0,"comment_status":"closed","ping_status":"closed","sticky":false,"template":"","format":"standard","meta":{"footnotes":"","_links_to":"","_links_to_target":""},"categories":[9],"tags":[],"class_list":["post-2181","post","type-post","status-publish","format-standard","hentry","category-noticias-da-imprensa"],"yoast_head":"<!-- This site is optimized with the Yoast SEO plugin v15.1 - https:\/\/yoast.com\/wordpress\/plugins\/seo\/ -->\n<title>Brasileiro l\u00ea mais livros por ano &raquo; Abrelivros<\/title>\n<meta name=\"robots\" content=\"index, follow, max-snippet:-1, max-image-preview:large, max-video-preview:-1\" \/>\n<link rel=\"canonical\" href=\"https:\/\/abrelivros.org.br\/site\/brasileiro-le-mais-livros-por-ano\/\" \/>\n<meta property=\"og:locale\" content=\"pt_BR\" \/>\n<meta property=\"og:type\" content=\"article\" \/>\n<meta property=\"og:title\" content=\"Brasileiro l\u00ea mais livros por ano &raquo; Abrelivros\" \/>\n<meta property=\"og:description\" content=\"T\u00e3o saborosas quanto as iguarias que Jaime serve como gar\u00e7om s\u00e3o as viagens que ele faz quando vira leitor. \u201cEntro no livro, gosto dessa parte de historia, \u00e9 muito legal e voc\u00ea esquece do mundo, n\u00e3o quer parar de ler\u201d, conta Jaime. \u00a0 \u00a0 O rapaz \u00e9 um batalhador, mora na periferia e tira tudo [&hellip;]\" \/>\n<meta property=\"og:url\" content=\"https:\/\/abrelivros.org.br\/site\/brasileiro-le-mais-livros-por-ano\/\" \/>\n<meta property=\"og:site_name\" content=\"Abrelivros\" \/>\n<meta property=\"article:published_time\" content=\"2008-05-29T18:08:00+00:00\" \/>\n<meta name=\"twitter:card\" content=\"summary_large_image\" \/>\n<script type=\"application\/ld+json\" class=\"yoast-schema-graph\">{\"@context\":\"https:\/\/schema.org\",\"@graph\":[{\"@type\":\"WebSite\",\"@id\":\"https:\/\/abrelivros.org.br\/site\/#website\",\"url\":\"https:\/\/abrelivros.org.br\/site\/\",\"name\":\"Abrelivros\",\"description\":\"\",\"potentialAction\":[{\"@type\":\"SearchAction\",\"target\":\"https:\/\/abrelivros.org.br\/site\/?s={search_term_string}\",\"query-input\":\"required name=search_term_string\"}],\"inLanguage\":\"pt-BR\"},{\"@type\":\"WebPage\",\"@id\":\"https:\/\/abrelivros.org.br\/site\/brasileiro-le-mais-livros-por-ano\/#webpage\",\"url\":\"https:\/\/abrelivros.org.br\/site\/brasileiro-le-mais-livros-por-ano\/\",\"name\":\"Brasileiro l\\u00ea mais livros por ano &raquo; Abrelivros\",\"isPartOf\":{\"@id\":\"https:\/\/abrelivros.org.br\/site\/#website\"},\"datePublished\":\"2008-05-29T18:08:00+00:00\",\"dateModified\":\"2008-05-29T18:08:00+00:00\",\"author\":{\"@id\":\"https:\/\/abrelivros.org.br\/site\/#\/schema\/person\/2b867f13a717bb230f1a3555505f5593\"},\"breadcrumb\":{\"@id\":\"https:\/\/abrelivros.org.br\/site\/brasileiro-le-mais-livros-por-ano\/#breadcrumb\"},\"inLanguage\":\"pt-BR\",\"potentialAction\":[{\"@type\":\"ReadAction\",\"target\":[\"https:\/\/abrelivros.org.br\/site\/brasileiro-le-mais-livros-por-ano\/\"]}]},{\"@type\":\"BreadcrumbList\",\"@id\":\"https:\/\/abrelivros.org.br\/site\/brasileiro-le-mais-livros-por-ano\/#breadcrumb\",\"itemListElement\":[{\"@type\":\"ListItem\",\"position\":1,\"item\":{\"@type\":\"WebPage\",\"@id\":\"https:\/\/abrelivros.org.br\/site\/\",\"url\":\"https:\/\/abrelivros.org.br\/site\/\",\"name\":\"In\\u00edcio\"}},{\"@type\":\"ListItem\",\"position\":2,\"item\":{\"@type\":\"WebPage\",\"@id\":\"https:\/\/abrelivros.org.br\/site\/category\/noticias\/\",\"url\":\"https:\/\/abrelivros.org.br\/site\/category\/noticias\/\",\"name\":\"Not\\u00edcias\"}},{\"@type\":\"ListItem\",\"position\":3,\"item\":{\"@type\":\"WebPage\",\"@id\":\"https:\/\/abrelivros.org.br\/site\/category\/noticias\/noticias-da-imprensa\/\",\"url\":\"https:\/\/abrelivros.org.br\/site\/category\/noticias\/noticias-da-imprensa\/\",\"name\":\"Not\\u00edcias da imprensa\"}},{\"@type\":\"ListItem\",\"position\":4,\"item\":{\"@type\":\"WebPage\",\"@id\":\"https:\/\/abrelivros.org.br\/site\/brasileiro-le-mais-livros-por-ano\/\",\"url\":\"https:\/\/abrelivros.org.br\/site\/brasileiro-le-mais-livros-por-ano\/\",\"name\":\"Brasileiro l\\u00ea mais livros por ano\"}}]},{\"@type\":\"Person\",\"@id\":\"https:\/\/abrelivros.org.br\/site\/#\/schema\/person\/2b867f13a717bb230f1a3555505f5593\",\"name\":\"\\u00a0\",\"image\":{\"@type\":\"ImageObject\",\"@id\":\"https:\/\/abrelivros.org.br\/site\/#personlogo\",\"inLanguage\":\"pt-BR\",\"url\":\"https:\/\/secure.gravatar.com\/avatar\/e80b7f5231be2fff5040a8023da424898002831c5439420df182ae62676d2a6f?s=96&d=mm&r=g\",\"caption\":\"\\u00a0\"}}]}<\/script>\n<!-- \/ Yoast SEO plugin. -->","_links":{"self":[{"href":"https:\/\/abrelivros.org.br\/site\/wp-json\/wp\/v2\/posts\/2181","targetHints":{"allow":["GET"]}}],"collection":[{"href":"https:\/\/abrelivros.org.br\/site\/wp-json\/wp\/v2\/posts"}],"about":[{"href":"https:\/\/abrelivros.org.br\/site\/wp-json\/wp\/v2\/types\/post"}],"author":[{"embeddable":true,"href":"https:\/\/abrelivros.org.br\/site\/wp-json\/wp\/v2\/users\/1"}],"replies":[{"embeddable":true,"href":"https:\/\/abrelivros.org.br\/site\/wp-json\/wp\/v2\/comments?post=2181"}],"version-history":[{"count":0,"href":"https:\/\/abrelivros.org.br\/site\/wp-json\/wp\/v2\/posts\/2181\/revisions"}],"wp:attachment":[{"href":"https:\/\/abrelivros.org.br\/site\/wp-json\/wp\/v2\/media?parent=2181"}],"wp:term":[{"taxonomy":"category","embeddable":true,"href":"https:\/\/abrelivros.org.br\/site\/wp-json\/wp\/v2\/categories?post=2181"},{"taxonomy":"post_tag","embeddable":true,"href":"https:\/\/abrelivros.org.br\/site\/wp-json\/wp\/v2\/tags?post=2181"}],"curies":[{"name":"wp","href":"https:\/\/api.w.org\/{rel}","templated":true}]}}