{"id":2180,"date":"2008-06-02T10:36:00","date_gmt":"2008-06-02T13:36:00","guid":{"rendered":"https:\/\/abrelivros.org.br\/site\/2008\/06\/02\/ensino-medio-tera-sociologia-e-filosofia\/"},"modified":"2008-06-02T10:36:00","modified_gmt":"2008-06-02T13:36:00","slug":"ensino-medio-tera-sociologia-e-filosofia","status":"publish","type":"post","link":"https:\/\/abrelivros.org.br\/site\/ensino-medio-tera-sociologia-e-filosofia\/","title":{"rendered":"Ensino m\u00e9dio ter\u00e1 sociologia e filosofia"},"content":{"rendered":"<p>O presidente da Rep\u00fablica, em exerc\u00edcio, Jos\u00e9 Alencar, sanciona nesta segunda-feira, 2, \u00e0s 16h, no Pal\u00e1cio do Planalto, a lei que torna obrigat\u00f3rio o ensino das disciplinas de sociologia e filosofia nas escolas de ensino m\u00e9dio, p\u00fablicas e privadas. A lei foi aprovada primeiro na C\u00e2mara dos Deputados, onde o projeto come\u00e7ou a tramitar em 2003, e no dia 8 de maio deste ano, no Senado.\u00a0<br \/> \u00a0<br \/> Para tornar obrigat\u00f3rio o ensino de sociologia e filosofia no curr\u00edculo do ensino m\u00e9dio, o Congresso Nacional alterou o artigo 36 da Lei de Diretrizes e Bases da Educa\u00e7\u00e3o (LDB), Lei n\u00ba 9.394, de 20 de dezembro de 1996. A obrigatoriedade, segundo a lei, entra em vigor a partir da sua publica\u00e7\u00e3o no Di\u00e1rio Oficial da Uni\u00e3o.\u00a0<br \/> \u00a0<br \/><B> Resolu\u00e7\u00e3o<\/B> \u2013 A inclus\u00e3o de sociologia e filosofia no curr\u00edculo do ensino m\u00e9dio n\u00e3o \u00e9 novidade para os sistemas estaduais. Em 21 de agosto de 2007, a C\u00e2mara de Educa\u00e7\u00e3o B\u00e1sica do Conselho Nacional de Educa\u00e7\u00e3o (CNE) publicou uma resolu\u00e7\u00e3o orientando as redes estaduais de educa\u00e7\u00e3o, que s\u00e3o respons\u00e1veis pelo ensino m\u00e9dio, sobre a oferta das duas disciplinas. A Resolu\u00e7\u00e3o n\u00ba 4\/2006, da C\u00e2mara de Educa\u00e7\u00e3o B\u00e1sica\/CNE, ofereceu aos sistemas duas alternativas de inclus\u00e3o: nas escolas que adotam organiza\u00e7\u00e3o curricular flex\u00edvel, n\u00e3o estruturada por disciplinas, os conte\u00fados devem ser tratados de forma interdisciplinar e contextualizada; j\u00e1 para as escolas que adotam curr\u00edculo estruturado por disciplina, devem ser inclu\u00eddas sociologia e filosofia. A resolu\u00e7\u00e3o tamb\u00e9m deu aos sistemas de ensino um ano de prazo para as provid\u00eancias necess\u00e1rias. Esse prazo termina em 21 de agosto pr\u00f3ximo. \u00a0<br \/> \u00a0<br \/> \u00a0<\/p>\n","protected":false},"excerpt":{"rendered":"<p>O presidente da Rep\u00fablica, em exerc\u00edcio, Jos\u00e9 Alencar, sanciona nesta segunda-feira, 2, \u00e0s 16h, no Pal\u00e1cio do Planalto, a lei que torna obrigat\u00f3rio o ensino das disciplinas de sociologia e filosofia nas escolas de ensino m\u00e9dio, p\u00fablicas e privadas. A lei foi aprovada primeiro na C\u00e2mara dos Deputados, onde o projeto come\u00e7ou a tramitar em [&hellip;]<\/p>\n","protected":false},"author":1,"featured_media":0,"comment_status":"closed","ping_status":"closed","sticky":false,"template":"","format":"standard","meta":{"footnotes":"","_links_to":"","_links_to_target":""},"categories":[9],"tags":[],"class_list":["post-2180","post","type-post","status-publish","format-standard","hentry","category-noticias-da-imprensa"],"yoast_head":"<!-- This site is optimized with the Yoast SEO plugin v15.1 - https:\/\/yoast.com\/wordpress\/plugins\/seo\/ -->\n<title>Ensino m\u00e9dio ter\u00e1 sociologia e filosofia &raquo; Abrelivros<\/title>\n<meta name=\"robots\" content=\"index, follow, max-snippet:-1, max-image-preview:large, max-video-preview:-1\" \/>\n<link rel=\"canonical\" href=\"https:\/\/abrelivros.org.br\/site\/ensino-medio-tera-sociologia-e-filosofia\/\" \/>\n<meta property=\"og:locale\" content=\"pt_BR\" \/>\n<meta property=\"og:type\" content=\"article\" \/>\n<meta property=\"og:title\" content=\"Ensino m\u00e9dio ter\u00e1 sociologia e filosofia &raquo; Abrelivros\" \/>\n<meta property=\"og:description\" content=\"O presidente da Rep\u00fablica, em exerc\u00edcio, Jos\u00e9 Alencar, sanciona nesta segunda-feira, 2, \u00e0s 16h, no Pal\u00e1cio do Planalto, a lei que torna obrigat\u00f3rio o ensino das disciplinas de sociologia e filosofia nas escolas de ensino m\u00e9dio, p\u00fablicas e privadas. A lei foi aprovada primeiro na C\u00e2mara dos Deputados, onde o projeto come\u00e7ou a tramitar em [&hellip;]\" \/>\n<meta property=\"og:url\" content=\"https:\/\/abrelivros.org.br\/site\/ensino-medio-tera-sociologia-e-filosofia\/\" \/>\n<meta property=\"og:site_name\" content=\"Abrelivros\" \/>\n<meta property=\"article:published_time\" content=\"2008-06-02T13:36:00+00:00\" \/>\n<meta name=\"twitter:card\" content=\"summary_large_image\" \/>\n<script type=\"application\/ld+json\" class=\"yoast-schema-graph\">{\"@context\":\"https:\/\/schema.org\",\"@graph\":[{\"@type\":\"WebSite\",\"@id\":\"https:\/\/abrelivros.org.br\/site\/#website\",\"url\":\"https:\/\/abrelivros.org.br\/site\/\",\"name\":\"Abrelivros\",\"description\":\"\",\"potentialAction\":[{\"@type\":\"SearchAction\",\"target\":\"https:\/\/abrelivros.org.br\/site\/?s={search_term_string}\",\"query-input\":\"required name=search_term_string\"}],\"inLanguage\":\"pt-BR\"},{\"@type\":\"WebPage\",\"@id\":\"https:\/\/abrelivros.org.br\/site\/ensino-medio-tera-sociologia-e-filosofia\/#webpage\",\"url\":\"https:\/\/abrelivros.org.br\/site\/ensino-medio-tera-sociologia-e-filosofia\/\",\"name\":\"Ensino m\\u00e9dio ter\\u00e1 sociologia e filosofia &raquo; Abrelivros\",\"isPartOf\":{\"@id\":\"https:\/\/abrelivros.org.br\/site\/#website\"},\"datePublished\":\"2008-06-02T13:36:00+00:00\",\"dateModified\":\"2008-06-02T13:36:00+00:00\",\"author\":{\"@id\":\"https:\/\/abrelivros.org.br\/site\/#\/schema\/person\/2b867f13a717bb230f1a3555505f5593\"},\"breadcrumb\":{\"@id\":\"https:\/\/abrelivros.org.br\/site\/ensino-medio-tera-sociologia-e-filosofia\/#breadcrumb\"},\"inLanguage\":\"pt-BR\",\"potentialAction\":[{\"@type\":\"ReadAction\",\"target\":[\"https:\/\/abrelivros.org.br\/site\/ensino-medio-tera-sociologia-e-filosofia\/\"]}]},{\"@type\":\"BreadcrumbList\",\"@id\":\"https:\/\/abrelivros.org.br\/site\/ensino-medio-tera-sociologia-e-filosofia\/#breadcrumb\",\"itemListElement\":[{\"@type\":\"ListItem\",\"position\":1,\"item\":{\"@type\":\"WebPage\",\"@id\":\"https:\/\/abrelivros.org.br\/site\/\",\"url\":\"https:\/\/abrelivros.org.br\/site\/\",\"name\":\"In\\u00edcio\"}},{\"@type\":\"ListItem\",\"position\":2,\"item\":{\"@type\":\"WebPage\",\"@id\":\"https:\/\/abrelivros.org.br\/site\/category\/noticias\/\",\"url\":\"https:\/\/abrelivros.org.br\/site\/category\/noticias\/\",\"name\":\"Not\\u00edcias\"}},{\"@type\":\"ListItem\",\"position\":3,\"item\":{\"@type\":\"WebPage\",\"@id\":\"https:\/\/abrelivros.org.br\/site\/category\/noticias\/noticias-da-imprensa\/\",\"url\":\"https:\/\/abrelivros.org.br\/site\/category\/noticias\/noticias-da-imprensa\/\",\"name\":\"Not\\u00edcias da imprensa\"}},{\"@type\":\"ListItem\",\"position\":4,\"item\":{\"@type\":\"WebPage\",\"@id\":\"https:\/\/abrelivros.org.br\/site\/ensino-medio-tera-sociologia-e-filosofia\/\",\"url\":\"https:\/\/abrelivros.org.br\/site\/ensino-medio-tera-sociologia-e-filosofia\/\",\"name\":\"Ensino m\\u00e9dio ter\\u00e1 sociologia e filosofia\"}}]},{\"@type\":\"Person\",\"@id\":\"https:\/\/abrelivros.org.br\/site\/#\/schema\/person\/2b867f13a717bb230f1a3555505f5593\",\"name\":\"\\u00a0\",\"image\":{\"@type\":\"ImageObject\",\"@id\":\"https:\/\/abrelivros.org.br\/site\/#personlogo\",\"inLanguage\":\"pt-BR\",\"url\":\"https:\/\/secure.gravatar.com\/avatar\/e80b7f5231be2fff5040a8023da424898002831c5439420df182ae62676d2a6f?s=96&d=mm&r=g\",\"caption\":\"\\u00a0\"}}]}<\/script>\n<!-- \/ Yoast SEO plugin. -->","_links":{"self":[{"href":"https:\/\/abrelivros.org.br\/site\/wp-json\/wp\/v2\/posts\/2180","targetHints":{"allow":["GET"]}}],"collection":[{"href":"https:\/\/abrelivros.org.br\/site\/wp-json\/wp\/v2\/posts"}],"about":[{"href":"https:\/\/abrelivros.org.br\/site\/wp-json\/wp\/v2\/types\/post"}],"author":[{"embeddable":true,"href":"https:\/\/abrelivros.org.br\/site\/wp-json\/wp\/v2\/users\/1"}],"replies":[{"embeddable":true,"href":"https:\/\/abrelivros.org.br\/site\/wp-json\/wp\/v2\/comments?post=2180"}],"version-history":[{"count":0,"href":"https:\/\/abrelivros.org.br\/site\/wp-json\/wp\/v2\/posts\/2180\/revisions"}],"wp:attachment":[{"href":"https:\/\/abrelivros.org.br\/site\/wp-json\/wp\/v2\/media?parent=2180"}],"wp:term":[{"taxonomy":"category","embeddable":true,"href":"https:\/\/abrelivros.org.br\/site\/wp-json\/wp\/v2\/categories?post=2180"},{"taxonomy":"post_tag","embeddable":true,"href":"https:\/\/abrelivros.org.br\/site\/wp-json\/wp\/v2\/tags?post=2180"}],"curies":[{"name":"wp","href":"https:\/\/api.w.org\/{rel}","templated":true}]}}