{"id":2178,"date":"2008-06-06T11:33:00","date_gmt":"2008-06-06T14:33:00","guid":{"rendered":"https:\/\/abrelivros.org.br\/site\/2008\/06\/06\/uma-mao-para-as-bibliotecas\/"},"modified":"2008-06-06T11:33:00","modified_gmt":"2008-06-06T14:33:00","slug":"uma-mao-para-as-bibliotecas","status":"publish","type":"post","link":"https:\/\/abrelivros.org.br\/site\/uma-mao-para-as-bibliotecas\/","title":{"rendered":"Uma m\u00e3o para as bibliotecas"},"content":{"rendered":"<p>Aviso aos navegantes: o Minist\u00e9rio da Cultura vai abrir inscri\u00e7\u00f5es para ajudar a revitalizar as bibliotecas p\u00fablicas municipais que, como se sabe, vivem em situa\u00e7\u00e3o de absoluta pen\u00faria (a pesquisa Retratos da Leitura mostrou que s\u00f3 10% da popula\u00e7\u00e3o vai com frequ\u00eancia a bibliotecas).\u00a0<br \/> \u00a0<br \/> \u00c9 bom correr: em 2008, s\u00f3 416 delas ser\u00e3o contempladas.\u00a0<\/p>\n<p><B> O recado do Brasil que n\u00e3o l\u00ea\u00a0<br \/><\/B> por Galeno Amorim\u00a0<br \/> \u00a0<br \/> Um olhar mais atento nas entrelinhas de Retratos da Leitura no Brasil, maior estudo sobre o assunto feito at\u00e9 aqui, pode ajudar a decifrar os diversos recados que o pa\u00eds de 77 milh\u00f5es de n\u00e3o-leitores est\u00e1 mandando para todos aqueles que militam pela causa do livro e da leitura e, at\u00e9 por for\u00e7a das circunst\u00e2ncias, \u00e0queles que s\u00e3o respons\u00e1veis diretos por essas pol\u00edticas p\u00fablicas. \u00a0<br \/> \u00a0<br \/> H\u00e1 muitas, mas resumiria a duas as mensagens centrais \u2014  uma para o MEC e a outra para o Minist\u00e9rio da Cultura:\u00a0<br \/> \u00a0<br \/> 1) A escola est\u00e1 falhando ao n\u00e3o conseguir formar leitores que gostem de ler e continuem a fazer isso pela vida afora, depois de estar fora dela;\u00a0<br \/> \u00a0<br \/> 2) N\u00e3o d\u00e1 mais para procrastinar: o pa\u00eds carece de um amplo e vigoroso programa nacional de bibliotecas p\u00fablicas, com a dimens\u00e3o, a perenidade e a import\u00e2ncia dos programas do livro escolar que, pelo que se viu, d\u00e3o resultado.\u00a0<br \/> \u00a0<br \/> Reconhecer isso e tomar decis\u00f5es concretas para por em pr\u00e1tica pol\u00edticas p\u00fablicas com a dimens\u00e3o necess\u00e1ria \u00e9 o \u00fanico caminho poss\u00edvel para mudar o quadro atual \u2014 n\u00e3o se trata, portanto, de pequenas quantias vez ou outra para apagar inc\u00eandios. Qualquer coisa diferente disso ter\u00e1 sido desperdi\u00e7ar uma oportunidade hist\u00f3rica que se apresenta para imprimir o ritmo necess\u00e1rio e fazer o que deve ser feito para tornar este um pa\u00eds de cidad\u00e3os leitores.\u00a0<br \/> \u00a0<br \/> E a hora \u00e9 agora!\u00a0<br \/> \u00a0<br \/> \u00a0<\/p>\n","protected":false},"excerpt":{"rendered":"<p>Aviso aos navegantes: o Minist\u00e9rio da Cultura vai abrir inscri\u00e7\u00f5es para ajudar a revitalizar as bibliotecas p\u00fablicas municipais que, como se sabe, vivem em situa\u00e7\u00e3o de absoluta pen\u00faria (a pesquisa Retratos da Leitura mostrou que s\u00f3 10% da popula\u00e7\u00e3o vai com frequ\u00eancia a bibliotecas).\u00a0 \u00a0 \u00c9 bom correr: em 2008, s\u00f3 416 delas ser\u00e3o contempladas.\u00a0 [&hellip;]<\/p>\n","protected":false},"author":1,"featured_media":0,"comment_status":"closed","ping_status":"closed","sticky":false,"template":"","format":"standard","meta":{"footnotes":"","_links_to":"","_links_to_target":""},"categories":[9],"tags":[],"class_list":["post-2178","post","type-post","status-publish","format-standard","hentry","category-noticias-da-imprensa"],"yoast_head":"<!-- This site is optimized with the Yoast SEO plugin v15.1 - https:\/\/yoast.com\/wordpress\/plugins\/seo\/ -->\n<title>Uma m\u00e3o para as bibliotecas &raquo; Abrelivros<\/title>\n<meta name=\"robots\" content=\"index, follow, max-snippet:-1, max-image-preview:large, max-video-preview:-1\" \/>\n<link rel=\"canonical\" href=\"https:\/\/abrelivros.org.br\/site\/uma-mao-para-as-bibliotecas\/\" \/>\n<meta property=\"og:locale\" content=\"pt_BR\" \/>\n<meta property=\"og:type\" content=\"article\" \/>\n<meta property=\"og:title\" content=\"Uma m\u00e3o para as bibliotecas &raquo; Abrelivros\" \/>\n<meta property=\"og:description\" content=\"Aviso aos navegantes: o Minist\u00e9rio da Cultura vai abrir inscri\u00e7\u00f5es para ajudar a revitalizar as bibliotecas p\u00fablicas municipais que, como se sabe, vivem em situa\u00e7\u00e3o de absoluta pen\u00faria (a pesquisa Retratos da Leitura mostrou que s\u00f3 10% da popula\u00e7\u00e3o vai com frequ\u00eancia a bibliotecas).\u00a0 \u00a0 \u00c9 bom correr: em 2008, s\u00f3 416 delas ser\u00e3o contempladas.\u00a0 [&hellip;]\" \/>\n<meta property=\"og:url\" content=\"https:\/\/abrelivros.org.br\/site\/uma-mao-para-as-bibliotecas\/\" \/>\n<meta property=\"og:site_name\" content=\"Abrelivros\" \/>\n<meta property=\"article:published_time\" content=\"2008-06-06T14:33:00+00:00\" \/>\n<meta name=\"twitter:card\" content=\"summary_large_image\" \/>\n<script type=\"application\/ld+json\" class=\"yoast-schema-graph\">{\"@context\":\"https:\/\/schema.org\",\"@graph\":[{\"@type\":\"WebSite\",\"@id\":\"https:\/\/abrelivros.org.br\/site\/#website\",\"url\":\"https:\/\/abrelivros.org.br\/site\/\",\"name\":\"Abrelivros\",\"description\":\"\",\"potentialAction\":[{\"@type\":\"SearchAction\",\"target\":\"https:\/\/abrelivros.org.br\/site\/?s={search_term_string}\",\"query-input\":\"required name=search_term_string\"}],\"inLanguage\":\"pt-BR\"},{\"@type\":\"WebPage\",\"@id\":\"https:\/\/abrelivros.org.br\/site\/uma-mao-para-as-bibliotecas\/#webpage\",\"url\":\"https:\/\/abrelivros.org.br\/site\/uma-mao-para-as-bibliotecas\/\",\"name\":\"Uma m\\u00e3o para as bibliotecas &raquo; Abrelivros\",\"isPartOf\":{\"@id\":\"https:\/\/abrelivros.org.br\/site\/#website\"},\"datePublished\":\"2008-06-06T14:33:00+00:00\",\"dateModified\":\"2008-06-06T14:33:00+00:00\",\"author\":{\"@id\":\"https:\/\/abrelivros.org.br\/site\/#\/schema\/person\/2b867f13a717bb230f1a3555505f5593\"},\"breadcrumb\":{\"@id\":\"https:\/\/abrelivros.org.br\/site\/uma-mao-para-as-bibliotecas\/#breadcrumb\"},\"inLanguage\":\"pt-BR\",\"potentialAction\":[{\"@type\":\"ReadAction\",\"target\":[\"https:\/\/abrelivros.org.br\/site\/uma-mao-para-as-bibliotecas\/\"]}]},{\"@type\":\"BreadcrumbList\",\"@id\":\"https:\/\/abrelivros.org.br\/site\/uma-mao-para-as-bibliotecas\/#breadcrumb\",\"itemListElement\":[{\"@type\":\"ListItem\",\"position\":1,\"item\":{\"@type\":\"WebPage\",\"@id\":\"https:\/\/abrelivros.org.br\/site\/\",\"url\":\"https:\/\/abrelivros.org.br\/site\/\",\"name\":\"In\\u00edcio\"}},{\"@type\":\"ListItem\",\"position\":2,\"item\":{\"@type\":\"WebPage\",\"@id\":\"https:\/\/abrelivros.org.br\/site\/category\/noticias\/\",\"url\":\"https:\/\/abrelivros.org.br\/site\/category\/noticias\/\",\"name\":\"Not\\u00edcias\"}},{\"@type\":\"ListItem\",\"position\":3,\"item\":{\"@type\":\"WebPage\",\"@id\":\"https:\/\/abrelivros.org.br\/site\/category\/noticias\/noticias-da-imprensa\/\",\"url\":\"https:\/\/abrelivros.org.br\/site\/category\/noticias\/noticias-da-imprensa\/\",\"name\":\"Not\\u00edcias da imprensa\"}},{\"@type\":\"ListItem\",\"position\":4,\"item\":{\"@type\":\"WebPage\",\"@id\":\"https:\/\/abrelivros.org.br\/site\/uma-mao-para-as-bibliotecas\/\",\"url\":\"https:\/\/abrelivros.org.br\/site\/uma-mao-para-as-bibliotecas\/\",\"name\":\"Uma m\\u00e3o para as bibliotecas\"}}]},{\"@type\":\"Person\",\"@id\":\"https:\/\/abrelivros.org.br\/site\/#\/schema\/person\/2b867f13a717bb230f1a3555505f5593\",\"name\":\"\\u00a0\",\"image\":{\"@type\":\"ImageObject\",\"@id\":\"https:\/\/abrelivros.org.br\/site\/#personlogo\",\"inLanguage\":\"pt-BR\",\"url\":\"https:\/\/secure.gravatar.com\/avatar\/e80b7f5231be2fff5040a8023da424898002831c5439420df182ae62676d2a6f?s=96&d=mm&r=g\",\"caption\":\"\\u00a0\"}}]}<\/script>\n<!-- \/ Yoast SEO plugin. -->","_links":{"self":[{"href":"https:\/\/abrelivros.org.br\/site\/wp-json\/wp\/v2\/posts\/2178","targetHints":{"allow":["GET"]}}],"collection":[{"href":"https:\/\/abrelivros.org.br\/site\/wp-json\/wp\/v2\/posts"}],"about":[{"href":"https:\/\/abrelivros.org.br\/site\/wp-json\/wp\/v2\/types\/post"}],"author":[{"embeddable":true,"href":"https:\/\/abrelivros.org.br\/site\/wp-json\/wp\/v2\/users\/1"}],"replies":[{"embeddable":true,"href":"https:\/\/abrelivros.org.br\/site\/wp-json\/wp\/v2\/comments?post=2178"}],"version-history":[{"count":0,"href":"https:\/\/abrelivros.org.br\/site\/wp-json\/wp\/v2\/posts\/2178\/revisions"}],"wp:attachment":[{"href":"https:\/\/abrelivros.org.br\/site\/wp-json\/wp\/v2\/media?parent=2178"}],"wp:term":[{"taxonomy":"category","embeddable":true,"href":"https:\/\/abrelivros.org.br\/site\/wp-json\/wp\/v2\/categories?post=2178"},{"taxonomy":"post_tag","embeddable":true,"href":"https:\/\/abrelivros.org.br\/site\/wp-json\/wp\/v2\/tags?post=2178"}],"curies":[{"name":"wp","href":"https:\/\/api.w.org\/{rel}","templated":true}]}}