{"id":2177,"date":"2008-06-09T09:47:00","date_gmt":"2008-06-09T12:47:00","guid":{"rendered":"https:\/\/abrelivros.org.br\/site\/2008\/06\/09\/monitoramento-dos-programas-do-livro\/"},"modified":"2008-06-09T09:47:00","modified_gmt":"2008-06-09T12:47:00","slug":"monitoramento-dos-programas-do-livro","status":"publish","type":"post","link":"https:\/\/abrelivros.org.br\/site\/monitoramento-dos-programas-do-livro\/","title":{"rendered":"Monitoramento dos programas do livro"},"content":{"rendered":"<p>A Bahia sediar\u00e1, de 9 a 13 de junho, a \u00faltima etapa do monitoramento dos programas do livro na escola em 2008. Realizada pelo Fundo Nacional de Desenvolvimento da Educa\u00e7\u00e3o (FNDE), a iniciativa envolver\u00e1 audi\u00eancias dos t\u00e9cnicos do fundo com autoridades das secretarias de educa\u00e7\u00e3o do estado e do munic\u00edpio de Salvador, al\u00e9m de encontros com representantes do Minist\u00e9rio P\u00fablico Federal e da Empresa Brasileira de Correios e Tel\u00e9grafos, parceira nacional do FNDE na distribui\u00e7\u00e3o dos livros did\u00e1ticos aos alunos. Haver\u00e1 ainda visitas a escolas estaduais e municipais, palestras e capacita\u00e7\u00f5es.&nbsp;<br \/> &nbsp;<br \/> O monitoramento objetiva o controle da gest\u00e3o dos livros pelas escolas, a troca de informa\u00e7\u00f5es e a difus\u00e3o de boas pr\u00e1ticas quanto \u00e0s a\u00e7\u00f5es de escolha, conserva\u00e7\u00e3o, devolu\u00e7\u00e3o e remanejamento das obras did\u00e1ticas. &nbsp;<br \/> &nbsp;<br \/> Segundo a coordenadora de produ\u00e7\u00e3o e distribui\u00e7\u00e3o dos programas do livro do FNDE, Rosalia Sousa, os crit\u00e9rios para que um estado receba a visita do FNDE s\u00e3o den\u00fancias de irregularidades e interesse da pr\u00f3pria secretaria de educa\u00e7\u00e3o. \u201cO estado tem de cumprir requisitos m\u00ednimos, como fornecer \u00e0 nossa equipe apoio de equipamentos e pessoal, e oferecer uma agenda de reuni\u00f5es t\u00e9cnicas e encontros com autoridades\u201d, explica.&nbsp;<br \/> &nbsp;<br \/> Este ano o estado da Bahia recebeu 11,7 milh\u00f5es de livros para a educa\u00e7\u00e3o b\u00e1sica da rede p\u00fablica. Ao todo, cerca de R$ 77,5 milh\u00f5es foram investidos para beneficiar 3,3 milh\u00f5es de estudantes. A coordenadora de suprimento escolar da secretaria de educa\u00e7\u00e3o do estado, Ana Paula Bastos de Oliveira, refor\u00e7a a import\u00e2ncia da visita do FNDE. \u201cEstamos todos ansiosos por esse encontro\u201d, afirma. Para ela, as palestras e capacita\u00e7\u00f5es sobre os programas do livro ser\u00e3o muito bem-vindas para esclarecer d\u00favidas de t\u00e9cnicos das secretarias, al\u00e9m de diretores e professores. \u201cDemos bastante \u00eanfase \u00e0 vinda de t\u00e9cnicos das prefeituras do interior, para que multipliquem em suas cidades os aprendizados aqui adquiridos.\u201d&nbsp;<br \/> &nbsp;<br \/> No segundo semestre, o monitoramento dos programas do livro estar\u00e1 voltado para o controle da qualidade do material did\u00e1tico produzido pelas editoras contratadas.&nbsp;<br \/> &nbsp;<\/p>\n","protected":false},"excerpt":{"rendered":"<p>A Bahia sediar\u00e1, de 9 a 13 de junho, a \u00faltima etapa do monitoramento dos programas do livro na escola em 2008. Realizada pelo Fundo Nacional de Desenvolvimento da Educa\u00e7\u00e3o (FNDE), a iniciativa envolver\u00e1 audi\u00eancias dos t\u00e9cnicos do fundo com autoridades das secretarias de educa\u00e7\u00e3o do estado e do munic\u00edpio de Salvador, al\u00e9m de encontros [&hellip;]<\/p>\n","protected":false},"author":1,"featured_media":0,"comment_status":"closed","ping_status":"closed","sticky":false,"template":"","format":"standard","meta":{"footnotes":"","_links_to":"","_links_to_target":""},"categories":[9],"tags":[],"class_list":["post-2177","post","type-post","status-publish","format-standard","hentry","category-noticias-da-imprensa"],"yoast_head":"<!-- This site is optimized with the Yoast SEO plugin v15.1 - https:\/\/yoast.com\/wordpress\/plugins\/seo\/ -->\n<title>Monitoramento dos programas do livro &raquo; Abrelivros<\/title>\n<meta name=\"robots\" content=\"index, follow, max-snippet:-1, max-image-preview:large, max-video-preview:-1\" \/>\n<link rel=\"canonical\" href=\"https:\/\/abrelivros.org.br\/site\/monitoramento-dos-programas-do-livro\/\" \/>\n<meta property=\"og:locale\" content=\"pt_BR\" \/>\n<meta property=\"og:type\" content=\"article\" \/>\n<meta property=\"og:title\" content=\"Monitoramento dos programas do livro &raquo; Abrelivros\" \/>\n<meta property=\"og:description\" content=\"A Bahia sediar\u00e1, de 9 a 13 de junho, a \u00faltima etapa do monitoramento dos programas do livro na escola em 2008. Realizada pelo Fundo Nacional de Desenvolvimento da Educa\u00e7\u00e3o (FNDE), a iniciativa envolver\u00e1 audi\u00eancias dos t\u00e9cnicos do fundo com autoridades das secretarias de educa\u00e7\u00e3o do estado e do munic\u00edpio de Salvador, al\u00e9m de encontros [&hellip;]\" \/>\n<meta property=\"og:url\" content=\"https:\/\/abrelivros.org.br\/site\/monitoramento-dos-programas-do-livro\/\" \/>\n<meta property=\"og:site_name\" content=\"Abrelivros\" \/>\n<meta property=\"article:published_time\" content=\"2008-06-09T12:47:00+00:00\" \/>\n<meta name=\"twitter:card\" content=\"summary_large_image\" \/>\n<script type=\"application\/ld+json\" class=\"yoast-schema-graph\">{\"@context\":\"https:\/\/schema.org\",\"@graph\":[{\"@type\":\"WebSite\",\"@id\":\"https:\/\/abrelivros.org.br\/site\/#website\",\"url\":\"https:\/\/abrelivros.org.br\/site\/\",\"name\":\"Abrelivros\",\"description\":\"\",\"potentialAction\":[{\"@type\":\"SearchAction\",\"target\":\"https:\/\/abrelivros.org.br\/site\/?s={search_term_string}\",\"query-input\":\"required name=search_term_string\"}],\"inLanguage\":\"pt-BR\"},{\"@type\":\"WebPage\",\"@id\":\"https:\/\/abrelivros.org.br\/site\/monitoramento-dos-programas-do-livro\/#webpage\",\"url\":\"https:\/\/abrelivros.org.br\/site\/monitoramento-dos-programas-do-livro\/\",\"name\":\"Monitoramento dos programas do livro &raquo; Abrelivros\",\"isPartOf\":{\"@id\":\"https:\/\/abrelivros.org.br\/site\/#website\"},\"datePublished\":\"2008-06-09T12:47:00+00:00\",\"dateModified\":\"2008-06-09T12:47:00+00:00\",\"author\":{\"@id\":\"https:\/\/abrelivros.org.br\/site\/#\/schema\/person\/2b867f13a717bb230f1a3555505f5593\"},\"breadcrumb\":{\"@id\":\"https:\/\/abrelivros.org.br\/site\/monitoramento-dos-programas-do-livro\/#breadcrumb\"},\"inLanguage\":\"pt-BR\",\"potentialAction\":[{\"@type\":\"ReadAction\",\"target\":[\"https:\/\/abrelivros.org.br\/site\/monitoramento-dos-programas-do-livro\/\"]}]},{\"@type\":\"BreadcrumbList\",\"@id\":\"https:\/\/abrelivros.org.br\/site\/monitoramento-dos-programas-do-livro\/#breadcrumb\",\"itemListElement\":[{\"@type\":\"ListItem\",\"position\":1,\"item\":{\"@type\":\"WebPage\",\"@id\":\"https:\/\/abrelivros.org.br\/site\/\",\"url\":\"https:\/\/abrelivros.org.br\/site\/\",\"name\":\"In\\u00edcio\"}},{\"@type\":\"ListItem\",\"position\":2,\"item\":{\"@type\":\"WebPage\",\"@id\":\"https:\/\/abrelivros.org.br\/site\/category\/noticias\/\",\"url\":\"https:\/\/abrelivros.org.br\/site\/category\/noticias\/\",\"name\":\"Not\\u00edcias\"}},{\"@type\":\"ListItem\",\"position\":3,\"item\":{\"@type\":\"WebPage\",\"@id\":\"https:\/\/abrelivros.org.br\/site\/category\/noticias\/noticias-da-imprensa\/\",\"url\":\"https:\/\/abrelivros.org.br\/site\/category\/noticias\/noticias-da-imprensa\/\",\"name\":\"Not\\u00edcias da imprensa\"}},{\"@type\":\"ListItem\",\"position\":4,\"item\":{\"@type\":\"WebPage\",\"@id\":\"https:\/\/abrelivros.org.br\/site\/monitoramento-dos-programas-do-livro\/\",\"url\":\"https:\/\/abrelivros.org.br\/site\/monitoramento-dos-programas-do-livro\/\",\"name\":\"Monitoramento dos programas do livro\"}}]},{\"@type\":\"Person\",\"@id\":\"https:\/\/abrelivros.org.br\/site\/#\/schema\/person\/2b867f13a717bb230f1a3555505f5593\",\"name\":\"\\u00a0\",\"image\":{\"@type\":\"ImageObject\",\"@id\":\"https:\/\/abrelivros.org.br\/site\/#personlogo\",\"inLanguage\":\"pt-BR\",\"url\":\"https:\/\/secure.gravatar.com\/avatar\/e80b7f5231be2fff5040a8023da424898002831c5439420df182ae62676d2a6f?s=96&d=mm&r=g\",\"caption\":\"\\u00a0\"}}]}<\/script>\n<!-- \/ Yoast SEO plugin. -->","_links":{"self":[{"href":"https:\/\/abrelivros.org.br\/site\/wp-json\/wp\/v2\/posts\/2177","targetHints":{"allow":["GET"]}}],"collection":[{"href":"https:\/\/abrelivros.org.br\/site\/wp-json\/wp\/v2\/posts"}],"about":[{"href":"https:\/\/abrelivros.org.br\/site\/wp-json\/wp\/v2\/types\/post"}],"author":[{"embeddable":true,"href":"https:\/\/abrelivros.org.br\/site\/wp-json\/wp\/v2\/users\/1"}],"replies":[{"embeddable":true,"href":"https:\/\/abrelivros.org.br\/site\/wp-json\/wp\/v2\/comments?post=2177"}],"version-history":[{"count":0,"href":"https:\/\/abrelivros.org.br\/site\/wp-json\/wp\/v2\/posts\/2177\/revisions"}],"wp:attachment":[{"href":"https:\/\/abrelivros.org.br\/site\/wp-json\/wp\/v2\/media?parent=2177"}],"wp:term":[{"taxonomy":"category","embeddable":true,"href":"https:\/\/abrelivros.org.br\/site\/wp-json\/wp\/v2\/categories?post=2177"},{"taxonomy":"post_tag","embeddable":true,"href":"https:\/\/abrelivros.org.br\/site\/wp-json\/wp\/v2\/tags?post=2177"}],"curies":[{"name":"wp","href":"https:\/\/api.w.org\/{rel}","templated":true}]}}