{"id":2174,"date":"2008-06-10T14:52:00","date_gmt":"2008-06-10T17:52:00","guid":{"rendered":"https:\/\/abrelivros.org.br\/site\/2008\/06\/10\/escolas-publicas-melhoram-resultado-no-ideb\/"},"modified":"2008-06-10T14:52:00","modified_gmt":"2008-06-10T17:52:00","slug":"escolas-publicas-melhoram-resultado-no-ideb","status":"publish","type":"post","link":"https:\/\/abrelivros.org.br\/site\/escolas-publicas-melhoram-resultado-no-ideb\/","title":{"rendered":"Escolas p\u00fablicas melhoram resultado no Ideb"},"content":{"rendered":"<p>O MEC (Minist\u00e9rio da Educa\u00e7\u00e3o) divulga nos pr\u00f3ximos dias os resultados do Ideb (\u00cdndice de Desenvolvimento da Educa\u00e7\u00e3o B\u00e1sica) de 2007. As escolas p\u00fablicas, que tiveram nota m\u00e9dia de 3,8 em 2005 &#8211;numa escala que vai de zero a 10&#8211;, pularam para mais de 4 no ano passado &#8211;os resultados parciais j\u00e1 mostram que o \u00edndice deve ficar entre 4,2 e 4,3. A informa\u00e7\u00e3o \u00e9 da coluna M\u00f4nica Bergamo na Folha de S\u00e3o Paulo. &nbsp;<br \/> &nbsp;<br \/> O patamar de pa\u00edses desenvolvidos \u00e9 6 pontos. &nbsp;<br \/> &nbsp;<br \/> O Ideb alia resultados de aprendizagem a taxas de evas\u00e3o e repet\u00eancia, a partir do cruzamento de notas da Prova Brasil (aplicada em alunos da 4\u00aa s\u00e9rie) e do Saeb (Sistema de Avalia\u00e7\u00e3o da Educa\u00e7\u00e3o B\u00e1sica, para alunos da 8\u00aa s\u00e9rie). &nbsp;<br \/> &nbsp;<br \/> O Nordeste \u00e9 respons\u00e1vel pela alta. A regi\u00e3o, que concentrava 81% das mil piores escolas em 2005, teve resultado melhor no ano passado. &nbsp;<\/p>\n","protected":false},"excerpt":{"rendered":"<p>O MEC (Minist\u00e9rio da Educa\u00e7\u00e3o) divulga nos pr\u00f3ximos dias os resultados do Ideb (\u00cdndice de Desenvolvimento da Educa\u00e7\u00e3o B\u00e1sica) de 2007. As escolas p\u00fablicas, que tiveram nota m\u00e9dia de 3,8 em 2005 &#8211;numa escala que vai de zero a 10&#8211;, pularam para mais de 4 no ano passado &#8211;os resultados parciais j\u00e1 mostram que o [&hellip;]<\/p>\n","protected":false},"author":1,"featured_media":0,"comment_status":"closed","ping_status":"closed","sticky":false,"template":"","format":"standard","meta":{"footnotes":"","_links_to":"","_links_to_target":""},"categories":[9],"tags":[],"class_list":["post-2174","post","type-post","status-publish","format-standard","hentry","category-noticias-da-imprensa"],"yoast_head":"<!-- This site is optimized with the Yoast SEO plugin v15.1 - https:\/\/yoast.com\/wordpress\/plugins\/seo\/ -->\n<title>Escolas p\u00fablicas melhoram resultado no Ideb &raquo; Abrelivros<\/title>\n<meta name=\"robots\" content=\"index, follow, max-snippet:-1, max-image-preview:large, max-video-preview:-1\" \/>\n<link rel=\"canonical\" href=\"https:\/\/abrelivros.org.br\/site\/escolas-publicas-melhoram-resultado-no-ideb\/\" \/>\n<meta property=\"og:locale\" content=\"pt_BR\" \/>\n<meta property=\"og:type\" content=\"article\" \/>\n<meta property=\"og:title\" content=\"Escolas p\u00fablicas melhoram resultado no Ideb &raquo; Abrelivros\" \/>\n<meta property=\"og:description\" content=\"O MEC (Minist\u00e9rio da Educa\u00e7\u00e3o) divulga nos pr\u00f3ximos dias os resultados do Ideb (\u00cdndice de Desenvolvimento da Educa\u00e7\u00e3o B\u00e1sica) de 2007. As escolas p\u00fablicas, que tiveram nota m\u00e9dia de 3,8 em 2005 &#8211;numa escala que vai de zero a 10&#8211;, pularam para mais de 4 no ano passado &#8211;os resultados parciais j\u00e1 mostram que o [&hellip;]\" \/>\n<meta property=\"og:url\" content=\"https:\/\/abrelivros.org.br\/site\/escolas-publicas-melhoram-resultado-no-ideb\/\" \/>\n<meta property=\"og:site_name\" content=\"Abrelivros\" \/>\n<meta property=\"article:published_time\" content=\"2008-06-10T17:52:00+00:00\" \/>\n<meta name=\"twitter:card\" content=\"summary_large_image\" \/>\n<script type=\"application\/ld+json\" class=\"yoast-schema-graph\">{\"@context\":\"https:\/\/schema.org\",\"@graph\":[{\"@type\":\"WebSite\",\"@id\":\"https:\/\/abrelivros.org.br\/site\/#website\",\"url\":\"https:\/\/abrelivros.org.br\/site\/\",\"name\":\"Abrelivros\",\"description\":\"\",\"potentialAction\":[{\"@type\":\"SearchAction\",\"target\":\"https:\/\/abrelivros.org.br\/site\/?s={search_term_string}\",\"query-input\":\"required name=search_term_string\"}],\"inLanguage\":\"pt-BR\"},{\"@type\":\"WebPage\",\"@id\":\"https:\/\/abrelivros.org.br\/site\/escolas-publicas-melhoram-resultado-no-ideb\/#webpage\",\"url\":\"https:\/\/abrelivros.org.br\/site\/escolas-publicas-melhoram-resultado-no-ideb\/\",\"name\":\"Escolas p\\u00fablicas melhoram resultado no Ideb &raquo; Abrelivros\",\"isPartOf\":{\"@id\":\"https:\/\/abrelivros.org.br\/site\/#website\"},\"datePublished\":\"2008-06-10T17:52:00+00:00\",\"dateModified\":\"2008-06-10T17:52:00+00:00\",\"author\":{\"@id\":\"https:\/\/abrelivros.org.br\/site\/#\/schema\/person\/2b867f13a717bb230f1a3555505f5593\"},\"breadcrumb\":{\"@id\":\"https:\/\/abrelivros.org.br\/site\/escolas-publicas-melhoram-resultado-no-ideb\/#breadcrumb\"},\"inLanguage\":\"pt-BR\",\"potentialAction\":[{\"@type\":\"ReadAction\",\"target\":[\"https:\/\/abrelivros.org.br\/site\/escolas-publicas-melhoram-resultado-no-ideb\/\"]}]},{\"@type\":\"BreadcrumbList\",\"@id\":\"https:\/\/abrelivros.org.br\/site\/escolas-publicas-melhoram-resultado-no-ideb\/#breadcrumb\",\"itemListElement\":[{\"@type\":\"ListItem\",\"position\":1,\"item\":{\"@type\":\"WebPage\",\"@id\":\"https:\/\/abrelivros.org.br\/site\/\",\"url\":\"https:\/\/abrelivros.org.br\/site\/\",\"name\":\"In\\u00edcio\"}},{\"@type\":\"ListItem\",\"position\":2,\"item\":{\"@type\":\"WebPage\",\"@id\":\"https:\/\/abrelivros.org.br\/site\/category\/noticias\/\",\"url\":\"https:\/\/abrelivros.org.br\/site\/category\/noticias\/\",\"name\":\"Not\\u00edcias\"}},{\"@type\":\"ListItem\",\"position\":3,\"item\":{\"@type\":\"WebPage\",\"@id\":\"https:\/\/abrelivros.org.br\/site\/category\/noticias\/noticias-da-imprensa\/\",\"url\":\"https:\/\/abrelivros.org.br\/site\/category\/noticias\/noticias-da-imprensa\/\",\"name\":\"Not\\u00edcias da imprensa\"}},{\"@type\":\"ListItem\",\"position\":4,\"item\":{\"@type\":\"WebPage\",\"@id\":\"https:\/\/abrelivros.org.br\/site\/escolas-publicas-melhoram-resultado-no-ideb\/\",\"url\":\"https:\/\/abrelivros.org.br\/site\/escolas-publicas-melhoram-resultado-no-ideb\/\",\"name\":\"Escolas p\\u00fablicas melhoram resultado no Ideb\"}}]},{\"@type\":\"Person\",\"@id\":\"https:\/\/abrelivros.org.br\/site\/#\/schema\/person\/2b867f13a717bb230f1a3555505f5593\",\"name\":\"\\u00a0\",\"image\":{\"@type\":\"ImageObject\",\"@id\":\"https:\/\/abrelivros.org.br\/site\/#personlogo\",\"inLanguage\":\"pt-BR\",\"url\":\"https:\/\/secure.gravatar.com\/avatar\/e80b7f5231be2fff5040a8023da424898002831c5439420df182ae62676d2a6f?s=96&d=mm&r=g\",\"caption\":\"\\u00a0\"}}]}<\/script>\n<!-- \/ Yoast SEO plugin. -->","_links":{"self":[{"href":"https:\/\/abrelivros.org.br\/site\/wp-json\/wp\/v2\/posts\/2174","targetHints":{"allow":["GET"]}}],"collection":[{"href":"https:\/\/abrelivros.org.br\/site\/wp-json\/wp\/v2\/posts"}],"about":[{"href":"https:\/\/abrelivros.org.br\/site\/wp-json\/wp\/v2\/types\/post"}],"author":[{"embeddable":true,"href":"https:\/\/abrelivros.org.br\/site\/wp-json\/wp\/v2\/users\/1"}],"replies":[{"embeddable":true,"href":"https:\/\/abrelivros.org.br\/site\/wp-json\/wp\/v2\/comments?post=2174"}],"version-history":[{"count":0,"href":"https:\/\/abrelivros.org.br\/site\/wp-json\/wp\/v2\/posts\/2174\/revisions"}],"wp:attachment":[{"href":"https:\/\/abrelivros.org.br\/site\/wp-json\/wp\/v2\/media?parent=2174"}],"wp:term":[{"taxonomy":"category","embeddable":true,"href":"https:\/\/abrelivros.org.br\/site\/wp-json\/wp\/v2\/categories?post=2174"},{"taxonomy":"post_tag","embeddable":true,"href":"https:\/\/abrelivros.org.br\/site\/wp-json\/wp\/v2\/tags?post=2174"}],"curies":[{"name":"wp","href":"https:\/\/api.w.org\/{rel}","templated":true}]}}