{"id":2173,"date":"2008-06-10T15:13:00","date_gmt":"2008-06-10T18:13:00","guid":{"rendered":"https:\/\/abrelivros.org.br\/site\/2008\/06\/10\/5-mil-escolas-publicas-estao-conectadas-via-banda-larga\/"},"modified":"2008-06-10T15:13:00","modified_gmt":"2008-06-10T18:13:00","slug":"5-mil-escolas-publicas-estao-conectadas-via-banda-larga","status":"publish","type":"post","link":"https:\/\/abrelivros.org.br\/site\/5-mil-escolas-publicas-estao-conectadas-via-banda-larga\/","title":{"rendered":"5 mil escolas p\u00fablicas est\u00e3o conectadas via banda larga"},"content":{"rendered":"<p>Duas mil e quinhentas escolas p\u00fablicas j\u00e1 receberam internet banda larga. O balan\u00e7o foi feito durante o 52\u00ba Painel da Associa\u00e7\u00e3o Brasileira das Telecomunica\u00e7\u00f5es (Telebrasil), na Costa do Sau\u00edpe. O secret\u00e1rio de Educa\u00e7\u00e3o Dist\u00e2ncia do Minist\u00e9rio da Educa\u00e7\u00e3o (MEC), Carlos Eduardo Bielschowsky, representantes das empresas de telefonia, da Casa Civil, do Minist\u00e9rio das Comunica\u00e7\u00f5es, do Conselho Nacional de Secret\u00e1rios de Educa\u00e7\u00e3o (Consed) e da Telebrasil fizeram uma reuni\u00e3o para avaliar os trabalhos. &nbsp;<br \/> &nbsp;<br \/> O programa foi lan\u00e7ado em abril pelo MEC e a meta para o primeiro bimestre, instalar a conex\u00e3o em 2 mil escolas, j\u00e1 foi cumprida. Um dos problemas detectados nesses primeiros meses pelas teles \u00e9 a falta de estrutura em algumas escolas para receber o cabeamento. Em alguns lugares, o laborat\u00f3rio de inform\u00e1tica n\u00e3o existia mais ou a diretoria negou-se a receber os t\u00e9cnicos das empresas porque n\u00e3o havia sido comunicada sobre a instala\u00e7\u00e3o. &nbsp;<br \/> &nbsp;<br \/> \u201cPercebemos que h\u00e1 a necessidade de comunicar a todas as secretarias de educa\u00e7\u00e3o quais escolas ser\u00e3o beneficiadas e quando. Isso foi agora ajustado em um termo de compromisso, o MEC vai repassar isso para a gente responder sobre a valida\u00e7\u00e3o da escola\u201c, explicou o vice-presidente do Consed, Adeum Sauer. As escolas que n\u00e3o tiveram a estrutura passar\u00e3o a vez para aquelas que j\u00e1 podem receber a banda larga at\u00e9 que estejam adequadas. &nbsp;<br \/> &nbsp;<br \/> O programa de banda larga prev\u00ea que 56 mil escolas sejam beneficiadas at\u00e9 2010. Desse total, 40% devem ser instaladas em 2008, 40% em 2009 e os 20% restantes em 2010. O acordo entre governo e teles foi feito a partir da troca da obriga\u00e7\u00e3o das operadoras de telefonia em instalar Postos de Servi\u00e7os de Telecomunica\u00e7\u00f5es (PSTs) e levar aos munic\u00edpios um sistema chamado backhauls, que \u00e9 a infra-estrutura de rede para conex\u00e3o em banda larga. &nbsp;<br \/> &nbsp;<br \/> A avalia\u00e7\u00e3o foi positiva. \u201cSe as empresas n\u00e3o instalarem a rede dentro dos prazos ser\u00e3o multadas, ent\u00e3o n\u00e3o tenho a menor d\u00favida que as metas ser\u00e3o cumpridas\u201c, avaliou o secret\u00e1rio executivo da Telebrasil, C\u00e9sar R\u00f4mulo. Durante o painel, Bielschowsky apresentou o Portal do Professor, que ser\u00e1 lan\u00e7ado ainda em junho e disponibilizar\u00e1 conte\u00fados multim\u00eddias para serem usados em sala de aula. R\u00f4mulo lembrou que \u00e9 fundamental que o governo desenvolva os conte\u00fados digitais pedag\u00f3gicos. &nbsp;<br \/> &nbsp;<br \/> Eles [MEC] est\u00e3o cientes de que \u00e9 preciso capacitar os professores e fornecer esse material, afirmou R\u00f4mulo. Ele n\u00e3o descarta que no futuro as empresas possam estabelecer parcerias com o governo para disponibilizar os conte\u00fados. A gente quer que esse investimento seja otimizado na melhoria da qualidade do ensino. O resultado \u00e9 crian\u00e7a melhor capacitada, apontou. &nbsp;<br \/> &nbsp;<\/p>\n","protected":false},"excerpt":{"rendered":"<p>Duas mil e quinhentas escolas p\u00fablicas j\u00e1 receberam internet banda larga. O balan\u00e7o foi feito durante o 52\u00ba Painel da Associa\u00e7\u00e3o Brasileira das Telecomunica\u00e7\u00f5es (Telebrasil), na Costa do Sau\u00edpe. O secret\u00e1rio de Educa\u00e7\u00e3o Dist\u00e2ncia do Minist\u00e9rio da Educa\u00e7\u00e3o (MEC), Carlos Eduardo Bielschowsky, representantes das empresas de telefonia, da Casa Civil, do Minist\u00e9rio das Comunica\u00e7\u00f5es, do [&hellip;]<\/p>\n","protected":false},"author":1,"featured_media":0,"comment_status":"closed","ping_status":"closed","sticky":false,"template":"","format":"standard","meta":{"footnotes":"","_links_to":"","_links_to_target":""},"categories":[9],"tags":[],"class_list":["post-2173","post","type-post","status-publish","format-standard","hentry","category-noticias-da-imprensa"],"yoast_head":"<!-- This site is optimized with the Yoast SEO plugin v15.1 - https:\/\/yoast.com\/wordpress\/plugins\/seo\/ -->\n<title>5 mil escolas p\u00fablicas est\u00e3o conectadas via banda larga &raquo; Abrelivros<\/title>\n<meta name=\"robots\" content=\"index, follow, max-snippet:-1, max-image-preview:large, max-video-preview:-1\" \/>\n<link rel=\"canonical\" href=\"https:\/\/abrelivros.org.br\/site\/5-mil-escolas-publicas-estao-conectadas-via-banda-larga\/\" \/>\n<meta property=\"og:locale\" content=\"pt_BR\" \/>\n<meta property=\"og:type\" content=\"article\" \/>\n<meta property=\"og:title\" content=\"5 mil escolas p\u00fablicas est\u00e3o conectadas via banda larga &raquo; Abrelivros\" \/>\n<meta property=\"og:description\" content=\"Duas mil e quinhentas escolas p\u00fablicas j\u00e1 receberam internet banda larga. O balan\u00e7o foi feito durante o 52\u00ba Painel da Associa\u00e7\u00e3o Brasileira das Telecomunica\u00e7\u00f5es (Telebrasil), na Costa do Sau\u00edpe. O secret\u00e1rio de Educa\u00e7\u00e3o Dist\u00e2ncia do Minist\u00e9rio da Educa\u00e7\u00e3o (MEC), Carlos Eduardo Bielschowsky, representantes das empresas de telefonia, da Casa Civil, do Minist\u00e9rio das Comunica\u00e7\u00f5es, do [&hellip;]\" \/>\n<meta property=\"og:url\" content=\"https:\/\/abrelivros.org.br\/site\/5-mil-escolas-publicas-estao-conectadas-via-banda-larga\/\" \/>\n<meta property=\"og:site_name\" content=\"Abrelivros\" \/>\n<meta property=\"article:published_time\" content=\"2008-06-10T18:13:00+00:00\" \/>\n<meta name=\"twitter:card\" content=\"summary_large_image\" \/>\n<script type=\"application\/ld+json\" class=\"yoast-schema-graph\">{\"@context\":\"https:\/\/schema.org\",\"@graph\":[{\"@type\":\"WebSite\",\"@id\":\"https:\/\/abrelivros.org.br\/site\/#website\",\"url\":\"https:\/\/abrelivros.org.br\/site\/\",\"name\":\"Abrelivros\",\"description\":\"\",\"potentialAction\":[{\"@type\":\"SearchAction\",\"target\":\"https:\/\/abrelivros.org.br\/site\/?s={search_term_string}\",\"query-input\":\"required name=search_term_string\"}],\"inLanguage\":\"pt-BR\"},{\"@type\":\"WebPage\",\"@id\":\"https:\/\/abrelivros.org.br\/site\/5-mil-escolas-publicas-estao-conectadas-via-banda-larga\/#webpage\",\"url\":\"https:\/\/abrelivros.org.br\/site\/5-mil-escolas-publicas-estao-conectadas-via-banda-larga\/\",\"name\":\"5 mil escolas p\\u00fablicas est\\u00e3o conectadas via banda larga &raquo; Abrelivros\",\"isPartOf\":{\"@id\":\"https:\/\/abrelivros.org.br\/site\/#website\"},\"datePublished\":\"2008-06-10T18:13:00+00:00\",\"dateModified\":\"2008-06-10T18:13:00+00:00\",\"author\":{\"@id\":\"https:\/\/abrelivros.org.br\/site\/#\/schema\/person\/2b867f13a717bb230f1a3555505f5593\"},\"breadcrumb\":{\"@id\":\"https:\/\/abrelivros.org.br\/site\/5-mil-escolas-publicas-estao-conectadas-via-banda-larga\/#breadcrumb\"},\"inLanguage\":\"pt-BR\",\"potentialAction\":[{\"@type\":\"ReadAction\",\"target\":[\"https:\/\/abrelivros.org.br\/site\/5-mil-escolas-publicas-estao-conectadas-via-banda-larga\/\"]}]},{\"@type\":\"BreadcrumbList\",\"@id\":\"https:\/\/abrelivros.org.br\/site\/5-mil-escolas-publicas-estao-conectadas-via-banda-larga\/#breadcrumb\",\"itemListElement\":[{\"@type\":\"ListItem\",\"position\":1,\"item\":{\"@type\":\"WebPage\",\"@id\":\"https:\/\/abrelivros.org.br\/site\/\",\"url\":\"https:\/\/abrelivros.org.br\/site\/\",\"name\":\"In\\u00edcio\"}},{\"@type\":\"ListItem\",\"position\":2,\"item\":{\"@type\":\"WebPage\",\"@id\":\"https:\/\/abrelivros.org.br\/site\/category\/noticias\/\",\"url\":\"https:\/\/abrelivros.org.br\/site\/category\/noticias\/\",\"name\":\"Not\\u00edcias\"}},{\"@type\":\"ListItem\",\"position\":3,\"item\":{\"@type\":\"WebPage\",\"@id\":\"https:\/\/abrelivros.org.br\/site\/category\/noticias\/noticias-da-imprensa\/\",\"url\":\"https:\/\/abrelivros.org.br\/site\/category\/noticias\/noticias-da-imprensa\/\",\"name\":\"Not\\u00edcias da imprensa\"}},{\"@type\":\"ListItem\",\"position\":4,\"item\":{\"@type\":\"WebPage\",\"@id\":\"https:\/\/abrelivros.org.br\/site\/5-mil-escolas-publicas-estao-conectadas-via-banda-larga\/\",\"url\":\"https:\/\/abrelivros.org.br\/site\/5-mil-escolas-publicas-estao-conectadas-via-banda-larga\/\",\"name\":\"5 mil escolas p\\u00fablicas est\\u00e3o conectadas via banda larga\"}}]},{\"@type\":\"Person\",\"@id\":\"https:\/\/abrelivros.org.br\/site\/#\/schema\/person\/2b867f13a717bb230f1a3555505f5593\",\"name\":\"\\u00a0\",\"image\":{\"@type\":\"ImageObject\",\"@id\":\"https:\/\/abrelivros.org.br\/site\/#personlogo\",\"inLanguage\":\"pt-BR\",\"url\":\"https:\/\/secure.gravatar.com\/avatar\/e80b7f5231be2fff5040a8023da424898002831c5439420df182ae62676d2a6f?s=96&d=mm&r=g\",\"caption\":\"\\u00a0\"}}]}<\/script>\n<!-- \/ Yoast SEO plugin. -->","_links":{"self":[{"href":"https:\/\/abrelivros.org.br\/site\/wp-json\/wp\/v2\/posts\/2173","targetHints":{"allow":["GET"]}}],"collection":[{"href":"https:\/\/abrelivros.org.br\/site\/wp-json\/wp\/v2\/posts"}],"about":[{"href":"https:\/\/abrelivros.org.br\/site\/wp-json\/wp\/v2\/types\/post"}],"author":[{"embeddable":true,"href":"https:\/\/abrelivros.org.br\/site\/wp-json\/wp\/v2\/users\/1"}],"replies":[{"embeddable":true,"href":"https:\/\/abrelivros.org.br\/site\/wp-json\/wp\/v2\/comments?post=2173"}],"version-history":[{"count":0,"href":"https:\/\/abrelivros.org.br\/site\/wp-json\/wp\/v2\/posts\/2173\/revisions"}],"wp:attachment":[{"href":"https:\/\/abrelivros.org.br\/site\/wp-json\/wp\/v2\/media?parent=2173"}],"wp:term":[{"taxonomy":"category","embeddable":true,"href":"https:\/\/abrelivros.org.br\/site\/wp-json\/wp\/v2\/categories?post=2173"},{"taxonomy":"post_tag","embeddable":true,"href":"https:\/\/abrelivros.org.br\/site\/wp-json\/wp\/v2\/tags?post=2173"}],"curies":[{"name":"wp","href":"https:\/\/api.w.org\/{rel}","templated":true}]}}