{"id":2172,"date":"2008-06-10T15:24:00","date_gmt":"2008-06-10T18:24:00","guid":{"rendered":"https:\/\/abrelivros.org.br\/site\/2008\/06\/10\/olimpiada-de-portugues-adesao-de-98\/"},"modified":"2008-06-10T15:24:00","modified_gmt":"2008-06-10T18:24:00","slug":"olimpiada-de-portugues-adesao-de-98","status":"publish","type":"post","link":"https:\/\/abrelivros.org.br\/site\/olimpiada-de-portugues-adesao-de-98\/","title":{"rendered":"Olimp\u00edada de portugu\u00eas: ades\u00e3o de 98%"},"content":{"rendered":"<p>Dos 5.564 munic\u00edpios brasileiros, 5.445 t\u00eam pelo menos uma escola inscrita na Olimp\u00edada de L\u00edngua Portuguesa Escrevendo o Futuro. Parceria entre o Minist\u00e9rio da Educa\u00e7\u00e3o e a Funda\u00e7\u00e3o Ita\u00fa Social, a olimp\u00edada \u00e9 uma forma de estimular a leitura e aprimorar o ensino da escrita em escolas p\u00fablicas.\u00a0<br \/> \u00a0<br \/> Todos os estados e o Distrito Federal assinaram o termo de ades\u00e3o. Este ano, s\u00e3o 55.570 escolas, 6.068.400 alunos (estimativa de 30 alunos por classe) e 202.280 professores participantes. Os n\u00fameros mostram que foi atingida a meta proposta pela Secretaria de Educa\u00e7\u00e3o B\u00e1sica (SEB\/MEC).\u00a0<br \/> \u00a0<br \/> A partir de agora, as escolas inscritas come\u00e7am a aplicar em sala de aula as diretrizes dos cadernos de orienta\u00e7\u00e3o pedag\u00f3gica, por meio de oficinas de texto. A inten\u00e7\u00e3o \u00e9 desenvolver a pr\u00e1tica dos estudantes nos g\u00eaneros poesia, mem\u00f3ria e artigo de opini\u00e3o. O professor tamb\u00e9m pode se cadastrar na comunidade virtual do programa para obter ajuda na prepara\u00e7\u00e3o das oficinas, participar de f\u00f3runs de discuss\u00e3o e de cursos a dist\u00e2ncia.\u00a0<br \/> \u00a0<br \/> Nos textos a serem trabalhados nas oficinas, os estudantes ser\u00e3o estimulados a discutir a realidade na qual est\u00e3o inseridos, partindo do tema central O Lugar onde Vivo. \u201cCom esse tema, aproximamos o aluno da realidade da sua escola, do seu bairro, da sua cidade, transformando o ato de aprender num processo din\u00e2mico e envolvente\u201d, ressalta a secret\u00e1ria de Educa\u00e7\u00e3o B\u00e1sica, Maria do Pilar Lacerda.\u00a0<br \/> \u00a0<br \/> Regina C\u00e9lia Fernandez, professora de l\u00edngua portuguesa da Escola Municipal de Ensino Fundamental Comandante Vicente Amato Sobrinho, em S\u00e3o Paulo, diz perceber a anima\u00e7\u00e3o dos alunos. \u201cEsse tipo de projeto incentiva a pesquisa e possibilita um melhor desenvolvimento do estudante, mais do que em aulas convencionais\u201d, afirma. A escola na qual Regina leciona tem 42 estudantes do sexto ano e 150 do nono inscritos na olimp\u00edada.\u00a0<br \/> \u00a0<br \/> A sele\u00e7\u00e3o dos textos vencedores da olimp\u00edada ocorrer\u00e1 em etapas. Na primeira, representantes dos pais, professores e da comunidade v\u00e3o escolher at\u00e9 134 mil textos. Na segunda, especialistas em l\u00edngua portuguesa e representantes das secretarias de Educa\u00e7\u00e3o, universidades e comunidade indicar\u00e3o os 25 mil melhores trabalhos. Em seguida, ser\u00e3o definidos os 500 semifinalistas, que seguem para a etapa regional, de onde sair\u00e3o os 150 textos que concorrer\u00e3o \u00e0 final. A \u00faltima etapa ser\u00e1 o encontro dos finalistas, em Bras\u00edlia. Na capital, ser\u00e3o apontados os 15 vencedores.\u00a0<br \/> \u00a0<br \/> Os 500 alunos e professores semifinalistas receber\u00e3o medalhas de bronze e cole\u00e7\u00f5es de livros. Os 150 finalistas, alunos e professores, medalhas de prata e aparelhos de som. Aos 15 vencedores, alunos e professores, na etapa nacional, ser\u00e3o entregues medalhas de ouro, computadores e impressoras.\u00a0<br \/> \u00a0<br \/> As escolas nas quais estudam os 15 selecionados ser\u00e3o contempladas com laborat\u00f3rios de inform\u00e1tica, compostos por dez microcomputadores e uma impressora, al\u00e9m de livros para a biblioteca. Os munic\u00edpios de origem dos vencedores receber\u00e3o selo do MEC.\u00a0<br \/> \u00a0<br \/> \u00a0<\/p>\n","protected":false},"excerpt":{"rendered":"<p>Dos 5.564 munic\u00edpios brasileiros, 5.445 t\u00eam pelo menos uma escola inscrita na Olimp\u00edada de L\u00edngua Portuguesa Escrevendo o Futuro. Parceria entre o Minist\u00e9rio da Educa\u00e7\u00e3o e a Funda\u00e7\u00e3o Ita\u00fa Social, a olimp\u00edada \u00e9 uma forma de estimular a leitura e aprimorar o ensino da escrita em escolas p\u00fablicas.\u00a0 \u00a0 Todos os estados e o Distrito [&hellip;]<\/p>\n","protected":false},"author":1,"featured_media":0,"comment_status":"closed","ping_status":"closed","sticky":false,"template":"","format":"standard","meta":{"footnotes":"","_links_to":"","_links_to_target":""},"categories":[9],"tags":[],"class_list":["post-2172","post","type-post","status-publish","format-standard","hentry","category-noticias-da-imprensa"],"yoast_head":"<!-- This site is optimized with the Yoast SEO plugin v15.1 - https:\/\/yoast.com\/wordpress\/plugins\/seo\/ -->\n<title>Olimp\u00edada de portugu\u00eas: ades\u00e3o de 98% &raquo; Abrelivros<\/title>\n<meta name=\"robots\" content=\"index, follow, max-snippet:-1, max-image-preview:large, max-video-preview:-1\" \/>\n<link rel=\"canonical\" href=\"https:\/\/abrelivros.org.br\/site\/olimpiada-de-portugues-adesao-de-98\/\" \/>\n<meta property=\"og:locale\" content=\"pt_BR\" \/>\n<meta property=\"og:type\" content=\"article\" \/>\n<meta property=\"og:title\" content=\"Olimp\u00edada de portugu\u00eas: ades\u00e3o de 98% &raquo; Abrelivros\" \/>\n<meta property=\"og:description\" content=\"Dos 5.564 munic\u00edpios brasileiros, 5.445 t\u00eam pelo menos uma escola inscrita na Olimp\u00edada de L\u00edngua Portuguesa Escrevendo o Futuro. Parceria entre o Minist\u00e9rio da Educa\u00e7\u00e3o e a Funda\u00e7\u00e3o Ita\u00fa Social, a olimp\u00edada \u00e9 uma forma de estimular a leitura e aprimorar o ensino da escrita em escolas p\u00fablicas.\u00a0 \u00a0 Todos os estados e o Distrito [&hellip;]\" \/>\n<meta property=\"og:url\" content=\"https:\/\/abrelivros.org.br\/site\/olimpiada-de-portugues-adesao-de-98\/\" \/>\n<meta property=\"og:site_name\" content=\"Abrelivros\" \/>\n<meta property=\"article:published_time\" content=\"2008-06-10T18:24:00+00:00\" \/>\n<meta name=\"twitter:card\" content=\"summary_large_image\" \/>\n<script type=\"application\/ld+json\" class=\"yoast-schema-graph\">{\"@context\":\"https:\/\/schema.org\",\"@graph\":[{\"@type\":\"WebSite\",\"@id\":\"https:\/\/abrelivros.org.br\/site\/#website\",\"url\":\"https:\/\/abrelivros.org.br\/site\/\",\"name\":\"Abrelivros\",\"description\":\"\",\"potentialAction\":[{\"@type\":\"SearchAction\",\"target\":\"https:\/\/abrelivros.org.br\/site\/?s={search_term_string}\",\"query-input\":\"required name=search_term_string\"}],\"inLanguage\":\"pt-BR\"},{\"@type\":\"WebPage\",\"@id\":\"https:\/\/abrelivros.org.br\/site\/olimpiada-de-portugues-adesao-de-98\/#webpage\",\"url\":\"https:\/\/abrelivros.org.br\/site\/olimpiada-de-portugues-adesao-de-98\/\",\"name\":\"Olimp\\u00edada de portugu\\u00eas: ades\\u00e3o de 98% &raquo; Abrelivros\",\"isPartOf\":{\"@id\":\"https:\/\/abrelivros.org.br\/site\/#website\"},\"datePublished\":\"2008-06-10T18:24:00+00:00\",\"dateModified\":\"2008-06-10T18:24:00+00:00\",\"author\":{\"@id\":\"https:\/\/abrelivros.org.br\/site\/#\/schema\/person\/2b867f13a717bb230f1a3555505f5593\"},\"breadcrumb\":{\"@id\":\"https:\/\/abrelivros.org.br\/site\/olimpiada-de-portugues-adesao-de-98\/#breadcrumb\"},\"inLanguage\":\"pt-BR\",\"potentialAction\":[{\"@type\":\"ReadAction\",\"target\":[\"https:\/\/abrelivros.org.br\/site\/olimpiada-de-portugues-adesao-de-98\/\"]}]},{\"@type\":\"BreadcrumbList\",\"@id\":\"https:\/\/abrelivros.org.br\/site\/olimpiada-de-portugues-adesao-de-98\/#breadcrumb\",\"itemListElement\":[{\"@type\":\"ListItem\",\"position\":1,\"item\":{\"@type\":\"WebPage\",\"@id\":\"https:\/\/abrelivros.org.br\/site\/\",\"url\":\"https:\/\/abrelivros.org.br\/site\/\",\"name\":\"In\\u00edcio\"}},{\"@type\":\"ListItem\",\"position\":2,\"item\":{\"@type\":\"WebPage\",\"@id\":\"https:\/\/abrelivros.org.br\/site\/category\/noticias\/\",\"url\":\"https:\/\/abrelivros.org.br\/site\/category\/noticias\/\",\"name\":\"Not\\u00edcias\"}},{\"@type\":\"ListItem\",\"position\":3,\"item\":{\"@type\":\"WebPage\",\"@id\":\"https:\/\/abrelivros.org.br\/site\/category\/noticias\/noticias-da-imprensa\/\",\"url\":\"https:\/\/abrelivros.org.br\/site\/category\/noticias\/noticias-da-imprensa\/\",\"name\":\"Not\\u00edcias da imprensa\"}},{\"@type\":\"ListItem\",\"position\":4,\"item\":{\"@type\":\"WebPage\",\"@id\":\"https:\/\/abrelivros.org.br\/site\/olimpiada-de-portugues-adesao-de-98\/\",\"url\":\"https:\/\/abrelivros.org.br\/site\/olimpiada-de-portugues-adesao-de-98\/\",\"name\":\"Olimp\\u00edada de portugu\\u00eas: ades\\u00e3o de 98%\"}}]},{\"@type\":\"Person\",\"@id\":\"https:\/\/abrelivros.org.br\/site\/#\/schema\/person\/2b867f13a717bb230f1a3555505f5593\",\"name\":\"\\u00a0\",\"image\":{\"@type\":\"ImageObject\",\"@id\":\"https:\/\/abrelivros.org.br\/site\/#personlogo\",\"inLanguage\":\"pt-BR\",\"url\":\"https:\/\/secure.gravatar.com\/avatar\/e80b7f5231be2fff5040a8023da424898002831c5439420df182ae62676d2a6f?s=96&d=mm&r=g\",\"caption\":\"\\u00a0\"}}]}<\/script>\n<!-- \/ Yoast SEO plugin. -->","_links":{"self":[{"href":"https:\/\/abrelivros.org.br\/site\/wp-json\/wp\/v2\/posts\/2172","targetHints":{"allow":["GET"]}}],"collection":[{"href":"https:\/\/abrelivros.org.br\/site\/wp-json\/wp\/v2\/posts"}],"about":[{"href":"https:\/\/abrelivros.org.br\/site\/wp-json\/wp\/v2\/types\/post"}],"author":[{"embeddable":true,"href":"https:\/\/abrelivros.org.br\/site\/wp-json\/wp\/v2\/users\/1"}],"replies":[{"embeddable":true,"href":"https:\/\/abrelivros.org.br\/site\/wp-json\/wp\/v2\/comments?post=2172"}],"version-history":[{"count":0,"href":"https:\/\/abrelivros.org.br\/site\/wp-json\/wp\/v2\/posts\/2172\/revisions"}],"wp:attachment":[{"href":"https:\/\/abrelivros.org.br\/site\/wp-json\/wp\/v2\/media?parent=2172"}],"wp:term":[{"taxonomy":"category","embeddable":true,"href":"https:\/\/abrelivros.org.br\/site\/wp-json\/wp\/v2\/categories?post=2172"},{"taxonomy":"post_tag","embeddable":true,"href":"https:\/\/abrelivros.org.br\/site\/wp-json\/wp\/v2\/tags?post=2172"}],"curies":[{"name":"wp","href":"https:\/\/api.w.org\/{rel}","templated":true}]}}