{"id":2171,"date":"2008-06-11T13:53:00","date_gmt":"2008-06-11T16:53:00","guid":{"rendered":"https:\/\/abrelivros.org.br\/site\/2008\/06\/11\/ensino-basico-supera-meta-no-ideb\/"},"modified":"2008-06-11T13:53:00","modified_gmt":"2008-06-11T16:53:00","slug":"ensino-basico-supera-meta-no-ideb","status":"publish","type":"post","link":"https:\/\/abrelivros.org.br\/site\/ensino-basico-supera-meta-no-ideb\/","title":{"rendered":"Ensino b\u00e1sico supera meta no Ideb"},"content":{"rendered":"<p>A educa\u00e7\u00e3o b\u00e1sica p\u00fablica brasileira superou em 2007 as metas de qualidade determinadas pelo governo federal para 2009. \u00c9 o que revelam os resultados do \u00cdndice de Desenvolvimento da Educa\u00e7\u00e3o B\u00e1sica (Ideb), que ser\u00e1 divulgado hoje pelo Minist\u00e9rio da Educa\u00e7\u00e3o (MEC).\u00a0<br \/> \u00a0<br \/> O Ideb foi criado no ano passado pelo governo e leva em conta as taxas de aprova\u00e7\u00e3o, abandono escolar e o desempenho em duas avalia\u00e7\u00f5es nacionais feitas em 2007, o Saeb e a Prova Brasil.\u00a0<br \/> \u00a0<br \/> Segundo dados aos quais o Estado teve acesso, a nova m\u00e9dia brasileira de 1\u00aa a 4\u00aa s\u00e9rie \u00e9 4,2. O Ideb vai de 0 a 10. No ano passado foram divulgados os \u00edndices com rela\u00e7\u00e3o \u00e0s avalia\u00e7\u00f5es de 2005 e a m\u00e9dia era de 3,8 (crescimento de 10,5%). No entanto, a meta que tinha sido tra\u00e7ada para que o Pa\u00eds alcan\u00e7asse em 2007 era de 3,9. Chegou, inclusive, ao objetivo para 2009, que era 4,2.\u00a0<br \/> \u00a0<br \/> Segundo informa\u00e7\u00f5es do MEC, o Nordeste foi a regi\u00e3o que mais contribuiu para o aumento da nota do Pa\u00eds. As m\u00e9dias dos nordestinos superaram as metas de 2007 e de 2009. Minas Gerais foi o \u00fanico Estado que n\u00e3o atingiu a meta de 2007 entre 1\u00aa e 4\u00aa s\u00e9rie. No n\u00edvel de 5\u00aa a 8\u00aa, apenas Amap\u00e1 e Par\u00e1 n\u00e3o o fizeram.\u00a0<br \/> \u00a0<br \/> O Ideb obtido por alunos de 5\u00aa a 8\u00aa s\u00e9rie no Brasil foi de 3,8, o que representa aumento de 8,57%. Nesse n\u00edvel de ensino, a meta para 2007 j\u00e1 tinha sido atingida (3,5), mas agora passou tamb\u00e9m o \u00edndice previsto para 2009, que era de 3,7. O ensino m\u00e9dio teve a m\u00e9dia mais baixa, de 3,5, mesmo assim igualou a meta de 2009. \u00a0<br \/> \u00a0<br \/> \u201c\u00c9 um \u00f3timo resultado, mas as metas dos anos iniciais foram colocadas em n\u00edveis muito baixos\u201c, diz o educador da Universidade Federal de Minas Gerais (UFMG), Francisco Soares, ressaltando que mesmo as m\u00e9dias j\u00e1 obtidas continuam num patamar abaixo de pa\u00edses desenvolvidos. \u201cNo entanto, isso mostra que estipular metas e cobrar esfor\u00e7os traz efeitos.\u201c Segundo ele, j\u00e1 que o Pa\u00eds saiu de \u00edndices muito baixos, haver\u00e1 mais dificuldades a partir de agora para melhorar.\u00a0<br \/> \u00a0<br \/> \u201cFoi a primeira vez que o Brasil teve um regime de colabora\u00e7\u00e3o. Antes, os sistemas estaduais estavam fazendo uma coisa, os municipais, outra e o MEC, outra\u201c, diz a presidente do Conselho Nacional de Secret\u00e1rios de Educa\u00e7\u00e3o (Consed), Dorinha Seabra Rezende. Segundo ela, iniciativas como o Plano de Desenvolvimento da Educa\u00e7\u00e3o (PDE), do MEC, e o movimento Todos pela Educa\u00e7\u00e3o, organizado por empres\u00e1rios para apoiar a \u00e1rea, ajudaram nesse sentido.\u00a0<br \/> \u00a0<br \/> Dorinha tamb\u00e9m \u00e9 secret\u00e1ria da Educa\u00e7\u00e3o de Tocantins, um dos cinco Estados que mais se destacaram no Ideb 2007. Al\u00e9m dele, Acre, Maranh\u00e3o, Paran\u00e1 e o Distrito Federal atingiram as metas de 2007 nos tr\u00eas n\u00edveis de ensino. Esses Estados melhoraram todos seus indicadores, como quantidade de alunos na s\u00e9rie adequada para a idade e notas no Saeb e na Prova Brasil. \u00a0<br \/> \u00a0<br \/> O crescimento de Tocantins chama a aten\u00e7\u00e3o porque em 2001 era o pior Estado em desempenho nos exames. Hoje, com uma rede p\u00fablica de 560 mil alunos, tem um dos maiores sal\u00e1rios de professores do Pa\u00eds. \u201cNosso segredo \u00e9 o monitoramento das escolas\u201c, diz a secret\u00e1ria. Segundo ela, nada foi facilitado para que os alunos se sa\u00edssem melhor. A m\u00e9dia passou de 5 para 7 nas provas e n\u00e3o h\u00e1 progress\u00e3o continuada (os estudantes precisam passar de ano em todas as disciplinas). Proje\u00e7\u00f5es do MEC indicam que pa\u00edses desenvolvidos teriam Ideb 6,0. Hoje devem ser divulgados \u00edndices de todos os Estados. \u00a0<br \/> \u00a0<br \/> \u00a0<br \/> \u00a0<br \/><B> N\u00daMEROS\u00a0<br \/> \u00a0<br \/><\/B> 4,2 \u00e9 o Ideb de 1.\u00aa a 4.\u00aa s\u00e9rie\u00a0<br \/><em> que representa um crescimento de 10% com rela\u00e7\u00e3o ao \u00edndice de 2005, quando era de 3,8 \u00a0<br \/><\/em> \u00a0<br \/><em> 3,8 \u00e9 o dos alunos de 5.\u00aa a 8.\u00aa\u00a0<br \/><\/em> que, em 2005, tinham m\u00e9dia 3,5. J\u00e1 estavam na meta de 2007\u00a0<br \/> \u00a0<br \/><em> 3,5 \u00e9 o Ideb do ensino m\u00e9dio\u00a0<br \/><\/em> que estava em 3,4 em 2005\u00a0<br \/> \u00a0<\/p>\n","protected":false},"excerpt":{"rendered":"<p>A educa\u00e7\u00e3o b\u00e1sica p\u00fablica brasileira superou em 2007 as metas de qualidade determinadas pelo governo federal para 2009. \u00c9 o que revelam os resultados do \u00cdndice de Desenvolvimento da Educa\u00e7\u00e3o B\u00e1sica (Ideb), que ser\u00e1 divulgado hoje pelo Minist\u00e9rio da Educa\u00e7\u00e3o (MEC).\u00a0 \u00a0 O Ideb foi criado no ano passado pelo governo e leva em conta [&hellip;]<\/p>\n","protected":false},"author":1,"featured_media":0,"comment_status":"closed","ping_status":"closed","sticky":false,"template":"","format":"standard","meta":{"footnotes":"","_links_to":"","_links_to_target":""},"categories":[9],"tags":[],"class_list":["post-2171","post","type-post","status-publish","format-standard","hentry","category-noticias-da-imprensa"],"yoast_head":"<!-- This site is optimized with the Yoast SEO plugin v15.1 - https:\/\/yoast.com\/wordpress\/plugins\/seo\/ -->\n<title>Ensino b\u00e1sico supera meta no Ideb &raquo; Abrelivros<\/title>\n<meta name=\"robots\" content=\"index, follow, max-snippet:-1, max-image-preview:large, max-video-preview:-1\" \/>\n<link rel=\"canonical\" href=\"https:\/\/abrelivros.org.br\/site\/ensino-basico-supera-meta-no-ideb\/\" \/>\n<meta property=\"og:locale\" content=\"pt_BR\" \/>\n<meta property=\"og:type\" content=\"article\" \/>\n<meta property=\"og:title\" content=\"Ensino b\u00e1sico supera meta no Ideb &raquo; Abrelivros\" \/>\n<meta property=\"og:description\" content=\"A educa\u00e7\u00e3o b\u00e1sica p\u00fablica brasileira superou em 2007 as metas de qualidade determinadas pelo governo federal para 2009. \u00c9 o que revelam os resultados do \u00cdndice de Desenvolvimento da Educa\u00e7\u00e3o B\u00e1sica (Ideb), que ser\u00e1 divulgado hoje pelo Minist\u00e9rio da Educa\u00e7\u00e3o (MEC).\u00a0 \u00a0 O Ideb foi criado no ano passado pelo governo e leva em conta [&hellip;]\" \/>\n<meta property=\"og:url\" content=\"https:\/\/abrelivros.org.br\/site\/ensino-basico-supera-meta-no-ideb\/\" \/>\n<meta property=\"og:site_name\" content=\"Abrelivros\" \/>\n<meta property=\"article:published_time\" content=\"2008-06-11T16:53:00+00:00\" \/>\n<meta name=\"twitter:card\" content=\"summary_large_image\" \/>\n<script type=\"application\/ld+json\" class=\"yoast-schema-graph\">{\"@context\":\"https:\/\/schema.org\",\"@graph\":[{\"@type\":\"WebSite\",\"@id\":\"https:\/\/abrelivros.org.br\/site\/#website\",\"url\":\"https:\/\/abrelivros.org.br\/site\/\",\"name\":\"Abrelivros\",\"description\":\"\",\"potentialAction\":[{\"@type\":\"SearchAction\",\"target\":\"https:\/\/abrelivros.org.br\/site\/?s={search_term_string}\",\"query-input\":\"required name=search_term_string\"}],\"inLanguage\":\"pt-BR\"},{\"@type\":\"WebPage\",\"@id\":\"https:\/\/abrelivros.org.br\/site\/ensino-basico-supera-meta-no-ideb\/#webpage\",\"url\":\"https:\/\/abrelivros.org.br\/site\/ensino-basico-supera-meta-no-ideb\/\",\"name\":\"Ensino b\\u00e1sico supera meta no Ideb &raquo; Abrelivros\",\"isPartOf\":{\"@id\":\"https:\/\/abrelivros.org.br\/site\/#website\"},\"datePublished\":\"2008-06-11T16:53:00+00:00\",\"dateModified\":\"2008-06-11T16:53:00+00:00\",\"author\":{\"@id\":\"https:\/\/abrelivros.org.br\/site\/#\/schema\/person\/2b867f13a717bb230f1a3555505f5593\"},\"breadcrumb\":{\"@id\":\"https:\/\/abrelivros.org.br\/site\/ensino-basico-supera-meta-no-ideb\/#breadcrumb\"},\"inLanguage\":\"pt-BR\",\"potentialAction\":[{\"@type\":\"ReadAction\",\"target\":[\"https:\/\/abrelivros.org.br\/site\/ensino-basico-supera-meta-no-ideb\/\"]}]},{\"@type\":\"BreadcrumbList\",\"@id\":\"https:\/\/abrelivros.org.br\/site\/ensino-basico-supera-meta-no-ideb\/#breadcrumb\",\"itemListElement\":[{\"@type\":\"ListItem\",\"position\":1,\"item\":{\"@type\":\"WebPage\",\"@id\":\"https:\/\/abrelivros.org.br\/site\/\",\"url\":\"https:\/\/abrelivros.org.br\/site\/\",\"name\":\"In\\u00edcio\"}},{\"@type\":\"ListItem\",\"position\":2,\"item\":{\"@type\":\"WebPage\",\"@id\":\"https:\/\/abrelivros.org.br\/site\/category\/noticias\/\",\"url\":\"https:\/\/abrelivros.org.br\/site\/category\/noticias\/\",\"name\":\"Not\\u00edcias\"}},{\"@type\":\"ListItem\",\"position\":3,\"item\":{\"@type\":\"WebPage\",\"@id\":\"https:\/\/abrelivros.org.br\/site\/category\/noticias\/noticias-da-imprensa\/\",\"url\":\"https:\/\/abrelivros.org.br\/site\/category\/noticias\/noticias-da-imprensa\/\",\"name\":\"Not\\u00edcias da imprensa\"}},{\"@type\":\"ListItem\",\"position\":4,\"item\":{\"@type\":\"WebPage\",\"@id\":\"https:\/\/abrelivros.org.br\/site\/ensino-basico-supera-meta-no-ideb\/\",\"url\":\"https:\/\/abrelivros.org.br\/site\/ensino-basico-supera-meta-no-ideb\/\",\"name\":\"Ensino b\\u00e1sico supera meta no Ideb\"}}]},{\"@type\":\"Person\",\"@id\":\"https:\/\/abrelivros.org.br\/site\/#\/schema\/person\/2b867f13a717bb230f1a3555505f5593\",\"name\":\"\\u00a0\",\"image\":{\"@type\":\"ImageObject\",\"@id\":\"https:\/\/abrelivros.org.br\/site\/#personlogo\",\"inLanguage\":\"pt-BR\",\"url\":\"https:\/\/secure.gravatar.com\/avatar\/e80b7f5231be2fff5040a8023da424898002831c5439420df182ae62676d2a6f?s=96&d=mm&r=g\",\"caption\":\"\\u00a0\"}}]}<\/script>\n<!-- \/ Yoast SEO plugin. -->","_links":{"self":[{"href":"https:\/\/abrelivros.org.br\/site\/wp-json\/wp\/v2\/posts\/2171","targetHints":{"allow":["GET"]}}],"collection":[{"href":"https:\/\/abrelivros.org.br\/site\/wp-json\/wp\/v2\/posts"}],"about":[{"href":"https:\/\/abrelivros.org.br\/site\/wp-json\/wp\/v2\/types\/post"}],"author":[{"embeddable":true,"href":"https:\/\/abrelivros.org.br\/site\/wp-json\/wp\/v2\/users\/1"}],"replies":[{"embeddable":true,"href":"https:\/\/abrelivros.org.br\/site\/wp-json\/wp\/v2\/comments?post=2171"}],"version-history":[{"count":0,"href":"https:\/\/abrelivros.org.br\/site\/wp-json\/wp\/v2\/posts\/2171\/revisions"}],"wp:attachment":[{"href":"https:\/\/abrelivros.org.br\/site\/wp-json\/wp\/v2\/media?parent=2171"}],"wp:term":[{"taxonomy":"category","embeddable":true,"href":"https:\/\/abrelivros.org.br\/site\/wp-json\/wp\/v2\/categories?post=2171"},{"taxonomy":"post_tag","embeddable":true,"href":"https:\/\/abrelivros.org.br\/site\/wp-json\/wp\/v2\/tags?post=2171"}],"curies":[{"name":"wp","href":"https:\/\/api.w.org\/{rel}","templated":true}]}}