{"id":2170,"date":"2008-06-11T15:29:00","date_gmt":"2008-06-11T18:29:00","guid":{"rendered":"https:\/\/abrelivros.org.br\/site\/2008\/06\/11\/alunos-dao-nota-71-para-ensino-medio\/"},"modified":"2008-06-11T15:29:00","modified_gmt":"2008-06-11T18:29:00","slug":"alunos-dao-nota-71-para-ensino-medio","status":"publish","type":"post","link":"https:\/\/abrelivros.org.br\/site\/alunos-dao-nota-71-para-ensino-medio\/","title":{"rendered":"Alunos d\u00e3o nota 7,1 para ensino m\u00e9dio"},"content":{"rendered":"<p>Apesar das v\u00e1rias avalia\u00e7\u00f5es que mostram que o ensino m\u00e9dio est\u00e1 muito aqu\u00e9m do desejado, os alunos, ao analisarem a forma\u00e7\u00e3o que receberam, t\u00eam outro diagn\u00f3stico. No question\u00e1rio socioecon\u00f4mico que responderam no Enem (Exame Nacional do Ensino M\u00e9dio) do ano passado, eles deram para seus col\u00e9gios nota m\u00e9dia 7,1.&nbsp;<br \/> &nbsp;<br \/> Essa boa avalia\u00e7\u00e3o varia pouco conforme o desempenho do aluno. Entre os que foram mal no exame, a m\u00e9dia \u00e9 de 7,2; entre aqueles que foram bem, ela fica em 7,1. A an\u00e1lise das condi\u00e7\u00f5es de oferta do ensino e do corpo docente tamb\u00e9m s\u00e3o positivas na maioria dos quesitos.&nbsp;<br \/> &nbsp;<br \/> Mercado de trabalho&nbsp;<br \/> &nbsp;<br \/> Um dos poucos itens em que ela \u00e9 mais cr\u00edtica \u00e9 a prepara\u00e7\u00e3o para o mercado de trabalho.&nbsp;<br \/> Para 52% dos estudantes que j\u00e1 trabalhavam, os conhecimentos que eles adquiriram no ensino m\u00e9dio n\u00e3o eram adequados ao que o mercado solicitava. Um percentual ainda maior (73%) afirmou que o que aprendeu n\u00e3o tem rela\u00e7\u00e3o com a profiss\u00e3o exercida.&nbsp;<br \/> &nbsp;<br \/> A boa avalia\u00e7\u00e3o que os estudantes fazem de sua forma\u00e7\u00e3o destoa do diagn\u00f3stico em levantamentos oficiais. No Saeb (exame do MEC que avalia a qualidade), por exemplo, as m\u00e9dias dos alunos do terceiro ano do ensino m\u00e9dio em portugu\u00eas e matem\u00e1tica chegaram, em 2005 (\u00faltimo ano com resultados j\u00e1 divulgados), ao menor n\u00edvel desde 1995.&nbsp;<br \/> &nbsp;<br \/> No Pisa (exame internacional que comprara o desempenho de alunos de 15 anos em ci\u00eancias, matem\u00e1tica e leitura), o Brasil ficou nas \u00faltimas posi\u00e7\u00f5es quando comparado com 57 pa\u00edses.&nbsp;<br \/> Para o presidente do Inep (instituto de avalia\u00e7\u00e3o e pesquisa do MEC), Reynaldo Fernandes, a tend\u00eancia de avaliar positivamente o ensino n\u00e3o acontece s\u00f3 no Brasil.&nbsp;<br \/> &nbsp;<br \/> \u201cNo mundo inteiro, a avalia\u00e7\u00e3o dos pais ou dos alunos tende a ser positiva. Nos EUA, por exemplo, mesmo em escolas mal avaliadas, os pais tendem a ser mais condescendentes. No Brasil, outras pesquisas tamb\u00e9m j\u00e1 demonstraram isso.\u201c&nbsp;<br \/> &nbsp;<br \/> Expectativa&nbsp;<br \/> &nbsp;<br \/> Fernandes diz que a avalia\u00e7\u00e3o que o aluno faz \u00e9 influenciada sempre pela expectativa que tem da escola. \u201cAlunos mais bem preparados tendem a ser mais exigentes. Uma escola com fama de ser muito boa cria alta expectativa e nem sempre ele considera que \u00e9 tudo aquilo que esperava.\u201c&nbsp;<br \/> &nbsp;<br \/> Um exemplo de bom aluno com avalia\u00e7\u00e3o rigorosa da escola \u00e9 Eduardo Yuji Hore, 21, que tirou nota m\u00e1xima na reda\u00e7\u00e3o e errou uma quest\u00e3o da prova objetiva. Ele fez, no ano passado, o exame pela terceira vez. Na primeira, s\u00f3 para treinar. Na segunda, para ajudar a ingressar no curso de engenharia ambiental da Unesp. Na \u00faltima, para ingressar em ci\u00eancias sociais na USP.&nbsp;<br \/> &nbsp;<br \/> Hore afirma que, hoje, daria apenas nota 4 para o col\u00e9gio onde estudou -o Etapa. \u201cDepois que troquei o curso de engenharia ambiental pelo de ci\u00eancias sociais, percebi que a forma\u00e7\u00e3o human\u00edstica que recebi deixou muito a desejar. Meu col\u00e9gio se preocupou muito com a prepara\u00e7\u00e3o para o vestibular, mas deixou de lado a forma\u00e7\u00e3o cultural.\u201c&nbsp;<br \/> &nbsp;<br \/> Nem todos os melhores do Enem, por\u00e9m, s\u00e3o t\u00e3o cr\u00edticos assim. Lu\u00edsa Lima Castro, 18, que tirou nota m\u00e1xima na reda\u00e7\u00e3o e na prova objetiva, deu nota 9 ao Cefet de Belo Horizonte.&nbsp;<br \/> &nbsp;<br \/> \u201cS\u00f3 n\u00e3o dou 10 porque teve um ou outro professor que deixou a desejar. Mas, pelo que vejo, a maioria das escolas p\u00fablicas de ensino m\u00e9dio n\u00e3o tem o investimento que a gente percebe no Cefet. \u00c9 uma escola bem cuidada e com professores com disposi\u00e7\u00e3o para dar aula.\u201c&nbsp;<br \/> &nbsp;<br \/> &nbsp;<\/p>\n","protected":false},"excerpt":{"rendered":"<p>Apesar das v\u00e1rias avalia\u00e7\u00f5es que mostram que o ensino m\u00e9dio est\u00e1 muito aqu\u00e9m do desejado, os alunos, ao analisarem a forma\u00e7\u00e3o que receberam, t\u00eam outro diagn\u00f3stico. No question\u00e1rio socioecon\u00f4mico que responderam no Enem (Exame Nacional do Ensino M\u00e9dio) do ano passado, eles deram para seus col\u00e9gios nota m\u00e9dia 7,1.&nbsp; &nbsp; Essa boa avalia\u00e7\u00e3o varia pouco [&hellip;]<\/p>\n","protected":false},"author":1,"featured_media":0,"comment_status":"closed","ping_status":"closed","sticky":false,"template":"","format":"standard","meta":{"footnotes":"","_links_to":"","_links_to_target":""},"categories":[9],"tags":[],"class_list":["post-2170","post","type-post","status-publish","format-standard","hentry","category-noticias-da-imprensa"],"yoast_head":"<!-- This site is optimized with the Yoast SEO plugin v15.1 - https:\/\/yoast.com\/wordpress\/plugins\/seo\/ -->\n<title>Alunos d\u00e3o nota 7,1 para ensino m\u00e9dio &raquo; Abrelivros<\/title>\n<meta name=\"robots\" content=\"index, follow, max-snippet:-1, max-image-preview:large, max-video-preview:-1\" \/>\n<link rel=\"canonical\" href=\"https:\/\/abrelivros.org.br\/site\/alunos-dao-nota-71-para-ensino-medio\/\" \/>\n<meta property=\"og:locale\" content=\"pt_BR\" \/>\n<meta property=\"og:type\" content=\"article\" \/>\n<meta property=\"og:title\" content=\"Alunos d\u00e3o nota 7,1 para ensino m\u00e9dio &raquo; Abrelivros\" \/>\n<meta property=\"og:description\" content=\"Apesar das v\u00e1rias avalia\u00e7\u00f5es que mostram que o ensino m\u00e9dio est\u00e1 muito aqu\u00e9m do desejado, os alunos, ao analisarem a forma\u00e7\u00e3o que receberam, t\u00eam outro diagn\u00f3stico. No question\u00e1rio socioecon\u00f4mico que responderam no Enem (Exame Nacional do Ensino M\u00e9dio) do ano passado, eles deram para seus col\u00e9gios nota m\u00e9dia 7,1.&nbsp; &nbsp; Essa boa avalia\u00e7\u00e3o varia pouco [&hellip;]\" \/>\n<meta property=\"og:url\" content=\"https:\/\/abrelivros.org.br\/site\/alunos-dao-nota-71-para-ensino-medio\/\" \/>\n<meta property=\"og:site_name\" content=\"Abrelivros\" \/>\n<meta property=\"article:published_time\" content=\"2008-06-11T18:29:00+00:00\" \/>\n<meta name=\"twitter:card\" content=\"summary_large_image\" \/>\n<script type=\"application\/ld+json\" class=\"yoast-schema-graph\">{\"@context\":\"https:\/\/schema.org\",\"@graph\":[{\"@type\":\"WebSite\",\"@id\":\"https:\/\/abrelivros.org.br\/site\/#website\",\"url\":\"https:\/\/abrelivros.org.br\/site\/\",\"name\":\"Abrelivros\",\"description\":\"\",\"potentialAction\":[{\"@type\":\"SearchAction\",\"target\":\"https:\/\/abrelivros.org.br\/site\/?s={search_term_string}\",\"query-input\":\"required name=search_term_string\"}],\"inLanguage\":\"pt-BR\"},{\"@type\":\"WebPage\",\"@id\":\"https:\/\/abrelivros.org.br\/site\/alunos-dao-nota-71-para-ensino-medio\/#webpage\",\"url\":\"https:\/\/abrelivros.org.br\/site\/alunos-dao-nota-71-para-ensino-medio\/\",\"name\":\"Alunos d\\u00e3o nota 7,1 para ensino m\\u00e9dio &raquo; Abrelivros\",\"isPartOf\":{\"@id\":\"https:\/\/abrelivros.org.br\/site\/#website\"},\"datePublished\":\"2008-06-11T18:29:00+00:00\",\"dateModified\":\"2008-06-11T18:29:00+00:00\",\"author\":{\"@id\":\"https:\/\/abrelivros.org.br\/site\/#\/schema\/person\/2b867f13a717bb230f1a3555505f5593\"},\"breadcrumb\":{\"@id\":\"https:\/\/abrelivros.org.br\/site\/alunos-dao-nota-71-para-ensino-medio\/#breadcrumb\"},\"inLanguage\":\"pt-BR\",\"potentialAction\":[{\"@type\":\"ReadAction\",\"target\":[\"https:\/\/abrelivros.org.br\/site\/alunos-dao-nota-71-para-ensino-medio\/\"]}]},{\"@type\":\"BreadcrumbList\",\"@id\":\"https:\/\/abrelivros.org.br\/site\/alunos-dao-nota-71-para-ensino-medio\/#breadcrumb\",\"itemListElement\":[{\"@type\":\"ListItem\",\"position\":1,\"item\":{\"@type\":\"WebPage\",\"@id\":\"https:\/\/abrelivros.org.br\/site\/\",\"url\":\"https:\/\/abrelivros.org.br\/site\/\",\"name\":\"In\\u00edcio\"}},{\"@type\":\"ListItem\",\"position\":2,\"item\":{\"@type\":\"WebPage\",\"@id\":\"https:\/\/abrelivros.org.br\/site\/category\/noticias\/\",\"url\":\"https:\/\/abrelivros.org.br\/site\/category\/noticias\/\",\"name\":\"Not\\u00edcias\"}},{\"@type\":\"ListItem\",\"position\":3,\"item\":{\"@type\":\"WebPage\",\"@id\":\"https:\/\/abrelivros.org.br\/site\/category\/noticias\/noticias-da-imprensa\/\",\"url\":\"https:\/\/abrelivros.org.br\/site\/category\/noticias\/noticias-da-imprensa\/\",\"name\":\"Not\\u00edcias da imprensa\"}},{\"@type\":\"ListItem\",\"position\":4,\"item\":{\"@type\":\"WebPage\",\"@id\":\"https:\/\/abrelivros.org.br\/site\/alunos-dao-nota-71-para-ensino-medio\/\",\"url\":\"https:\/\/abrelivros.org.br\/site\/alunos-dao-nota-71-para-ensino-medio\/\",\"name\":\"Alunos d\\u00e3o nota 7,1 para ensino m\\u00e9dio\"}}]},{\"@type\":\"Person\",\"@id\":\"https:\/\/abrelivros.org.br\/site\/#\/schema\/person\/2b867f13a717bb230f1a3555505f5593\",\"name\":\"\\u00a0\",\"image\":{\"@type\":\"ImageObject\",\"@id\":\"https:\/\/abrelivros.org.br\/site\/#personlogo\",\"inLanguage\":\"pt-BR\",\"url\":\"https:\/\/secure.gravatar.com\/avatar\/e80b7f5231be2fff5040a8023da424898002831c5439420df182ae62676d2a6f?s=96&d=mm&r=g\",\"caption\":\"\\u00a0\"}}]}<\/script>\n<!-- \/ Yoast SEO plugin. -->","_links":{"self":[{"href":"https:\/\/abrelivros.org.br\/site\/wp-json\/wp\/v2\/posts\/2170","targetHints":{"allow":["GET"]}}],"collection":[{"href":"https:\/\/abrelivros.org.br\/site\/wp-json\/wp\/v2\/posts"}],"about":[{"href":"https:\/\/abrelivros.org.br\/site\/wp-json\/wp\/v2\/types\/post"}],"author":[{"embeddable":true,"href":"https:\/\/abrelivros.org.br\/site\/wp-json\/wp\/v2\/users\/1"}],"replies":[{"embeddable":true,"href":"https:\/\/abrelivros.org.br\/site\/wp-json\/wp\/v2\/comments?post=2170"}],"version-history":[{"count":0,"href":"https:\/\/abrelivros.org.br\/site\/wp-json\/wp\/v2\/posts\/2170\/revisions"}],"wp:attachment":[{"href":"https:\/\/abrelivros.org.br\/site\/wp-json\/wp\/v2\/media?parent=2170"}],"wp:term":[{"taxonomy":"category","embeddable":true,"href":"https:\/\/abrelivros.org.br\/site\/wp-json\/wp\/v2\/categories?post=2170"},{"taxonomy":"post_tag","embeddable":true,"href":"https:\/\/abrelivros.org.br\/site\/wp-json\/wp\/v2\/tags?post=2170"}],"curies":[{"name":"wp","href":"https:\/\/api.w.org\/{rel}","templated":true}]}}