{"id":2169,"date":"2008-06-11T15:29:00","date_gmt":"2008-06-11T18:29:00","guid":{"rendered":"https:\/\/abrelivros.org.br\/site\/2008\/06\/11\/prova-do-enem-permitira-comparacoes\/"},"modified":"2008-06-11T15:29:00","modified_gmt":"2008-06-11T18:29:00","slug":"prova-do-enem-permitira-comparacoes","status":"publish","type":"post","link":"https:\/\/abrelivros.org.br\/site\/prova-do-enem-permitira-comparacoes\/","title":{"rendered":"Prova do Enem permitir\u00e1 compara\u00e7\u00f5es"},"content":{"rendered":"<p>O Inep estuda alterar o Enem a partir de 2009 para permitir a compara\u00e7\u00e3o, de um ano para o outro, das notas dos alunos e do desempenho das escolas.&nbsp;<br \/> &nbsp;<br \/> Como n\u00e3o h\u00e1 preocupa\u00e7\u00e3o em manter o mesmo n\u00edvel de dificuldade do exame, as m\u00e9dias variam a cada avalia\u00e7\u00e3o, sem que isso indique piora ou melhora no ensino.&nbsp;<br \/> &nbsp;<br \/> A vantagem para o estudante \u00e9 que a nota poder\u00e1 ser usada para ingresso em universidades n\u00e3o apenas no ano em que ele fez a prova, mas, tamb\u00e9m, nos anos seguintes.&nbsp;<br \/> &nbsp;<br \/> O presidente do instituto, Reynaldo Fernandes, diz que o MEC n\u00e3o cogita deixar de divulgar a nota das escolas.&nbsp;<br \/> Ele argumenta que o Enem tem se mostrado s\u00f3lido na avalia\u00e7\u00e3o das escolas porque, de um ano para o outro, poucas varia\u00e7\u00f5es ocorreram na lista de estabelecimentos com melhores resultados.&nbsp;<br \/> &nbsp;<br \/> &nbsp;<\/p>\n","protected":false},"excerpt":{"rendered":"<p>O Inep estuda alterar o Enem a partir de 2009 para permitir a compara\u00e7\u00e3o, de um ano para o outro, das notas dos alunos e do desempenho das escolas.&nbsp; &nbsp; Como n\u00e3o h\u00e1 preocupa\u00e7\u00e3o em manter o mesmo n\u00edvel de dificuldade do exame, as m\u00e9dias variam a cada avalia\u00e7\u00e3o, sem que isso indique piora ou [&hellip;]<\/p>\n","protected":false},"author":1,"featured_media":0,"comment_status":"closed","ping_status":"closed","sticky":false,"template":"","format":"standard","meta":{"footnotes":"","_links_to":"","_links_to_target":""},"categories":[9],"tags":[],"class_list":["post-2169","post","type-post","status-publish","format-standard","hentry","category-noticias-da-imprensa"],"yoast_head":"<!-- This site is optimized with the Yoast SEO plugin v15.1 - https:\/\/yoast.com\/wordpress\/plugins\/seo\/ -->\n<title>Prova do Enem permitir\u00e1 compara\u00e7\u00f5es &raquo; Abrelivros<\/title>\n<meta name=\"robots\" content=\"index, follow, max-snippet:-1, max-image-preview:large, max-video-preview:-1\" \/>\n<link rel=\"canonical\" href=\"https:\/\/abrelivros.org.br\/site\/prova-do-enem-permitira-comparacoes\/\" \/>\n<meta property=\"og:locale\" content=\"pt_BR\" \/>\n<meta property=\"og:type\" content=\"article\" \/>\n<meta property=\"og:title\" content=\"Prova do Enem permitir\u00e1 compara\u00e7\u00f5es &raquo; Abrelivros\" \/>\n<meta property=\"og:description\" content=\"O Inep estuda alterar o Enem a partir de 2009 para permitir a compara\u00e7\u00e3o, de um ano para o outro, das notas dos alunos e do desempenho das escolas.&nbsp; &nbsp; Como n\u00e3o h\u00e1 preocupa\u00e7\u00e3o em manter o mesmo n\u00edvel de dificuldade do exame, as m\u00e9dias variam a cada avalia\u00e7\u00e3o, sem que isso indique piora ou [&hellip;]\" \/>\n<meta property=\"og:url\" content=\"https:\/\/abrelivros.org.br\/site\/prova-do-enem-permitira-comparacoes\/\" \/>\n<meta property=\"og:site_name\" content=\"Abrelivros\" \/>\n<meta property=\"article:published_time\" content=\"2008-06-11T18:29:00+00:00\" \/>\n<meta name=\"twitter:card\" content=\"summary_large_image\" \/>\n<script type=\"application\/ld+json\" class=\"yoast-schema-graph\">{\"@context\":\"https:\/\/schema.org\",\"@graph\":[{\"@type\":\"WebSite\",\"@id\":\"https:\/\/abrelivros.org.br\/site\/#website\",\"url\":\"https:\/\/abrelivros.org.br\/site\/\",\"name\":\"Abrelivros\",\"description\":\"\",\"potentialAction\":[{\"@type\":\"SearchAction\",\"target\":\"https:\/\/abrelivros.org.br\/site\/?s={search_term_string}\",\"query-input\":\"required name=search_term_string\"}],\"inLanguage\":\"pt-BR\"},{\"@type\":\"WebPage\",\"@id\":\"https:\/\/abrelivros.org.br\/site\/prova-do-enem-permitira-comparacoes\/#webpage\",\"url\":\"https:\/\/abrelivros.org.br\/site\/prova-do-enem-permitira-comparacoes\/\",\"name\":\"Prova do Enem permitir\\u00e1 compara\\u00e7\\u00f5es &raquo; Abrelivros\",\"isPartOf\":{\"@id\":\"https:\/\/abrelivros.org.br\/site\/#website\"},\"datePublished\":\"2008-06-11T18:29:00+00:00\",\"dateModified\":\"2008-06-11T18:29:00+00:00\",\"author\":{\"@id\":\"https:\/\/abrelivros.org.br\/site\/#\/schema\/person\/2b867f13a717bb230f1a3555505f5593\"},\"breadcrumb\":{\"@id\":\"https:\/\/abrelivros.org.br\/site\/prova-do-enem-permitira-comparacoes\/#breadcrumb\"},\"inLanguage\":\"pt-BR\",\"potentialAction\":[{\"@type\":\"ReadAction\",\"target\":[\"https:\/\/abrelivros.org.br\/site\/prova-do-enem-permitira-comparacoes\/\"]}]},{\"@type\":\"BreadcrumbList\",\"@id\":\"https:\/\/abrelivros.org.br\/site\/prova-do-enem-permitira-comparacoes\/#breadcrumb\",\"itemListElement\":[{\"@type\":\"ListItem\",\"position\":1,\"item\":{\"@type\":\"WebPage\",\"@id\":\"https:\/\/abrelivros.org.br\/site\/\",\"url\":\"https:\/\/abrelivros.org.br\/site\/\",\"name\":\"In\\u00edcio\"}},{\"@type\":\"ListItem\",\"position\":2,\"item\":{\"@type\":\"WebPage\",\"@id\":\"https:\/\/abrelivros.org.br\/site\/category\/noticias\/\",\"url\":\"https:\/\/abrelivros.org.br\/site\/category\/noticias\/\",\"name\":\"Not\\u00edcias\"}},{\"@type\":\"ListItem\",\"position\":3,\"item\":{\"@type\":\"WebPage\",\"@id\":\"https:\/\/abrelivros.org.br\/site\/category\/noticias\/noticias-da-imprensa\/\",\"url\":\"https:\/\/abrelivros.org.br\/site\/category\/noticias\/noticias-da-imprensa\/\",\"name\":\"Not\\u00edcias da imprensa\"}},{\"@type\":\"ListItem\",\"position\":4,\"item\":{\"@type\":\"WebPage\",\"@id\":\"https:\/\/abrelivros.org.br\/site\/prova-do-enem-permitira-comparacoes\/\",\"url\":\"https:\/\/abrelivros.org.br\/site\/prova-do-enem-permitira-comparacoes\/\",\"name\":\"Prova do Enem permitir\\u00e1 compara\\u00e7\\u00f5es\"}}]},{\"@type\":\"Person\",\"@id\":\"https:\/\/abrelivros.org.br\/site\/#\/schema\/person\/2b867f13a717bb230f1a3555505f5593\",\"name\":\"\\u00a0\",\"image\":{\"@type\":\"ImageObject\",\"@id\":\"https:\/\/abrelivros.org.br\/site\/#personlogo\",\"inLanguage\":\"pt-BR\",\"url\":\"https:\/\/secure.gravatar.com\/avatar\/e80b7f5231be2fff5040a8023da424898002831c5439420df182ae62676d2a6f?s=96&d=mm&r=g\",\"caption\":\"\\u00a0\"}}]}<\/script>\n<!-- \/ Yoast SEO plugin. -->","_links":{"self":[{"href":"https:\/\/abrelivros.org.br\/site\/wp-json\/wp\/v2\/posts\/2169","targetHints":{"allow":["GET"]}}],"collection":[{"href":"https:\/\/abrelivros.org.br\/site\/wp-json\/wp\/v2\/posts"}],"about":[{"href":"https:\/\/abrelivros.org.br\/site\/wp-json\/wp\/v2\/types\/post"}],"author":[{"embeddable":true,"href":"https:\/\/abrelivros.org.br\/site\/wp-json\/wp\/v2\/users\/1"}],"replies":[{"embeddable":true,"href":"https:\/\/abrelivros.org.br\/site\/wp-json\/wp\/v2\/comments?post=2169"}],"version-history":[{"count":0,"href":"https:\/\/abrelivros.org.br\/site\/wp-json\/wp\/v2\/posts\/2169\/revisions"}],"wp:attachment":[{"href":"https:\/\/abrelivros.org.br\/site\/wp-json\/wp\/v2\/media?parent=2169"}],"wp:term":[{"taxonomy":"category","embeddable":true,"href":"https:\/\/abrelivros.org.br\/site\/wp-json\/wp\/v2\/categories?post=2169"},{"taxonomy":"post_tag","embeddable":true,"href":"https:\/\/abrelivros.org.br\/site\/wp-json\/wp\/v2\/tags?post=2169"}],"curies":[{"name":"wp","href":"https:\/\/api.w.org\/{rel}","templated":true}]}}