{"id":2168,"date":"2008-06-11T15:45:00","date_gmt":"2008-06-11T18:45:00","guid":{"rendered":"https:\/\/abrelivros.org.br\/site\/2008\/06\/11\/haddad-pede-que-conselheiros-ajudem-a-melhorar-a-educacao\/"},"modified":"2008-06-11T15:45:00","modified_gmt":"2008-06-11T18:45:00","slug":"haddad-pede-que-conselheiros-ajudem-a-melhorar-a-educacao","status":"publish","type":"post","link":"https:\/\/abrelivros.org.br\/site\/haddad-pede-que-conselheiros-ajudem-a-melhorar-a-educacao\/","title":{"rendered":"Haddad pede que conselheiros ajudem a melhorar a educa\u00e7\u00e3o"},"content":{"rendered":"<p>Ao dar posse nesta ter\u00e7a-feira, 10, a 11 membros do Conselho Nacional de Educa\u00e7\u00e3o (CNE), o ministro Fernando Haddad apresentou um panorama da educa\u00e7\u00e3o b\u00e1sica, profissional e superior e disse que o minist\u00e9rio espera que o CNE n\u00e3o seja apenas parceiro, mas que ajude a corrigir e alertar para aquilo que precisa ser melhorado. Para o ministro, o compromisso dos que est\u00e3o no governo n\u00e3o \u00e9 apenas fazer uma boa gest\u00e3o, mas preparar o caminho para os sucessores, \u201co que n\u00e3o \u00e9 um desafio qualquer\u201d.\u00a0<br \/> \u00a0<br \/> Ao falar sobre o Plano de Desenvolvimento da Educa\u00e7\u00e3o (PDE), que tra\u00e7ou a linha central do programa da educa\u00e7\u00e3o b\u00e1sica, Haddad disse que ele n\u00e3o \u00e9 um ponto no tempo, mas um processo que vai se complementando \u00e0 medida que as metas s\u00e3o alcan\u00e7adas ou passando por corre\u00e7\u00f5es quando necess\u00e1rias. Um dos desafios da educa\u00e7\u00e3o b\u00e1sica \u00e9 a forma\u00e7\u00e3o de professores. \u00a0<br \/> \u00a0<br \/> Segundo Haddad, a partir do Educacenso 2008, que \u00e9 um censo escolar detalhado, o MEC vai fazer um mapa da forma\u00e7\u00e3o dos professores das redes p\u00fablicas. O censo traz um espa\u00e7o para o professor responder se tem gradua\u00e7\u00e3o e a institui\u00e7\u00e3o onde fez o curso. O que n\u00e3o tem forma\u00e7\u00e3o superior tamb\u00e9m tem espa\u00e7o pr\u00f3prio para preencher. \u00a0<br \/> \u00a0<br \/> O mapa, explicou, servir\u00e1 para tra\u00e7ar uma estrat\u00e9gia de forma\u00e7\u00e3o que ser\u00e1 feita, prioritariamente, pelos sistemas p\u00fablicos de educa\u00e7\u00e3o superior \u2013 universidades federais e estaduais, institutos federais de educa\u00e7\u00e3o profissional e Universidade Aberta do Brasil.\u00a0<br \/> \u00a0<br \/> Sobre a expans\u00e3o da educa\u00e7\u00e3o profissional e superior, o ministro relatou aos conselheiros que a nova miss\u00e3o das duas \u00e1reas \u00e9 estabelecer v\u00ednculos com as redes p\u00fablicas de ensino. \u201cAtender a juventude que reivindica o direito de aprender \u00e9 um desafio que temos que enfrentar\u201d. Segundo Haddad, com a divulga\u00e7\u00e3o dos \u00edndices de educa\u00e7\u00e3o b\u00e1sica nesta quarta-feira, 11, os educadores e os governantes ter\u00e3o dados para avaliar os avan\u00e7os na qualidade da educa\u00e7\u00e3o e buscar caminhos para alcan\u00e7ar a meta, em 2022. O \u00cdndice de Desenvolvimento da Educa\u00e7\u00e3o (Ideb), medido em 2005, foi de 3,8 nas s\u00e9ries iniciais do ensino fundamental. Em 2022, espera-se que essa m\u00e9dia nacional alcance 6,0.\u00a0<br \/> \u00a0<br \/><B> Conselheiros<\/B> \u2013 Dos 11 conselheiros que assumiram mandatos de quatro anos, seis foram reconduzidos aos cargos: Adeum Sauer, Ant\u00f4nio C\u00e9sar Callegari e Cl\u00e9lia Brand\u00e3o (C\u00e2mara de Educa\u00e7\u00e3o B\u00e1sica); Ant\u00f4nio Carlos Ronca, Milton Linhares e Paulo Monteiro Barone (C\u00e2mara de Educa\u00e7\u00e3o B\u00e1sica). Os novos conselheiros s\u00e3o Ant\u00f4nio de Ara\u00fajo Freitas, Maria Beatriz Luce e Paulo Speller (C\u00e2mara de Educa\u00e7\u00e3o Superior); Francisco Aparecido Cord\u00e3o e Jos\u00e9 Fernandes Lima (C\u00e2mara de Educa\u00e7\u00e3o B\u00e1sica).\u00a0<br \/> \u00a0<\/p>\n","protected":false},"excerpt":{"rendered":"<p>Ao dar posse nesta ter\u00e7a-feira, 10, a 11 membros do Conselho Nacional de Educa\u00e7\u00e3o (CNE), o ministro Fernando Haddad apresentou um panorama da educa\u00e7\u00e3o b\u00e1sica, profissional e superior e disse que o minist\u00e9rio espera que o CNE n\u00e3o seja apenas parceiro, mas que ajude a corrigir e alertar para aquilo que precisa ser melhorado. Para [&hellip;]<\/p>\n","protected":false},"author":1,"featured_media":0,"comment_status":"closed","ping_status":"closed","sticky":false,"template":"","format":"standard","meta":{"footnotes":"","_links_to":"","_links_to_target":""},"categories":[9],"tags":[],"class_list":["post-2168","post","type-post","status-publish","format-standard","hentry","category-noticias-da-imprensa"],"yoast_head":"<!-- This site is optimized with the Yoast SEO plugin v15.1 - https:\/\/yoast.com\/wordpress\/plugins\/seo\/ -->\n<title>Haddad pede que conselheiros ajudem a melhorar a educa\u00e7\u00e3o &raquo; Abrelivros<\/title>\n<meta name=\"robots\" content=\"index, follow, max-snippet:-1, max-image-preview:large, max-video-preview:-1\" \/>\n<link rel=\"canonical\" href=\"https:\/\/abrelivros.org.br\/site\/haddad-pede-que-conselheiros-ajudem-a-melhorar-a-educacao\/\" \/>\n<meta property=\"og:locale\" content=\"pt_BR\" \/>\n<meta property=\"og:type\" content=\"article\" \/>\n<meta property=\"og:title\" content=\"Haddad pede que conselheiros ajudem a melhorar a educa\u00e7\u00e3o &raquo; Abrelivros\" \/>\n<meta property=\"og:description\" content=\"Ao dar posse nesta ter\u00e7a-feira, 10, a 11 membros do Conselho Nacional de Educa\u00e7\u00e3o (CNE), o ministro Fernando Haddad apresentou um panorama da educa\u00e7\u00e3o b\u00e1sica, profissional e superior e disse que o minist\u00e9rio espera que o CNE n\u00e3o seja apenas parceiro, mas que ajude a corrigir e alertar para aquilo que precisa ser melhorado. Para [&hellip;]\" \/>\n<meta property=\"og:url\" content=\"https:\/\/abrelivros.org.br\/site\/haddad-pede-que-conselheiros-ajudem-a-melhorar-a-educacao\/\" \/>\n<meta property=\"og:site_name\" content=\"Abrelivros\" \/>\n<meta property=\"article:published_time\" content=\"2008-06-11T18:45:00+00:00\" \/>\n<meta name=\"twitter:card\" content=\"summary_large_image\" \/>\n<script type=\"application\/ld+json\" class=\"yoast-schema-graph\">{\"@context\":\"https:\/\/schema.org\",\"@graph\":[{\"@type\":\"WebSite\",\"@id\":\"https:\/\/abrelivros.org.br\/site\/#website\",\"url\":\"https:\/\/abrelivros.org.br\/site\/\",\"name\":\"Abrelivros\",\"description\":\"\",\"potentialAction\":[{\"@type\":\"SearchAction\",\"target\":\"https:\/\/abrelivros.org.br\/site\/?s={search_term_string}\",\"query-input\":\"required name=search_term_string\"}],\"inLanguage\":\"pt-BR\"},{\"@type\":\"WebPage\",\"@id\":\"https:\/\/abrelivros.org.br\/site\/haddad-pede-que-conselheiros-ajudem-a-melhorar-a-educacao\/#webpage\",\"url\":\"https:\/\/abrelivros.org.br\/site\/haddad-pede-que-conselheiros-ajudem-a-melhorar-a-educacao\/\",\"name\":\"Haddad pede que conselheiros ajudem a melhorar a educa\\u00e7\\u00e3o &raquo; Abrelivros\",\"isPartOf\":{\"@id\":\"https:\/\/abrelivros.org.br\/site\/#website\"},\"datePublished\":\"2008-06-11T18:45:00+00:00\",\"dateModified\":\"2008-06-11T18:45:00+00:00\",\"author\":{\"@id\":\"https:\/\/abrelivros.org.br\/site\/#\/schema\/person\/2b867f13a717bb230f1a3555505f5593\"},\"breadcrumb\":{\"@id\":\"https:\/\/abrelivros.org.br\/site\/haddad-pede-que-conselheiros-ajudem-a-melhorar-a-educacao\/#breadcrumb\"},\"inLanguage\":\"pt-BR\",\"potentialAction\":[{\"@type\":\"ReadAction\",\"target\":[\"https:\/\/abrelivros.org.br\/site\/haddad-pede-que-conselheiros-ajudem-a-melhorar-a-educacao\/\"]}]},{\"@type\":\"BreadcrumbList\",\"@id\":\"https:\/\/abrelivros.org.br\/site\/haddad-pede-que-conselheiros-ajudem-a-melhorar-a-educacao\/#breadcrumb\",\"itemListElement\":[{\"@type\":\"ListItem\",\"position\":1,\"item\":{\"@type\":\"WebPage\",\"@id\":\"https:\/\/abrelivros.org.br\/site\/\",\"url\":\"https:\/\/abrelivros.org.br\/site\/\",\"name\":\"In\\u00edcio\"}},{\"@type\":\"ListItem\",\"position\":2,\"item\":{\"@type\":\"WebPage\",\"@id\":\"https:\/\/abrelivros.org.br\/site\/category\/noticias\/\",\"url\":\"https:\/\/abrelivros.org.br\/site\/category\/noticias\/\",\"name\":\"Not\\u00edcias\"}},{\"@type\":\"ListItem\",\"position\":3,\"item\":{\"@type\":\"WebPage\",\"@id\":\"https:\/\/abrelivros.org.br\/site\/category\/noticias\/noticias-da-imprensa\/\",\"url\":\"https:\/\/abrelivros.org.br\/site\/category\/noticias\/noticias-da-imprensa\/\",\"name\":\"Not\\u00edcias da imprensa\"}},{\"@type\":\"ListItem\",\"position\":4,\"item\":{\"@type\":\"WebPage\",\"@id\":\"https:\/\/abrelivros.org.br\/site\/haddad-pede-que-conselheiros-ajudem-a-melhorar-a-educacao\/\",\"url\":\"https:\/\/abrelivros.org.br\/site\/haddad-pede-que-conselheiros-ajudem-a-melhorar-a-educacao\/\",\"name\":\"Haddad pede que conselheiros ajudem a melhorar a educa\\u00e7\\u00e3o\"}}]},{\"@type\":\"Person\",\"@id\":\"https:\/\/abrelivros.org.br\/site\/#\/schema\/person\/2b867f13a717bb230f1a3555505f5593\",\"name\":\"\\u00a0\",\"image\":{\"@type\":\"ImageObject\",\"@id\":\"https:\/\/abrelivros.org.br\/site\/#personlogo\",\"inLanguage\":\"pt-BR\",\"url\":\"https:\/\/secure.gravatar.com\/avatar\/e80b7f5231be2fff5040a8023da424898002831c5439420df182ae62676d2a6f?s=96&d=mm&r=g\",\"caption\":\"\\u00a0\"}}]}<\/script>\n<!-- \/ Yoast SEO plugin. -->","_links":{"self":[{"href":"https:\/\/abrelivros.org.br\/site\/wp-json\/wp\/v2\/posts\/2168","targetHints":{"allow":["GET"]}}],"collection":[{"href":"https:\/\/abrelivros.org.br\/site\/wp-json\/wp\/v2\/posts"}],"about":[{"href":"https:\/\/abrelivros.org.br\/site\/wp-json\/wp\/v2\/types\/post"}],"author":[{"embeddable":true,"href":"https:\/\/abrelivros.org.br\/site\/wp-json\/wp\/v2\/users\/1"}],"replies":[{"embeddable":true,"href":"https:\/\/abrelivros.org.br\/site\/wp-json\/wp\/v2\/comments?post=2168"}],"version-history":[{"count":0,"href":"https:\/\/abrelivros.org.br\/site\/wp-json\/wp\/v2\/posts\/2168\/revisions"}],"wp:attachment":[{"href":"https:\/\/abrelivros.org.br\/site\/wp-json\/wp\/v2\/media?parent=2168"}],"wp:term":[{"taxonomy":"category","embeddable":true,"href":"https:\/\/abrelivros.org.br\/site\/wp-json\/wp\/v2\/categories?post=2168"},{"taxonomy":"post_tag","embeddable":true,"href":"https:\/\/abrelivros.org.br\/site\/wp-json\/wp\/v2\/tags?post=2168"}],"curies":[{"name":"wp","href":"https:\/\/api.w.org\/{rel}","templated":true}]}}