{"id":2167,"date":"2008-06-11T15:50:00","date_gmt":"2008-06-11T18:50:00","guid":{"rendered":"https:\/\/abrelivros.org.br\/site\/2008\/06\/11\/notas-do-ideb-crescem-em-todo-o-pais\/"},"modified":"2008-06-11T15:50:00","modified_gmt":"2008-06-11T18:50:00","slug":"notas-do-ideb-crescem-em-todo-o-pais","status":"publish","type":"post","link":"https:\/\/abrelivros.org.br\/site\/notas-do-ideb-crescem-em-todo-o-pais\/","title":{"rendered":"Notas do Ideb crescem em todo o pa\u00eds"},"content":{"rendered":"<p>O \u00edndice de desenvolvimento da educa\u00e7\u00e3o b\u00e1sica (Ideb) cresceu em todas as etapas do ensino entre 2005 e 2007. Os dados, divulgados nesta quarta-feira, 11, apontam que o pa\u00eds foi mais longe na primeira edi\u00e7\u00e3o do Ideb ap\u00f3s o lan\u00e7amento do Plano de Desenvolvimento da Educa\u00e7\u00e3o (PDE). A meta de 2009 j\u00e1 foi alcan\u00e7ada. \u00a0<br \/> \u00a0<br \/> Na quarta s\u00e9rie do ensino fundamental, a nota foi 4,2, prevista para ser alcan\u00e7ada somente em 2009 \u2014 a meta de 2007 era chegar a 3,9. J\u00e1 na oitava s\u00e9rie, a nota foi 3,8, que superou a previs\u00e3o para 2009, de 3,7. No ensino m\u00e9dio, o Ideb alcan\u00e7ou 3,5, meta tamb\u00e9m prevista para o pr\u00f3ximo ano. \u00a0<br \/> \u00a0<br \/> Entre as regi\u00f5es, destaca-se o Nordeste, que ultrapassou as expectativas para 2009 nos tr\u00eas n\u00edveis da educa\u00e7\u00e3o b\u00e1sica, com destaque para as s\u00e9ries iniciais. A nota passou de 2,9 em 2005 para 3,5 em 2007, bem acima da meta, de  3,0. As demais regi\u00f5es tamb\u00e9m apresentaram crescimento vari\u00e1vel em cada etapa do ensino. No Sudeste, o Esp\u00edrito Santo ultrapassou as metas de 2007 nas s\u00e9ries iniciais do ensino fundamental, com o \u00edndice de 4,6 (meta de 2009), e nas s\u00e9ries finais, com 4, tamb\u00e9m prevista para o pr\u00f3ximo ano. No ensino m\u00e9dio, alcan\u00e7ou 3,6, um pouco abaixo da m\u00e9dia esperada para 2007, de 3,8.\u00a0<br \/> \u00a0<br \/> Na Regi\u00e3o Centro-Oeste, Mato Grosso do Sul superou os \u00edndices previstos para 2007 e 2009. Nas s\u00e9ries iniciais, obteve nota 4,3 (para 2007 era 3,6; para 2009, 4). Nas s\u00e9ries finais, alcan\u00e7ou 3,9, para uma previs\u00e3o de 3,4 em 2007 e de 3,5 em 2009. No ensino m\u00e9dio, a nota foi 3,9 (a meta de 2009 era de 3,4).\u00a0<br \/> \u00a0<br \/> O Paran\u00e1, na Regi\u00e3o Sul, superou as metas de 2009 nas s\u00e9ries finais do ensino fundamental, ao obter 4,2 (para 2007, 3,6; para 2009, 3,7); no ensino m\u00e9dio, com 4 (2007, 3,6; 2009, 3,7), e nas s\u00e9ries iniciais do ensino fundamental, com 5, \u00edndice previsto para o ano que vem.\u00a0<br \/> \u00a0<br \/> Na Regi\u00e3o Norte, o Amazonas aparece no Ideb com notas superiores \u00e0s projetadas para 2009. Nas s\u00e9ries iniciais do ensino fundamental a nota \u00e9 3,6 (2007, 3,1; 2009, 3,5); nas s\u00e9ries finais, 3,3 (2007, 2,8; 2009, 2,9); no ensino m\u00e9dio, 2,9 (2007, 2,4; 2009, 2,5).\u00a0<br \/> \u00a0<br \/> Salto \u2014 Est\u00e3o no Nordeste os estados com os maiores saltos de qualidade na educa\u00e7\u00e3o b\u00e1sica alcan\u00e7ados na <a href=\"http:\/\/portalideb.inep.gov.br\/\" target=\"_blank\" rel=\"noopener noreferrer\">avalia\u00e7\u00e3o<\/a> de 2007. Alagoas, por exemplo, superou as metas de 2009 nas s\u00e9ries iniciais e finais do ensino fundamental. A nota do estado nas s\u00e9ries iniciais foi 3,3 (2007, 2,6; 2009, 2,9) e nas s\u00e9ries finais, 2,7 (2007, 2,5; 2009, 2,6). No ensino m\u00e9dio, a meta era 3, e o estado obteve 2,9.\u00a0<br \/> \u00a0<br \/> O Rio Grande do Norte tamb\u00e9m aparece com destaque. Nas s\u00e9ries iniciais, obteve 3,4 (2007, 2,8; 2009, 3,1) e nas s\u00e9ries finais, 3,1 (2007, 2,9; 2009, 3). No ensino m\u00e9dio, com nota 2,9, atingiu a meta.\u00a0<br \/> \u00a0<br \/> Tamb\u00e9m o Piau\u00ed superou as metas no ensino fundamental. Nas s\u00e9ries iniciais, chegou a 3,5 (2007, 2,9; 2009, 3,2) e nas s\u00e9ries finais, 3,5 (2007, 3,1; 2009, 3,3). No ensino m\u00e9dio, ficou pr\u00f3ximo da meta \u2014 obteve 2,9 para uma previs\u00e3o de 3,0 em 2007.\u00a0<br \/> \u00a0<br \/> \u00a0<br \/> <a href=\"http:\/\/portal.mec.gov.br\/arquivos\/pdf\/resultado_ideb2007.pdf\" target=\"_blank\" rel=\"noopener noreferrer\">Confira<\/a> os resultados do Ideb 2007\u00a0<\/p>\n<p><\/p>\n","protected":false},"excerpt":{"rendered":"<p>O \u00edndice de desenvolvimento da educa\u00e7\u00e3o b\u00e1sica (Ideb) cresceu em todas as etapas do ensino entre 2005 e 2007. Os dados, divulgados nesta quarta-feira, 11, apontam que o pa\u00eds foi mais longe na primeira edi\u00e7\u00e3o do Ideb ap\u00f3s o lan\u00e7amento do Plano de Desenvolvimento da Educa\u00e7\u00e3o (PDE). A meta de 2009 j\u00e1 foi alcan\u00e7ada. \u00a0 [&hellip;]<\/p>\n","protected":false},"author":1,"featured_media":0,"comment_status":"closed","ping_status":"closed","sticky":false,"template":"","format":"standard","meta":{"footnotes":"","_links_to":"","_links_to_target":""},"categories":[9],"tags":[],"class_list":["post-2167","post","type-post","status-publish","format-standard","hentry","category-noticias-da-imprensa"],"yoast_head":"<!-- This site is optimized with the Yoast SEO plugin v15.1 - https:\/\/yoast.com\/wordpress\/plugins\/seo\/ -->\n<title>Notas do Ideb crescem em todo o pa\u00eds &raquo; Abrelivros<\/title>\n<meta name=\"robots\" content=\"index, follow, max-snippet:-1, max-image-preview:large, max-video-preview:-1\" \/>\n<link rel=\"canonical\" href=\"https:\/\/abrelivros.org.br\/site\/notas-do-ideb-crescem-em-todo-o-pais\/\" \/>\n<meta property=\"og:locale\" content=\"pt_BR\" \/>\n<meta property=\"og:type\" content=\"article\" \/>\n<meta property=\"og:title\" content=\"Notas do Ideb crescem em todo o pa\u00eds &raquo; Abrelivros\" \/>\n<meta property=\"og:description\" content=\"O \u00edndice de desenvolvimento da educa\u00e7\u00e3o b\u00e1sica (Ideb) cresceu em todas as etapas do ensino entre 2005 e 2007. Os dados, divulgados nesta quarta-feira, 11, apontam que o pa\u00eds foi mais longe na primeira edi\u00e7\u00e3o do Ideb ap\u00f3s o lan\u00e7amento do Plano de Desenvolvimento da Educa\u00e7\u00e3o (PDE). A meta de 2009 j\u00e1 foi alcan\u00e7ada. \u00a0 [&hellip;]\" \/>\n<meta property=\"og:url\" content=\"https:\/\/abrelivros.org.br\/site\/notas-do-ideb-crescem-em-todo-o-pais\/\" \/>\n<meta property=\"og:site_name\" content=\"Abrelivros\" \/>\n<meta property=\"article:published_time\" content=\"2008-06-11T18:50:00+00:00\" \/>\n<meta name=\"twitter:card\" content=\"summary_large_image\" \/>\n<script type=\"application\/ld+json\" class=\"yoast-schema-graph\">{\"@context\":\"https:\/\/schema.org\",\"@graph\":[{\"@type\":\"WebSite\",\"@id\":\"https:\/\/abrelivros.org.br\/site\/#website\",\"url\":\"https:\/\/abrelivros.org.br\/site\/\",\"name\":\"Abrelivros\",\"description\":\"\",\"potentialAction\":[{\"@type\":\"SearchAction\",\"target\":\"https:\/\/abrelivros.org.br\/site\/?s={search_term_string}\",\"query-input\":\"required name=search_term_string\"}],\"inLanguage\":\"pt-BR\"},{\"@type\":\"WebPage\",\"@id\":\"https:\/\/abrelivros.org.br\/site\/notas-do-ideb-crescem-em-todo-o-pais\/#webpage\",\"url\":\"https:\/\/abrelivros.org.br\/site\/notas-do-ideb-crescem-em-todo-o-pais\/\",\"name\":\"Notas do Ideb crescem em todo o pa\\u00eds &raquo; Abrelivros\",\"isPartOf\":{\"@id\":\"https:\/\/abrelivros.org.br\/site\/#website\"},\"datePublished\":\"2008-06-11T18:50:00+00:00\",\"dateModified\":\"2008-06-11T18:50:00+00:00\",\"author\":{\"@id\":\"https:\/\/abrelivros.org.br\/site\/#\/schema\/person\/2b867f13a717bb230f1a3555505f5593\"},\"breadcrumb\":{\"@id\":\"https:\/\/abrelivros.org.br\/site\/notas-do-ideb-crescem-em-todo-o-pais\/#breadcrumb\"},\"inLanguage\":\"pt-BR\",\"potentialAction\":[{\"@type\":\"ReadAction\",\"target\":[\"https:\/\/abrelivros.org.br\/site\/notas-do-ideb-crescem-em-todo-o-pais\/\"]}]},{\"@type\":\"BreadcrumbList\",\"@id\":\"https:\/\/abrelivros.org.br\/site\/notas-do-ideb-crescem-em-todo-o-pais\/#breadcrumb\",\"itemListElement\":[{\"@type\":\"ListItem\",\"position\":1,\"item\":{\"@type\":\"WebPage\",\"@id\":\"https:\/\/abrelivros.org.br\/site\/\",\"url\":\"https:\/\/abrelivros.org.br\/site\/\",\"name\":\"In\\u00edcio\"}},{\"@type\":\"ListItem\",\"position\":2,\"item\":{\"@type\":\"WebPage\",\"@id\":\"https:\/\/abrelivros.org.br\/site\/category\/noticias\/\",\"url\":\"https:\/\/abrelivros.org.br\/site\/category\/noticias\/\",\"name\":\"Not\\u00edcias\"}},{\"@type\":\"ListItem\",\"position\":3,\"item\":{\"@type\":\"WebPage\",\"@id\":\"https:\/\/abrelivros.org.br\/site\/category\/noticias\/noticias-da-imprensa\/\",\"url\":\"https:\/\/abrelivros.org.br\/site\/category\/noticias\/noticias-da-imprensa\/\",\"name\":\"Not\\u00edcias da imprensa\"}},{\"@type\":\"ListItem\",\"position\":4,\"item\":{\"@type\":\"WebPage\",\"@id\":\"https:\/\/abrelivros.org.br\/site\/notas-do-ideb-crescem-em-todo-o-pais\/\",\"url\":\"https:\/\/abrelivros.org.br\/site\/notas-do-ideb-crescem-em-todo-o-pais\/\",\"name\":\"Notas do Ideb crescem em todo o pa\\u00eds\"}}]},{\"@type\":\"Person\",\"@id\":\"https:\/\/abrelivros.org.br\/site\/#\/schema\/person\/2b867f13a717bb230f1a3555505f5593\",\"name\":\"\\u00a0\",\"image\":{\"@type\":\"ImageObject\",\"@id\":\"https:\/\/abrelivros.org.br\/site\/#personlogo\",\"inLanguage\":\"pt-BR\",\"url\":\"https:\/\/secure.gravatar.com\/avatar\/e80b7f5231be2fff5040a8023da424898002831c5439420df182ae62676d2a6f?s=96&d=mm&r=g\",\"caption\":\"\\u00a0\"}}]}<\/script>\n<!-- \/ Yoast SEO plugin. -->","_links":{"self":[{"href":"https:\/\/abrelivros.org.br\/site\/wp-json\/wp\/v2\/posts\/2167","targetHints":{"allow":["GET"]}}],"collection":[{"href":"https:\/\/abrelivros.org.br\/site\/wp-json\/wp\/v2\/posts"}],"about":[{"href":"https:\/\/abrelivros.org.br\/site\/wp-json\/wp\/v2\/types\/post"}],"author":[{"embeddable":true,"href":"https:\/\/abrelivros.org.br\/site\/wp-json\/wp\/v2\/users\/1"}],"replies":[{"embeddable":true,"href":"https:\/\/abrelivros.org.br\/site\/wp-json\/wp\/v2\/comments?post=2167"}],"version-history":[{"count":0,"href":"https:\/\/abrelivros.org.br\/site\/wp-json\/wp\/v2\/posts\/2167\/revisions"}],"wp:attachment":[{"href":"https:\/\/abrelivros.org.br\/site\/wp-json\/wp\/v2\/media?parent=2167"}],"wp:term":[{"taxonomy":"category","embeddable":true,"href":"https:\/\/abrelivros.org.br\/site\/wp-json\/wp\/v2\/categories?post=2167"},{"taxonomy":"post_tag","embeddable":true,"href":"https:\/\/abrelivros.org.br\/site\/wp-json\/wp\/v2\/tags?post=2167"}],"curies":[{"name":"wp","href":"https:\/\/api.w.org\/{rel}","templated":true}]}}