{"id":2160,"date":"2008-06-13T17:11:00","date_gmt":"2008-06-13T20:11:00","guid":{"rendered":"https:\/\/abrelivros.org.br\/site\/2008\/06\/13\/ensino-basico-no-brasil-piorou-se-comparado-a-1995\/"},"modified":"2008-06-13T17:11:00","modified_gmt":"2008-06-13T20:11:00","slug":"ensino-basico-no-brasil-piorou-se-comparado-a-1995","status":"publish","type":"post","link":"https:\/\/abrelivros.org.br\/site\/ensino-basico-no-brasil-piorou-se-comparado-a-1995\/","title":{"rendered":"Ensino b\u00e1sico no Brasil piorou se comparado a 1995"},"content":{"rendered":"<p>Apesar da melhora de 2005 para 2007, os alunos brasileiros ainda est\u00e3o num patamar inferior ao verificado em 1995 quando se analisa o desempenho deles nas provas de portugu\u00eas e matem\u00e1tica.&nbsp;<br \/> &nbsp;<br \/> Anteontem, ao divulgar os resultados do Ideb (\u00cdndice de Desenvolvimento da Educa\u00e7\u00e3o B\u00e1sica), o MEC comemorou a melhora do desempenho dos alunos, especialmente no ensino fundamental.&nbsp;<br \/> &nbsp;<br \/> O indicador leva em conta tanto o aprendizado dos alunos -medido em testes de portugu\u00eas e matem\u00e1tica- quanto o percentual de aprova\u00e7\u00e3o. A compara\u00e7\u00e3o desde 1995, no entanto, s\u00f3 pode ser feita por meio das m\u00e9dias dos estudantes em avalia\u00e7\u00f5es bianuais.&nbsp;<br \/> &nbsp;<br \/> Essa compara\u00e7\u00e3o mostra que em s\u00f3 uma prova -a de matem\u00e1tica na 4\u00aa s\u00e9rie- a m\u00e9dia dos estudantes em 2007 superou a de 12 anos antes, apresentando o melhor resultado da s\u00e9rie hist\u00f3rica. Nas demais, a melhoria nos \u00faltimos dois anos ainda foi insuficiente para recuperar o patamar de meados da d\u00e9cada passada.&nbsp;<br \/> &nbsp;<br \/> As maiores quedas em rela\u00e7\u00e3o a 1995 foram nas provas de l\u00edngua portuguesa na 8\u00aa s\u00e9rie do ensino fundamental e na 3\u00aa do ensino m\u00e9dio. Numa escala de 0 a 500, a m\u00e9dia dos alunos passou de 232 pontos para 235 em portugu\u00eas na 8\u00aa s\u00e9rie, de 2005 a 2007. Esse avan\u00e7o de apenas tr\u00eas pontos \u00e9 pouco para compensar a queda registrada desde 1995, quando as m\u00e9dias chegavam a 256 pontos.&nbsp;<br \/> &nbsp;<br \/> No caso da 3\u00aa s\u00e9rie do n\u00edvel m\u00e9dio, a queda em rela\u00e7\u00e3o a 1995 foi tamb\u00e9m significativa, j\u00e1 que os alunos sa\u00edram de um patamar de 290 pontos e chegaram, em 2007, a 261 pontos. Em rela\u00e7\u00e3o a 2005, houve pequena melhora, j\u00e1 que a m\u00e9dia naquele ano foi de 258.&nbsp;<br \/> &nbsp;<br \/> Na avalia\u00e7\u00e3o do presidente do Consed (Conselho Nacional de Secret\u00e1rios de Educa\u00e7\u00e3o), Maria Auxiliadora Seabra Rezende, a queda das notas do Saeb a partir de 1995 \u00e9 resultado da expans\u00e3o das matr\u00edculas na d\u00e9cada de 1990, principalmente no ensino fundamental.&nbsp;<br \/> &nbsp;<br \/> Apesar da compara\u00e7\u00e3o negativa quando se compara as m\u00e9dias de 1995 a 2007, ela afirma que h\u00e1 um aspecto positivo: a melhoria das m\u00e9dias na quarta s\u00e9rie do ensino fundamental.&nbsp;<br \/> &nbsp;<br \/> Neste n\u00edvel de ensino, al\u00e9m do desempenho em matem\u00e1tica ter superado em 2007 o verificado 12 anos antes, na prova de portugu\u00eas a melhora tem ocorrido ano a ano, desde 2001.&nbsp;<br \/> &nbsp;<br \/> A dirigente diz acreditar que o movimento de ascens\u00e3o das notas que acontece desde 2003 no ensino fundamental chegar\u00e1 ao ensino m\u00e9dio quando os alunos atingirem essa etapa.&nbsp;<br \/> &nbsp;<br \/> Mesma opini\u00e3o tem Reynaldo Fernandes, presidente do Inep (instituto de pesquisa e avalia\u00e7\u00e3o do MEC): \u201cAt\u00e9 2005, ainda t\u00ednhamos alguma d\u00favida sobre se o movimento de melhoria das m\u00e9dias na 4\u00aa s\u00e9rie iria se consolidar. Agora, j\u00e1 podemos ser mais otimistas ao verificar que essa tend\u00eancia se consolidou. Nossa expectativa \u00e9 que ela chegue nos pr\u00f3ximos anos \u00e0 8\u00aa s\u00e9rie e, posteriormente, ao n\u00edvel m\u00e9dio\u201c.&nbsp;<br \/> &nbsp;<\/p>\n","protected":false},"excerpt":{"rendered":"<p>Apesar da melhora de 2005 para 2007, os alunos brasileiros ainda est\u00e3o num patamar inferior ao verificado em 1995 quando se analisa o desempenho deles nas provas de portugu\u00eas e matem\u00e1tica.&nbsp; &nbsp; Anteontem, ao divulgar os resultados do Ideb (\u00cdndice de Desenvolvimento da Educa\u00e7\u00e3o B\u00e1sica), o MEC comemorou a melhora do desempenho dos alunos, especialmente [&hellip;]<\/p>\n","protected":false},"author":1,"featured_media":0,"comment_status":"closed","ping_status":"closed","sticky":false,"template":"","format":"standard","meta":{"footnotes":"","_links_to":"","_links_to_target":""},"categories":[9],"tags":[],"class_list":["post-2160","post","type-post","status-publish","format-standard","hentry","category-noticias-da-imprensa"],"yoast_head":"<!-- This site is optimized with the Yoast SEO plugin v15.1 - https:\/\/yoast.com\/wordpress\/plugins\/seo\/ -->\n<title>Ensino b\u00e1sico no Brasil piorou se comparado a 1995 &raquo; Abrelivros<\/title>\n<meta name=\"robots\" content=\"index, follow, max-snippet:-1, max-image-preview:large, max-video-preview:-1\" \/>\n<link rel=\"canonical\" href=\"https:\/\/abrelivros.org.br\/site\/ensino-basico-no-brasil-piorou-se-comparado-a-1995\/\" \/>\n<meta property=\"og:locale\" content=\"pt_BR\" \/>\n<meta property=\"og:type\" content=\"article\" \/>\n<meta property=\"og:title\" content=\"Ensino b\u00e1sico no Brasil piorou se comparado a 1995 &raquo; Abrelivros\" \/>\n<meta property=\"og:description\" content=\"Apesar da melhora de 2005 para 2007, os alunos brasileiros ainda est\u00e3o num patamar inferior ao verificado em 1995 quando se analisa o desempenho deles nas provas de portugu\u00eas e matem\u00e1tica.&nbsp; &nbsp; Anteontem, ao divulgar os resultados do Ideb (\u00cdndice de Desenvolvimento da Educa\u00e7\u00e3o B\u00e1sica), o MEC comemorou a melhora do desempenho dos alunos, especialmente [&hellip;]\" \/>\n<meta property=\"og:url\" content=\"https:\/\/abrelivros.org.br\/site\/ensino-basico-no-brasil-piorou-se-comparado-a-1995\/\" \/>\n<meta property=\"og:site_name\" content=\"Abrelivros\" \/>\n<meta property=\"article:published_time\" content=\"2008-06-13T20:11:00+00:00\" \/>\n<meta name=\"twitter:card\" content=\"summary_large_image\" \/>\n<script type=\"application\/ld+json\" class=\"yoast-schema-graph\">{\"@context\":\"https:\/\/schema.org\",\"@graph\":[{\"@type\":\"WebSite\",\"@id\":\"https:\/\/abrelivros.org.br\/site\/#website\",\"url\":\"https:\/\/abrelivros.org.br\/site\/\",\"name\":\"Abrelivros\",\"description\":\"\",\"potentialAction\":[{\"@type\":\"SearchAction\",\"target\":\"https:\/\/abrelivros.org.br\/site\/?s={search_term_string}\",\"query-input\":\"required name=search_term_string\"}],\"inLanguage\":\"pt-BR\"},{\"@type\":\"WebPage\",\"@id\":\"https:\/\/abrelivros.org.br\/site\/ensino-basico-no-brasil-piorou-se-comparado-a-1995\/#webpage\",\"url\":\"https:\/\/abrelivros.org.br\/site\/ensino-basico-no-brasil-piorou-se-comparado-a-1995\/\",\"name\":\"Ensino b\\u00e1sico no Brasil piorou se comparado a 1995 &raquo; Abrelivros\",\"isPartOf\":{\"@id\":\"https:\/\/abrelivros.org.br\/site\/#website\"},\"datePublished\":\"2008-06-13T20:11:00+00:00\",\"dateModified\":\"2008-06-13T20:11:00+00:00\",\"author\":{\"@id\":\"https:\/\/abrelivros.org.br\/site\/#\/schema\/person\/2b867f13a717bb230f1a3555505f5593\"},\"breadcrumb\":{\"@id\":\"https:\/\/abrelivros.org.br\/site\/ensino-basico-no-brasil-piorou-se-comparado-a-1995\/#breadcrumb\"},\"inLanguage\":\"pt-BR\",\"potentialAction\":[{\"@type\":\"ReadAction\",\"target\":[\"https:\/\/abrelivros.org.br\/site\/ensino-basico-no-brasil-piorou-se-comparado-a-1995\/\"]}]},{\"@type\":\"BreadcrumbList\",\"@id\":\"https:\/\/abrelivros.org.br\/site\/ensino-basico-no-brasil-piorou-se-comparado-a-1995\/#breadcrumb\",\"itemListElement\":[{\"@type\":\"ListItem\",\"position\":1,\"item\":{\"@type\":\"WebPage\",\"@id\":\"https:\/\/abrelivros.org.br\/site\/\",\"url\":\"https:\/\/abrelivros.org.br\/site\/\",\"name\":\"In\\u00edcio\"}},{\"@type\":\"ListItem\",\"position\":2,\"item\":{\"@type\":\"WebPage\",\"@id\":\"https:\/\/abrelivros.org.br\/site\/category\/noticias\/\",\"url\":\"https:\/\/abrelivros.org.br\/site\/category\/noticias\/\",\"name\":\"Not\\u00edcias\"}},{\"@type\":\"ListItem\",\"position\":3,\"item\":{\"@type\":\"WebPage\",\"@id\":\"https:\/\/abrelivros.org.br\/site\/category\/noticias\/noticias-da-imprensa\/\",\"url\":\"https:\/\/abrelivros.org.br\/site\/category\/noticias\/noticias-da-imprensa\/\",\"name\":\"Not\\u00edcias da imprensa\"}},{\"@type\":\"ListItem\",\"position\":4,\"item\":{\"@type\":\"WebPage\",\"@id\":\"https:\/\/abrelivros.org.br\/site\/ensino-basico-no-brasil-piorou-se-comparado-a-1995\/\",\"url\":\"https:\/\/abrelivros.org.br\/site\/ensino-basico-no-brasil-piorou-se-comparado-a-1995\/\",\"name\":\"Ensino b\\u00e1sico no Brasil piorou se comparado a 1995\"}}]},{\"@type\":\"Person\",\"@id\":\"https:\/\/abrelivros.org.br\/site\/#\/schema\/person\/2b867f13a717bb230f1a3555505f5593\",\"name\":\"\\u00a0\",\"image\":{\"@type\":\"ImageObject\",\"@id\":\"https:\/\/abrelivros.org.br\/site\/#personlogo\",\"inLanguage\":\"pt-BR\",\"url\":\"https:\/\/secure.gravatar.com\/avatar\/e80b7f5231be2fff5040a8023da424898002831c5439420df182ae62676d2a6f?s=96&d=mm&r=g\",\"caption\":\"\\u00a0\"}}]}<\/script>\n<!-- \/ Yoast SEO plugin. -->","_links":{"self":[{"href":"https:\/\/abrelivros.org.br\/site\/wp-json\/wp\/v2\/posts\/2160","targetHints":{"allow":["GET"]}}],"collection":[{"href":"https:\/\/abrelivros.org.br\/site\/wp-json\/wp\/v2\/posts"}],"about":[{"href":"https:\/\/abrelivros.org.br\/site\/wp-json\/wp\/v2\/types\/post"}],"author":[{"embeddable":true,"href":"https:\/\/abrelivros.org.br\/site\/wp-json\/wp\/v2\/users\/1"}],"replies":[{"embeddable":true,"href":"https:\/\/abrelivros.org.br\/site\/wp-json\/wp\/v2\/comments?post=2160"}],"version-history":[{"count":0,"href":"https:\/\/abrelivros.org.br\/site\/wp-json\/wp\/v2\/posts\/2160\/revisions"}],"wp:attachment":[{"href":"https:\/\/abrelivros.org.br\/site\/wp-json\/wp\/v2\/media?parent=2160"}],"wp:term":[{"taxonomy":"category","embeddable":true,"href":"https:\/\/abrelivros.org.br\/site\/wp-json\/wp\/v2\/categories?post=2160"},{"taxonomy":"post_tag","embeddable":true,"href":"https:\/\/abrelivros.org.br\/site\/wp-json\/wp\/v2\/tags?post=2160"}],"curies":[{"name":"wp","href":"https:\/\/api.w.org\/{rel}","templated":true}]}}