{"id":2158,"date":"2008-06-16T16:39:00","date_gmt":"2008-06-16T19:39:00","guid":{"rendered":"https:\/\/abrelivros.org.br\/site\/2008\/06\/16\/ideb-comemoracao-com-cautela\/"},"modified":"2008-06-16T16:39:00","modified_gmt":"2008-06-16T19:39:00","slug":"ideb-comemoracao-com-cautela","status":"publish","type":"post","link":"https:\/\/abrelivros.org.br\/site\/ideb-comemoracao-com-cautela\/","title":{"rendered":"Ideb: comemora\u00e7\u00e3o com cautela"},"content":{"rendered":"<p>O Presidente da Rep\u00fablica, Luiz In\u00e1cio Lula da Silva, destacou na manh\u00e3 desta segunda-feira, 16, que a qualidade do ensino oferecido pela rede p\u00fablica est\u00e1 melhorando, mas ainda h\u00e1 que se trabalhar muito para chegar \u00e0 m\u00e9dia dos pa\u00edses desenvolvidos. A afirma\u00e7\u00e3o foi feita no programa de r\u00e1dio Caf\u00e9 com o Presidente, da Radiobr\u00e1s.&nbsp;<br \/> &nbsp;<br \/> O Presidente referiu-se aos resultados do \u00edndice de desenvolvimento da educa\u00e7\u00e3o b\u00e1sica (Ideb) divulgados na semana passada. Os indicadores cresceram em todas as etapas de ensino, entre 2005 e 2007. A m\u00e9dia do pa\u00eds ficou em 4,2 nas primeiras s\u00e9ries do ensino fundamental; 3,8 nas s\u00e9ries finais da mesma etapa e 3,5 no ensino m\u00e9dio. As tr\u00eas notas ultrapassaram as proje\u00e7\u00f5es para 2007. Entre as regi\u00f5es, ressaltou Lula, destaca-se o Nordeste, com um dos maiores saltos de qualidade.&nbsp;<br \/> &nbsp;<br \/> \u201cD\u00e1 para comemorar com muita cautela, sabendo que temos de trabalhar muito\u201d, afirmou o presidente. Para ele, mesmo ultrapassadas as metas estabelecidas pelo Plano de Desenvolvimento da Educa\u00e7\u00e3o (PDE) para este ano, o caminho para chegar ao patamar dos pa\u00edses desenvolvidos ainda \u00e9 muito longo. \u201cOs 30 pa\u00edses mais desenvolvidos t\u00eam uma m\u00e9dia de seis. Significa que temos de trabalhar muito, mas muito mesmo para a melhora da educa\u00e7\u00e3o b\u00e1sica no nosso pa\u00eds.\u201d&nbsp;<br \/> &nbsp;<br \/> Ainda esta semana, ser\u00e3o divulgados os \u00edndices por escola. Lula sugere que todos \u2014 prefeitos, governadores, pais e alunos \u2014 se unam para detectar os problemas nas institui\u00e7\u00f5es de ensino que obtiverem os n\u00fameros mais baixos e tomar decis\u00f5es para melhorar a qualidade da educa\u00e7\u00e3o. &nbsp;<br \/> &nbsp;<\/p>\n","protected":false},"excerpt":{"rendered":"<p>O Presidente da Rep\u00fablica, Luiz In\u00e1cio Lula da Silva, destacou na manh\u00e3 desta segunda-feira, 16, que a qualidade do ensino oferecido pela rede p\u00fablica est\u00e1 melhorando, mas ainda h\u00e1 que se trabalhar muito para chegar \u00e0 m\u00e9dia dos pa\u00edses desenvolvidos. A afirma\u00e7\u00e3o foi feita no programa de r\u00e1dio Caf\u00e9 com o Presidente, da Radiobr\u00e1s.&nbsp; &nbsp; [&hellip;]<\/p>\n","protected":false},"author":1,"featured_media":0,"comment_status":"closed","ping_status":"closed","sticky":false,"template":"","format":"standard","meta":{"footnotes":"","_links_to":"","_links_to_target":""},"categories":[9],"tags":[],"class_list":["post-2158","post","type-post","status-publish","format-standard","hentry","category-noticias-da-imprensa"],"yoast_head":"<!-- This site is optimized with the Yoast SEO plugin v15.1 - https:\/\/yoast.com\/wordpress\/plugins\/seo\/ -->\n<title>Ideb: comemora\u00e7\u00e3o com cautela &raquo; Abrelivros<\/title>\n<meta name=\"robots\" content=\"index, follow, max-snippet:-1, max-image-preview:large, max-video-preview:-1\" \/>\n<link rel=\"canonical\" href=\"https:\/\/abrelivros.org.br\/site\/ideb-comemoracao-com-cautela\/\" \/>\n<meta property=\"og:locale\" content=\"pt_BR\" \/>\n<meta property=\"og:type\" content=\"article\" \/>\n<meta property=\"og:title\" content=\"Ideb: comemora\u00e7\u00e3o com cautela &raquo; Abrelivros\" \/>\n<meta property=\"og:description\" content=\"O Presidente da Rep\u00fablica, Luiz In\u00e1cio Lula da Silva, destacou na manh\u00e3 desta segunda-feira, 16, que a qualidade do ensino oferecido pela rede p\u00fablica est\u00e1 melhorando, mas ainda h\u00e1 que se trabalhar muito para chegar \u00e0 m\u00e9dia dos pa\u00edses desenvolvidos. A afirma\u00e7\u00e3o foi feita no programa de r\u00e1dio Caf\u00e9 com o Presidente, da Radiobr\u00e1s.&nbsp; &nbsp; [&hellip;]\" \/>\n<meta property=\"og:url\" content=\"https:\/\/abrelivros.org.br\/site\/ideb-comemoracao-com-cautela\/\" \/>\n<meta property=\"og:site_name\" content=\"Abrelivros\" \/>\n<meta property=\"article:published_time\" content=\"2008-06-16T19:39:00+00:00\" \/>\n<meta name=\"twitter:card\" content=\"summary_large_image\" \/>\n<script type=\"application\/ld+json\" class=\"yoast-schema-graph\">{\"@context\":\"https:\/\/schema.org\",\"@graph\":[{\"@type\":\"WebSite\",\"@id\":\"https:\/\/abrelivros.org.br\/site\/#website\",\"url\":\"https:\/\/abrelivros.org.br\/site\/\",\"name\":\"Abrelivros\",\"description\":\"\",\"potentialAction\":[{\"@type\":\"SearchAction\",\"target\":\"https:\/\/abrelivros.org.br\/site\/?s={search_term_string}\",\"query-input\":\"required name=search_term_string\"}],\"inLanguage\":\"pt-BR\"},{\"@type\":\"WebPage\",\"@id\":\"https:\/\/abrelivros.org.br\/site\/ideb-comemoracao-com-cautela\/#webpage\",\"url\":\"https:\/\/abrelivros.org.br\/site\/ideb-comemoracao-com-cautela\/\",\"name\":\"Ideb: comemora\\u00e7\\u00e3o com cautela &raquo; Abrelivros\",\"isPartOf\":{\"@id\":\"https:\/\/abrelivros.org.br\/site\/#website\"},\"datePublished\":\"2008-06-16T19:39:00+00:00\",\"dateModified\":\"2008-06-16T19:39:00+00:00\",\"author\":{\"@id\":\"https:\/\/abrelivros.org.br\/site\/#\/schema\/person\/2b867f13a717bb230f1a3555505f5593\"},\"breadcrumb\":{\"@id\":\"https:\/\/abrelivros.org.br\/site\/ideb-comemoracao-com-cautela\/#breadcrumb\"},\"inLanguage\":\"pt-BR\",\"potentialAction\":[{\"@type\":\"ReadAction\",\"target\":[\"https:\/\/abrelivros.org.br\/site\/ideb-comemoracao-com-cautela\/\"]}]},{\"@type\":\"BreadcrumbList\",\"@id\":\"https:\/\/abrelivros.org.br\/site\/ideb-comemoracao-com-cautela\/#breadcrumb\",\"itemListElement\":[{\"@type\":\"ListItem\",\"position\":1,\"item\":{\"@type\":\"WebPage\",\"@id\":\"https:\/\/abrelivros.org.br\/site\/\",\"url\":\"https:\/\/abrelivros.org.br\/site\/\",\"name\":\"In\\u00edcio\"}},{\"@type\":\"ListItem\",\"position\":2,\"item\":{\"@type\":\"WebPage\",\"@id\":\"https:\/\/abrelivros.org.br\/site\/category\/noticias\/\",\"url\":\"https:\/\/abrelivros.org.br\/site\/category\/noticias\/\",\"name\":\"Not\\u00edcias\"}},{\"@type\":\"ListItem\",\"position\":3,\"item\":{\"@type\":\"WebPage\",\"@id\":\"https:\/\/abrelivros.org.br\/site\/category\/noticias\/noticias-da-imprensa\/\",\"url\":\"https:\/\/abrelivros.org.br\/site\/category\/noticias\/noticias-da-imprensa\/\",\"name\":\"Not\\u00edcias da imprensa\"}},{\"@type\":\"ListItem\",\"position\":4,\"item\":{\"@type\":\"WebPage\",\"@id\":\"https:\/\/abrelivros.org.br\/site\/ideb-comemoracao-com-cautela\/\",\"url\":\"https:\/\/abrelivros.org.br\/site\/ideb-comemoracao-com-cautela\/\",\"name\":\"Ideb: comemora\\u00e7\\u00e3o com cautela\"}}]},{\"@type\":\"Person\",\"@id\":\"https:\/\/abrelivros.org.br\/site\/#\/schema\/person\/2b867f13a717bb230f1a3555505f5593\",\"name\":\"\\u00a0\",\"image\":{\"@type\":\"ImageObject\",\"@id\":\"https:\/\/abrelivros.org.br\/site\/#personlogo\",\"inLanguage\":\"pt-BR\",\"url\":\"https:\/\/secure.gravatar.com\/avatar\/e80b7f5231be2fff5040a8023da424898002831c5439420df182ae62676d2a6f?s=96&d=mm&r=g\",\"caption\":\"\\u00a0\"}}]}<\/script>\n<!-- \/ Yoast SEO plugin. -->","_links":{"self":[{"href":"https:\/\/abrelivros.org.br\/site\/wp-json\/wp\/v2\/posts\/2158","targetHints":{"allow":["GET"]}}],"collection":[{"href":"https:\/\/abrelivros.org.br\/site\/wp-json\/wp\/v2\/posts"}],"about":[{"href":"https:\/\/abrelivros.org.br\/site\/wp-json\/wp\/v2\/types\/post"}],"author":[{"embeddable":true,"href":"https:\/\/abrelivros.org.br\/site\/wp-json\/wp\/v2\/users\/1"}],"replies":[{"embeddable":true,"href":"https:\/\/abrelivros.org.br\/site\/wp-json\/wp\/v2\/comments?post=2158"}],"version-history":[{"count":0,"href":"https:\/\/abrelivros.org.br\/site\/wp-json\/wp\/v2\/posts\/2158\/revisions"}],"wp:attachment":[{"href":"https:\/\/abrelivros.org.br\/site\/wp-json\/wp\/v2\/media?parent=2158"}],"wp:term":[{"taxonomy":"category","embeddable":true,"href":"https:\/\/abrelivros.org.br\/site\/wp-json\/wp\/v2\/categories?post=2158"},{"taxonomy":"post_tag","embeddable":true,"href":"https:\/\/abrelivros.org.br\/site\/wp-json\/wp\/v2\/tags?post=2158"}],"curies":[{"name":"wp","href":"https:\/\/api.w.org\/{rel}","templated":true}]}}