{"id":2157,"date":"2008-06-17T16:41:00","date_gmt":"2008-06-17T19:41:00","guid":{"rendered":"https:\/\/abrelivros.org.br\/site\/2008\/06\/17\/biblioteca-nacional-na-reta-final-de-seu-projeto-de-acessibilidade\/"},"modified":"2008-06-17T16:41:00","modified_gmt":"2008-06-17T19:41:00","slug":"biblioteca-nacional-na-reta-final-de-seu-projeto-de-acessibilidade","status":"publish","type":"post","link":"https:\/\/abrelivros.org.br\/site\/biblioteca-nacional-na-reta-final-de-seu-projeto-de-acessibilidade\/","title":{"rendered":"Biblioteca Nacional na reta final de seu projeto de acessibilidade"},"content":{"rendered":"<p>A <a href=\"http:\/\/www.bn.br\/\" target=\"_blank\" rel=\"noopener noreferrer\">Biblioteca Nacional<\/a> deve concluir at\u00e9 o fim de junho a primeira parte do projeto \u201cBiblioteca Acess\u00edvel\u201d, que permitir\u00e1 que portadores de defici\u00eancia f\u00edsica e idosos possam ter acesso ao acervo da institui\u00e7\u00e3o. Para isso, est\u00e3o sendo instalados no local equipamentos de alta tecnologia, como ampliadores de textos eletr\u00f4nicos, leitores de livros aut\u00f4nomos, linhas Braille, folheadores de livros autom\u00e1ticos, teclados e mouses especiais, impressoras Braille e programas para leitura de textos que fazem reconhecimento de voz. \u00a0<br \/> \u00a0<br \/> O projeto foi desenvolvido em janeiro de 2008 pela ONG <a href=\"http:\/\/www.acessobrasil.org.br\/\" target=\"_blank\" rel=\"noopener noreferrer\">Acessibilidade Brasil<\/a> e deve servir de modelo para as demais bibliotecas que integram o sistema brasileiro de bibliotecas, coordenado pela Biblioteca Nacional.\u00a0<br \/> \u00a0<\/p>\n","protected":false},"excerpt":{"rendered":"<p>A Biblioteca Nacional deve concluir at\u00e9 o fim de junho a primeira parte do projeto \u201cBiblioteca Acess\u00edvel\u201d, que permitir\u00e1 que portadores de defici\u00eancia f\u00edsica e idosos possam ter acesso ao acervo da institui\u00e7\u00e3o. Para isso, est\u00e3o sendo instalados no local equipamentos de alta tecnologia, como ampliadores de textos eletr\u00f4nicos, leitores de livros aut\u00f4nomos, linhas Braille, [&hellip;]<\/p>\n","protected":false},"author":1,"featured_media":0,"comment_status":"closed","ping_status":"closed","sticky":false,"template":"","format":"standard","meta":{"footnotes":"","_links_to":"","_links_to_target":""},"categories":[9],"tags":[],"class_list":["post-2157","post","type-post","status-publish","format-standard","hentry","category-noticias-da-imprensa"],"yoast_head":"<!-- This site is optimized with the Yoast SEO plugin v15.1 - https:\/\/yoast.com\/wordpress\/plugins\/seo\/ -->\n<title>Biblioteca Nacional na reta final de seu projeto de acessibilidade &raquo; Abrelivros<\/title>\n<meta name=\"robots\" content=\"index, follow, max-snippet:-1, max-image-preview:large, max-video-preview:-1\" \/>\n<link rel=\"canonical\" href=\"https:\/\/abrelivros.org.br\/site\/biblioteca-nacional-na-reta-final-de-seu-projeto-de-acessibilidade\/\" \/>\n<meta property=\"og:locale\" content=\"pt_BR\" \/>\n<meta property=\"og:type\" content=\"article\" \/>\n<meta property=\"og:title\" content=\"Biblioteca Nacional na reta final de seu projeto de acessibilidade &raquo; Abrelivros\" \/>\n<meta property=\"og:description\" content=\"A Biblioteca Nacional deve concluir at\u00e9 o fim de junho a primeira parte do projeto \u201cBiblioteca Acess\u00edvel\u201d, que permitir\u00e1 que portadores de defici\u00eancia f\u00edsica e idosos possam ter acesso ao acervo da institui\u00e7\u00e3o. Para isso, est\u00e3o sendo instalados no local equipamentos de alta tecnologia, como ampliadores de textos eletr\u00f4nicos, leitores de livros aut\u00f4nomos, linhas Braille, [&hellip;]\" \/>\n<meta property=\"og:url\" content=\"https:\/\/abrelivros.org.br\/site\/biblioteca-nacional-na-reta-final-de-seu-projeto-de-acessibilidade\/\" \/>\n<meta property=\"og:site_name\" content=\"Abrelivros\" \/>\n<meta property=\"article:published_time\" content=\"2008-06-17T19:41:00+00:00\" \/>\n<meta name=\"twitter:card\" content=\"summary_large_image\" \/>\n<script type=\"application\/ld+json\" class=\"yoast-schema-graph\">{\"@context\":\"https:\/\/schema.org\",\"@graph\":[{\"@type\":\"WebSite\",\"@id\":\"https:\/\/abrelivros.org.br\/site\/#website\",\"url\":\"https:\/\/abrelivros.org.br\/site\/\",\"name\":\"Abrelivros\",\"description\":\"\",\"potentialAction\":[{\"@type\":\"SearchAction\",\"target\":\"https:\/\/abrelivros.org.br\/site\/?s={search_term_string}\",\"query-input\":\"required name=search_term_string\"}],\"inLanguage\":\"pt-BR\"},{\"@type\":\"WebPage\",\"@id\":\"https:\/\/abrelivros.org.br\/site\/biblioteca-nacional-na-reta-final-de-seu-projeto-de-acessibilidade\/#webpage\",\"url\":\"https:\/\/abrelivros.org.br\/site\/biblioteca-nacional-na-reta-final-de-seu-projeto-de-acessibilidade\/\",\"name\":\"Biblioteca Nacional na reta final de seu projeto de acessibilidade &raquo; Abrelivros\",\"isPartOf\":{\"@id\":\"https:\/\/abrelivros.org.br\/site\/#website\"},\"datePublished\":\"2008-06-17T19:41:00+00:00\",\"dateModified\":\"2008-06-17T19:41:00+00:00\",\"author\":{\"@id\":\"https:\/\/abrelivros.org.br\/site\/#\/schema\/person\/2b867f13a717bb230f1a3555505f5593\"},\"breadcrumb\":{\"@id\":\"https:\/\/abrelivros.org.br\/site\/biblioteca-nacional-na-reta-final-de-seu-projeto-de-acessibilidade\/#breadcrumb\"},\"inLanguage\":\"pt-BR\",\"potentialAction\":[{\"@type\":\"ReadAction\",\"target\":[\"https:\/\/abrelivros.org.br\/site\/biblioteca-nacional-na-reta-final-de-seu-projeto-de-acessibilidade\/\"]}]},{\"@type\":\"BreadcrumbList\",\"@id\":\"https:\/\/abrelivros.org.br\/site\/biblioteca-nacional-na-reta-final-de-seu-projeto-de-acessibilidade\/#breadcrumb\",\"itemListElement\":[{\"@type\":\"ListItem\",\"position\":1,\"item\":{\"@type\":\"WebPage\",\"@id\":\"https:\/\/abrelivros.org.br\/site\/\",\"url\":\"https:\/\/abrelivros.org.br\/site\/\",\"name\":\"In\\u00edcio\"}},{\"@type\":\"ListItem\",\"position\":2,\"item\":{\"@type\":\"WebPage\",\"@id\":\"https:\/\/abrelivros.org.br\/site\/category\/noticias\/\",\"url\":\"https:\/\/abrelivros.org.br\/site\/category\/noticias\/\",\"name\":\"Not\\u00edcias\"}},{\"@type\":\"ListItem\",\"position\":3,\"item\":{\"@type\":\"WebPage\",\"@id\":\"https:\/\/abrelivros.org.br\/site\/category\/noticias\/noticias-da-imprensa\/\",\"url\":\"https:\/\/abrelivros.org.br\/site\/category\/noticias\/noticias-da-imprensa\/\",\"name\":\"Not\\u00edcias da imprensa\"}},{\"@type\":\"ListItem\",\"position\":4,\"item\":{\"@type\":\"WebPage\",\"@id\":\"https:\/\/abrelivros.org.br\/site\/biblioteca-nacional-na-reta-final-de-seu-projeto-de-acessibilidade\/\",\"url\":\"https:\/\/abrelivros.org.br\/site\/biblioteca-nacional-na-reta-final-de-seu-projeto-de-acessibilidade\/\",\"name\":\"Biblioteca Nacional na reta final de seu projeto de acessibilidade\"}}]},{\"@type\":\"Person\",\"@id\":\"https:\/\/abrelivros.org.br\/site\/#\/schema\/person\/2b867f13a717bb230f1a3555505f5593\",\"name\":\"\\u00a0\",\"image\":{\"@type\":\"ImageObject\",\"@id\":\"https:\/\/abrelivros.org.br\/site\/#personlogo\",\"inLanguage\":\"pt-BR\",\"url\":\"https:\/\/secure.gravatar.com\/avatar\/e80b7f5231be2fff5040a8023da424898002831c5439420df182ae62676d2a6f?s=96&d=mm&r=g\",\"caption\":\"\\u00a0\"}}]}<\/script>\n<!-- \/ Yoast SEO plugin. -->","_links":{"self":[{"href":"https:\/\/abrelivros.org.br\/site\/wp-json\/wp\/v2\/posts\/2157","targetHints":{"allow":["GET"]}}],"collection":[{"href":"https:\/\/abrelivros.org.br\/site\/wp-json\/wp\/v2\/posts"}],"about":[{"href":"https:\/\/abrelivros.org.br\/site\/wp-json\/wp\/v2\/types\/post"}],"author":[{"embeddable":true,"href":"https:\/\/abrelivros.org.br\/site\/wp-json\/wp\/v2\/users\/1"}],"replies":[{"embeddable":true,"href":"https:\/\/abrelivros.org.br\/site\/wp-json\/wp\/v2\/comments?post=2157"}],"version-history":[{"count":0,"href":"https:\/\/abrelivros.org.br\/site\/wp-json\/wp\/v2\/posts\/2157\/revisions"}],"wp:attachment":[{"href":"https:\/\/abrelivros.org.br\/site\/wp-json\/wp\/v2\/media?parent=2157"}],"wp:term":[{"taxonomy":"category","embeddable":true,"href":"https:\/\/abrelivros.org.br\/site\/wp-json\/wp\/v2\/categories?post=2157"},{"taxonomy":"post_tag","embeddable":true,"href":"https:\/\/abrelivros.org.br\/site\/wp-json\/wp\/v2\/tags?post=2157"}],"curies":[{"name":"wp","href":"https:\/\/api.w.org\/{rel}","templated":true}]}}