{"id":2156,"date":"2008-06-18T14:13:00","date_gmt":"2008-06-18T17:13:00","guid":{"rendered":"https:\/\/abrelivros.org.br\/site\/2008\/06\/18\/lula-quer-usar-dinheiro-de-petroleo-para-investir-na-educacao\/"},"modified":"2008-06-18T14:13:00","modified_gmt":"2008-06-18T17:13:00","slug":"lula-quer-usar-dinheiro-de-petroleo-para-investir-na-educacao","status":"publish","type":"post","link":"https:\/\/abrelivros.org.br\/site\/lula-quer-usar-dinheiro-de-petroleo-para-investir-na-educacao\/","title":{"rendered":"Lula quer usar dinheiro de petr\u00f3leo para investir na educa\u00e7\u00e3o"},"content":{"rendered":"<p>O governo federal estuda criar um fundo para educa\u00e7\u00e3o com o dinheiro que ser\u00e1 arrecadado com os novos campos de petr\u00f3leos descobertos recentemente pela Petrobras. A proposta foi apresentada na \u00faltima segunda-feira (16) pelo presidente Luiz In\u00e1cio Lula da Silva a 35 intelectuais, durante reuni\u00e3o realizada em S\u00e3o Paulo.&nbsp;<br \/> &nbsp;<br \/> A id\u00e9ia apresentada \u00e9 utilizar parte dos royalties (parte do lucro a qual o governo ter\u00e1 direito) para aumentar de 290 mil para 500 mil o n\u00famero de estudantes que ingressam em escolas p\u00fablicas a cada ano. &nbsp;<br \/> &nbsp;<br \/> Estudo financiado pelo Unicef apontou que o investimento por aluno no Brasil \u00e9 inferior ao m\u00ednimo necess\u00e1rio para bancar insumos b\u00e1sicos de educa\u00e7\u00e3o.&nbsp;<br \/> &nbsp;<br \/> Em outro ranking, organizado pela OCDE &#8211; que re\u00fane pa\u00edses industrializados como M\u00e9xico, Jap\u00e3o, Gr\u00e9cia e R\u00fassia -, o Brasil foi apontado como o pa\u00eds que menos gasta em educa\u00e7\u00e3o.&nbsp;<br \/> &nbsp;<br \/> Eestiveram na reuni\u00e3o, entre outros intelectuais, Dalmo Dallari, Fernando Morais, Luis Fernando Ver\u00edssimo, Leonardo Boff, Moacir Scliar, Maria Victoria Benevides, Emir Sader e Juarez Guimar\u00e3es. &nbsp;<br \/> &nbsp;<br \/> A ministra-chefe da Casa Civil, Dilma Rousseff, o ministro da Educa\u00e7\u00e3o, Fernando Haddad, o ministro-chefe da Secretaria-Geral da Presid\u00eancia da Rep\u00fablica, Luiz Dulci, e o ministro da Secretaria Especial dos Direitos Humanos da Presid\u00eancia da Rep\u00fablica, Paulo Vanucchi, tamb\u00e9m participaram do encontro.&nbsp;<br \/> &nbsp;<\/p>\n","protected":false},"excerpt":{"rendered":"<p>O governo federal estuda criar um fundo para educa\u00e7\u00e3o com o dinheiro que ser\u00e1 arrecadado com os novos campos de petr\u00f3leos descobertos recentemente pela Petrobras. A proposta foi apresentada na \u00faltima segunda-feira (16) pelo presidente Luiz In\u00e1cio Lula da Silva a 35 intelectuais, durante reuni\u00e3o realizada em S\u00e3o Paulo.&nbsp; &nbsp; A id\u00e9ia apresentada \u00e9 utilizar [&hellip;]<\/p>\n","protected":false},"author":1,"featured_media":0,"comment_status":"closed","ping_status":"closed","sticky":false,"template":"","format":"standard","meta":{"footnotes":"","_links_to":"","_links_to_target":""},"categories":[9],"tags":[],"class_list":["post-2156","post","type-post","status-publish","format-standard","hentry","category-noticias-da-imprensa"],"yoast_head":"<!-- This site is optimized with the Yoast SEO plugin v15.1 - https:\/\/yoast.com\/wordpress\/plugins\/seo\/ -->\n<title>Lula quer usar dinheiro de petr\u00f3leo para investir na educa\u00e7\u00e3o &raquo; Abrelivros<\/title>\n<meta name=\"robots\" content=\"index, follow, max-snippet:-1, max-image-preview:large, max-video-preview:-1\" \/>\n<link rel=\"canonical\" href=\"https:\/\/abrelivros.org.br\/site\/lula-quer-usar-dinheiro-de-petroleo-para-investir-na-educacao\/\" \/>\n<meta property=\"og:locale\" content=\"pt_BR\" \/>\n<meta property=\"og:type\" content=\"article\" \/>\n<meta property=\"og:title\" content=\"Lula quer usar dinheiro de petr\u00f3leo para investir na educa\u00e7\u00e3o &raquo; Abrelivros\" \/>\n<meta property=\"og:description\" content=\"O governo federal estuda criar um fundo para educa\u00e7\u00e3o com o dinheiro que ser\u00e1 arrecadado com os novos campos de petr\u00f3leos descobertos recentemente pela Petrobras. A proposta foi apresentada na \u00faltima segunda-feira (16) pelo presidente Luiz In\u00e1cio Lula da Silva a 35 intelectuais, durante reuni\u00e3o realizada em S\u00e3o Paulo.&nbsp; &nbsp; A id\u00e9ia apresentada \u00e9 utilizar [&hellip;]\" \/>\n<meta property=\"og:url\" content=\"https:\/\/abrelivros.org.br\/site\/lula-quer-usar-dinheiro-de-petroleo-para-investir-na-educacao\/\" \/>\n<meta property=\"og:site_name\" content=\"Abrelivros\" \/>\n<meta property=\"article:published_time\" content=\"2008-06-18T17:13:00+00:00\" \/>\n<meta name=\"twitter:card\" content=\"summary_large_image\" \/>\n<script type=\"application\/ld+json\" class=\"yoast-schema-graph\">{\"@context\":\"https:\/\/schema.org\",\"@graph\":[{\"@type\":\"WebSite\",\"@id\":\"https:\/\/abrelivros.org.br\/site\/#website\",\"url\":\"https:\/\/abrelivros.org.br\/site\/\",\"name\":\"Abrelivros\",\"description\":\"\",\"potentialAction\":[{\"@type\":\"SearchAction\",\"target\":\"https:\/\/abrelivros.org.br\/site\/?s={search_term_string}\",\"query-input\":\"required name=search_term_string\"}],\"inLanguage\":\"pt-BR\"},{\"@type\":\"WebPage\",\"@id\":\"https:\/\/abrelivros.org.br\/site\/lula-quer-usar-dinheiro-de-petroleo-para-investir-na-educacao\/#webpage\",\"url\":\"https:\/\/abrelivros.org.br\/site\/lula-quer-usar-dinheiro-de-petroleo-para-investir-na-educacao\/\",\"name\":\"Lula quer usar dinheiro de petr\\u00f3leo para investir na educa\\u00e7\\u00e3o &raquo; Abrelivros\",\"isPartOf\":{\"@id\":\"https:\/\/abrelivros.org.br\/site\/#website\"},\"datePublished\":\"2008-06-18T17:13:00+00:00\",\"dateModified\":\"2008-06-18T17:13:00+00:00\",\"author\":{\"@id\":\"https:\/\/abrelivros.org.br\/site\/#\/schema\/person\/2b867f13a717bb230f1a3555505f5593\"},\"breadcrumb\":{\"@id\":\"https:\/\/abrelivros.org.br\/site\/lula-quer-usar-dinheiro-de-petroleo-para-investir-na-educacao\/#breadcrumb\"},\"inLanguage\":\"pt-BR\",\"potentialAction\":[{\"@type\":\"ReadAction\",\"target\":[\"https:\/\/abrelivros.org.br\/site\/lula-quer-usar-dinheiro-de-petroleo-para-investir-na-educacao\/\"]}]},{\"@type\":\"BreadcrumbList\",\"@id\":\"https:\/\/abrelivros.org.br\/site\/lula-quer-usar-dinheiro-de-petroleo-para-investir-na-educacao\/#breadcrumb\",\"itemListElement\":[{\"@type\":\"ListItem\",\"position\":1,\"item\":{\"@type\":\"WebPage\",\"@id\":\"https:\/\/abrelivros.org.br\/site\/\",\"url\":\"https:\/\/abrelivros.org.br\/site\/\",\"name\":\"In\\u00edcio\"}},{\"@type\":\"ListItem\",\"position\":2,\"item\":{\"@type\":\"WebPage\",\"@id\":\"https:\/\/abrelivros.org.br\/site\/category\/noticias\/\",\"url\":\"https:\/\/abrelivros.org.br\/site\/category\/noticias\/\",\"name\":\"Not\\u00edcias\"}},{\"@type\":\"ListItem\",\"position\":3,\"item\":{\"@type\":\"WebPage\",\"@id\":\"https:\/\/abrelivros.org.br\/site\/category\/noticias\/noticias-da-imprensa\/\",\"url\":\"https:\/\/abrelivros.org.br\/site\/category\/noticias\/noticias-da-imprensa\/\",\"name\":\"Not\\u00edcias da imprensa\"}},{\"@type\":\"ListItem\",\"position\":4,\"item\":{\"@type\":\"WebPage\",\"@id\":\"https:\/\/abrelivros.org.br\/site\/lula-quer-usar-dinheiro-de-petroleo-para-investir-na-educacao\/\",\"url\":\"https:\/\/abrelivros.org.br\/site\/lula-quer-usar-dinheiro-de-petroleo-para-investir-na-educacao\/\",\"name\":\"Lula quer usar dinheiro de petr\\u00f3leo para investir na educa\\u00e7\\u00e3o\"}}]},{\"@type\":\"Person\",\"@id\":\"https:\/\/abrelivros.org.br\/site\/#\/schema\/person\/2b867f13a717bb230f1a3555505f5593\",\"name\":\"\\u00a0\",\"image\":{\"@type\":\"ImageObject\",\"@id\":\"https:\/\/abrelivros.org.br\/site\/#personlogo\",\"inLanguage\":\"pt-BR\",\"url\":\"https:\/\/secure.gravatar.com\/avatar\/e80b7f5231be2fff5040a8023da424898002831c5439420df182ae62676d2a6f?s=96&d=mm&r=g\",\"caption\":\"\\u00a0\"}}]}<\/script>\n<!-- \/ Yoast SEO plugin. -->","_links":{"self":[{"href":"https:\/\/abrelivros.org.br\/site\/wp-json\/wp\/v2\/posts\/2156","targetHints":{"allow":["GET"]}}],"collection":[{"href":"https:\/\/abrelivros.org.br\/site\/wp-json\/wp\/v2\/posts"}],"about":[{"href":"https:\/\/abrelivros.org.br\/site\/wp-json\/wp\/v2\/types\/post"}],"author":[{"embeddable":true,"href":"https:\/\/abrelivros.org.br\/site\/wp-json\/wp\/v2\/users\/1"}],"replies":[{"embeddable":true,"href":"https:\/\/abrelivros.org.br\/site\/wp-json\/wp\/v2\/comments?post=2156"}],"version-history":[{"count":0,"href":"https:\/\/abrelivros.org.br\/site\/wp-json\/wp\/v2\/posts\/2156\/revisions"}],"wp:attachment":[{"href":"https:\/\/abrelivros.org.br\/site\/wp-json\/wp\/v2\/media?parent=2156"}],"wp:term":[{"taxonomy":"category","embeddable":true,"href":"https:\/\/abrelivros.org.br\/site\/wp-json\/wp\/v2\/categories?post=2156"},{"taxonomy":"post_tag","embeddable":true,"href":"https:\/\/abrelivros.org.br\/site\/wp-json\/wp\/v2\/tags?post=2156"}],"curies":[{"name":"wp","href":"https:\/\/api.w.org\/{rel}","templated":true}]}}