{"id":2155,"date":"2008-06-18T14:25:00","date_gmt":"2008-06-18T17:25:00","guid":{"rendered":"https:\/\/abrelivros.org.br\/site\/2008\/06\/18\/deputados-agora-falam-em-livro-ecologico-facultativo\/"},"modified":"2008-06-18T14:25:00","modified_gmt":"2008-06-18T17:25:00","slug":"deputados-agora-falam-em-livro-ecologico-facultativo","status":"publish","type":"post","link":"https:\/\/abrelivros.org.br\/site\/deputados-agora-falam-em-livro-ecologico-facultativo\/","title":{"rendered":"Deputados agora falam em livro ecol\u00f3gico facultativo"},"content":{"rendered":"<p>A Comiss\u00e3o de Meio Ambiente e Desenvolvimento Sustent\u00e1vel da C\u00e2mara dos Deputados resolveu dar outro rumo ao projeto de lei do deputado Eliene de Lima (PP-MT) que previa a obrigatoriedade do uso de 30% de papel reciclado na produ\u00e7\u00e3o de livros no pa\u00eds. Pressionada, a relatora Rebecca Garcia (PP-AM) achou melhor recuar. E mudar a ess\u00eancia da proposta do colega de bancada. \u00a0<br \/> \u00a0<br \/> Agora, em vez da obrigatoriedade do reciclado, as empresas que utilizarem a mat\u00e9ria-prima ecologicamente correta seriam beneficiadas com juros banc\u00e1rios menores nos empr\u00e9stimos em bancos oficiais, pontua Galeno Amorim. O prazo para apresenta\u00e7\u00e3o de emendas ao <a href=\"http:\/\/www.camara.gov.br\/sileg\/integras\/575614.pdf\" target=\"_blank\" rel=\"noopener noreferrer\">substitutivo<\/a> da relatora come\u00e7ou a contar a partir desta segunda-feira, dia 16.\u00a0<br \/> \u00a0<\/p>\n<p><\/p>\n","protected":false},"excerpt":{"rendered":"<p>A Comiss\u00e3o de Meio Ambiente e Desenvolvimento Sustent\u00e1vel da C\u00e2mara dos Deputados resolveu dar outro rumo ao projeto de lei do deputado Eliene de Lima (PP-MT) que previa a obrigatoriedade do uso de 30% de papel reciclado na produ\u00e7\u00e3o de livros no pa\u00eds. Pressionada, a relatora Rebecca Garcia (PP-AM) achou melhor recuar. E mudar a [&hellip;]<\/p>\n","protected":false},"author":1,"featured_media":0,"comment_status":"closed","ping_status":"closed","sticky":false,"template":"","format":"standard","meta":{"footnotes":"","_links_to":"","_links_to_target":""},"categories":[9],"tags":[],"class_list":["post-2155","post","type-post","status-publish","format-standard","hentry","category-noticias-da-imprensa"],"yoast_head":"<!-- This site is optimized with the Yoast SEO plugin v15.1 - https:\/\/yoast.com\/wordpress\/plugins\/seo\/ -->\n<title>Deputados agora falam em livro ecol\u00f3gico facultativo &raquo; Abrelivros<\/title>\n<meta name=\"robots\" content=\"index, follow, max-snippet:-1, max-image-preview:large, max-video-preview:-1\" \/>\n<link rel=\"canonical\" href=\"https:\/\/abrelivros.org.br\/site\/deputados-agora-falam-em-livro-ecologico-facultativo\/\" \/>\n<meta property=\"og:locale\" content=\"pt_BR\" \/>\n<meta property=\"og:type\" content=\"article\" \/>\n<meta property=\"og:title\" content=\"Deputados agora falam em livro ecol\u00f3gico facultativo &raquo; Abrelivros\" \/>\n<meta property=\"og:description\" content=\"A Comiss\u00e3o de Meio Ambiente e Desenvolvimento Sustent\u00e1vel da C\u00e2mara dos Deputados resolveu dar outro rumo ao projeto de lei do deputado Eliene de Lima (PP-MT) que previa a obrigatoriedade do uso de 30% de papel reciclado na produ\u00e7\u00e3o de livros no pa\u00eds. Pressionada, a relatora Rebecca Garcia (PP-AM) achou melhor recuar. E mudar a [&hellip;]\" \/>\n<meta property=\"og:url\" content=\"https:\/\/abrelivros.org.br\/site\/deputados-agora-falam-em-livro-ecologico-facultativo\/\" \/>\n<meta property=\"og:site_name\" content=\"Abrelivros\" \/>\n<meta property=\"article:published_time\" content=\"2008-06-18T17:25:00+00:00\" \/>\n<meta name=\"twitter:card\" content=\"summary_large_image\" \/>\n<script type=\"application\/ld+json\" class=\"yoast-schema-graph\">{\"@context\":\"https:\/\/schema.org\",\"@graph\":[{\"@type\":\"WebSite\",\"@id\":\"https:\/\/abrelivros.org.br\/site\/#website\",\"url\":\"https:\/\/abrelivros.org.br\/site\/\",\"name\":\"Abrelivros\",\"description\":\"\",\"potentialAction\":[{\"@type\":\"SearchAction\",\"target\":\"https:\/\/abrelivros.org.br\/site\/?s={search_term_string}\",\"query-input\":\"required name=search_term_string\"}],\"inLanguage\":\"pt-BR\"},{\"@type\":\"WebPage\",\"@id\":\"https:\/\/abrelivros.org.br\/site\/deputados-agora-falam-em-livro-ecologico-facultativo\/#webpage\",\"url\":\"https:\/\/abrelivros.org.br\/site\/deputados-agora-falam-em-livro-ecologico-facultativo\/\",\"name\":\"Deputados agora falam em livro ecol\\u00f3gico facultativo &raquo; Abrelivros\",\"isPartOf\":{\"@id\":\"https:\/\/abrelivros.org.br\/site\/#website\"},\"datePublished\":\"2008-06-18T17:25:00+00:00\",\"dateModified\":\"2008-06-18T17:25:00+00:00\",\"author\":{\"@id\":\"https:\/\/abrelivros.org.br\/site\/#\/schema\/person\/2b867f13a717bb230f1a3555505f5593\"},\"breadcrumb\":{\"@id\":\"https:\/\/abrelivros.org.br\/site\/deputados-agora-falam-em-livro-ecologico-facultativo\/#breadcrumb\"},\"inLanguage\":\"pt-BR\",\"potentialAction\":[{\"@type\":\"ReadAction\",\"target\":[\"https:\/\/abrelivros.org.br\/site\/deputados-agora-falam-em-livro-ecologico-facultativo\/\"]}]},{\"@type\":\"BreadcrumbList\",\"@id\":\"https:\/\/abrelivros.org.br\/site\/deputados-agora-falam-em-livro-ecologico-facultativo\/#breadcrumb\",\"itemListElement\":[{\"@type\":\"ListItem\",\"position\":1,\"item\":{\"@type\":\"WebPage\",\"@id\":\"https:\/\/abrelivros.org.br\/site\/\",\"url\":\"https:\/\/abrelivros.org.br\/site\/\",\"name\":\"In\\u00edcio\"}},{\"@type\":\"ListItem\",\"position\":2,\"item\":{\"@type\":\"WebPage\",\"@id\":\"https:\/\/abrelivros.org.br\/site\/category\/noticias\/\",\"url\":\"https:\/\/abrelivros.org.br\/site\/category\/noticias\/\",\"name\":\"Not\\u00edcias\"}},{\"@type\":\"ListItem\",\"position\":3,\"item\":{\"@type\":\"WebPage\",\"@id\":\"https:\/\/abrelivros.org.br\/site\/category\/noticias\/noticias-da-imprensa\/\",\"url\":\"https:\/\/abrelivros.org.br\/site\/category\/noticias\/noticias-da-imprensa\/\",\"name\":\"Not\\u00edcias da imprensa\"}},{\"@type\":\"ListItem\",\"position\":4,\"item\":{\"@type\":\"WebPage\",\"@id\":\"https:\/\/abrelivros.org.br\/site\/deputados-agora-falam-em-livro-ecologico-facultativo\/\",\"url\":\"https:\/\/abrelivros.org.br\/site\/deputados-agora-falam-em-livro-ecologico-facultativo\/\",\"name\":\"Deputados agora falam em livro ecol\\u00f3gico facultativo\"}}]},{\"@type\":\"Person\",\"@id\":\"https:\/\/abrelivros.org.br\/site\/#\/schema\/person\/2b867f13a717bb230f1a3555505f5593\",\"name\":\"\\u00a0\",\"image\":{\"@type\":\"ImageObject\",\"@id\":\"https:\/\/abrelivros.org.br\/site\/#personlogo\",\"inLanguage\":\"pt-BR\",\"url\":\"https:\/\/secure.gravatar.com\/avatar\/e80b7f5231be2fff5040a8023da424898002831c5439420df182ae62676d2a6f?s=96&d=mm&r=g\",\"caption\":\"\\u00a0\"}}]}<\/script>\n<!-- \/ Yoast SEO plugin. -->","_links":{"self":[{"href":"https:\/\/abrelivros.org.br\/site\/wp-json\/wp\/v2\/posts\/2155","targetHints":{"allow":["GET"]}}],"collection":[{"href":"https:\/\/abrelivros.org.br\/site\/wp-json\/wp\/v2\/posts"}],"about":[{"href":"https:\/\/abrelivros.org.br\/site\/wp-json\/wp\/v2\/types\/post"}],"author":[{"embeddable":true,"href":"https:\/\/abrelivros.org.br\/site\/wp-json\/wp\/v2\/users\/1"}],"replies":[{"embeddable":true,"href":"https:\/\/abrelivros.org.br\/site\/wp-json\/wp\/v2\/comments?post=2155"}],"version-history":[{"count":0,"href":"https:\/\/abrelivros.org.br\/site\/wp-json\/wp\/v2\/posts\/2155\/revisions"}],"wp:attachment":[{"href":"https:\/\/abrelivros.org.br\/site\/wp-json\/wp\/v2\/media?parent=2155"}],"wp:term":[{"taxonomy":"category","embeddable":true,"href":"https:\/\/abrelivros.org.br\/site\/wp-json\/wp\/v2\/categories?post=2155"},{"taxonomy":"post_tag","embeddable":true,"href":"https:\/\/abrelivros.org.br\/site\/wp-json\/wp\/v2\/tags?post=2155"}],"curies":[{"name":"wp","href":"https:\/\/api.w.org\/{rel}","templated":true}]}}