{"id":2148,"date":"2008-07-04T12:02:00","date_gmt":"2008-07-04T15:02:00","guid":{"rendered":"https:\/\/abrelivros.org.br\/site\/2008\/07\/04\/apoio-a-flip\/"},"modified":"2008-07-04T12:02:00","modified_gmt":"2008-07-04T15:02:00","slug":"apoio-a-flip","status":"publish","type":"post","link":"https:\/\/abrelivros.org.br\/site\/apoio-a-flip\/","title":{"rendered":"Apoio \u00e0 Flip"},"content":{"rendered":"<p>A Festa Liter\u00e1ria Internacional de Paraty (Flip), que come\u00e7ou nesta quarta-feira e segue at\u00e9 o domingo, est\u00e1 contando com um apoio especial nesta 6\u00ba edi\u00e7\u00e3o. A Imprensa Oficial do Estado de S\u00e3o Paulo est\u00e1 participando do evento com uma s\u00e9rie de a\u00e7\u00f5es. Entre elas, est\u00e1 a impress\u00e3o do material gr\u00e1fico e apoio \u00e0s mesas \u201cA poesia envenenada de Dom Casmurro\u201c, com Roberto Schwarz, que abriu a Festa, e \u201cPap\u00e9is avulsos\u201c, com Ana Maria Machado, Luiz Fernando Carvalho e Sergio Paulo Rouanet. O bate-papo com as atrizes Maria Della Costa e Betty Faria, \u201cMomento Cole\u00e7\u00e3o Aplauso\u201c tamb\u00e9m ser\u00e1 promovido nesta sexta-feira, dia 4, \u00e0s 16h, no Hotel Coxixo (Rua do Com\u00e9rcio, 362). Ambas tiveram suas vidas contadas em livros da Cole\u00e7\u00e3o, que j\u00e1 lan\u00e7ou mais de 120 t\u00edtulos. \u00a0<br \/> \u00a0<br \/> <b>TV Cultura com canal de televis\u00e3o em Paraty<\/b>\u00a0<br \/> Nesta edi\u00e7\u00e3o da Flip, pelo fato do sinal da TV Cultura n\u00e3o pegar na cidade de Paraty, pela primeira vez, durante todo o evento, a emissora disponibilizar\u00e1 sua programa\u00e7\u00e3o, 24 horas, no Canal 51 &#8211; UHF. Moradores e turistas na cidade podem assim assistir, em primeira-m\u00e3o, as grava\u00e7\u00f5es ao vivo dos programas Roda Viva, que entrevistar\u00e1 Tom Stoppard e In\u00eas Pedrosa, e Letra Livre, que receber\u00e1 Caco Barcellos e Contardo Calligaris. Haver\u00e1 ainda edi\u00e7\u00f5es di\u00e1rias, ao vivo, do Metr\u00f3polis, e a \u201cHist\u00f3ria Colaborativa\u201c, promovida pelo site do Entrelinhas, em que internautas podem dar continuidade a hist\u00f3rias liter\u00e1rias, que ser\u00e3o selecionadas e mostradas pelo programa. A emissora tamb\u00e9m far\u00e1 uma cobertura completa do evento e tem tenda montada no Centro Hist\u00f3rico de Paraty, para grava\u00e7\u00e3o de programas. Durante os cinco dias, Roda Viva, Metr\u00f3polis, Entrelinhas, Letra Livre, Vitrine, Zoom e Jornal da Cultura marcar\u00e3o presen\u00e7a e produzir\u00e3o reportagens e edi\u00e7\u00f5es especiais a serem exibidas nas semanas seguintes. Equipes da TV Cultura em Paraty estar\u00e3o dispon\u00edveis no <a href=\u201chttp:\/\/www.tvcultura.com.br\/flip\u201c>www.tvcultura.com.br\/flip<\/a> . Confira!\u00a0<\/p>\n","protected":false},"excerpt":{"rendered":"<p>A Festa Liter\u00e1ria Internacional de Paraty (Flip), que come\u00e7ou nesta quarta-feira e segue at\u00e9 o domingo, est\u00e1 contando com um apoio especial nesta 6\u00ba edi\u00e7\u00e3o. A Imprensa Oficial do Estado de S\u00e3o Paulo est\u00e1 participando do evento com uma s\u00e9rie de a\u00e7\u00f5es. Entre elas, est\u00e1 a impress\u00e3o do material gr\u00e1fico e apoio \u00e0s mesas \u201cA [&hellip;]<\/p>\n","protected":false},"author":1,"featured_media":0,"comment_status":"closed","ping_status":"closed","sticky":false,"template":"","format":"standard","meta":{"footnotes":"","_links_to":"","_links_to_target":""},"categories":[9],"tags":[],"class_list":["post-2148","post","type-post","status-publish","format-standard","hentry","category-noticias-da-imprensa"],"yoast_head":"<!-- This site is optimized with the Yoast SEO plugin v15.1 - https:\/\/yoast.com\/wordpress\/plugins\/seo\/ -->\n<title>Apoio \u00e0 Flip &raquo; Abrelivros<\/title>\n<meta name=\"robots\" content=\"index, follow, max-snippet:-1, max-image-preview:large, max-video-preview:-1\" \/>\n<link rel=\"canonical\" href=\"https:\/\/abrelivros.org.br\/site\/apoio-a-flip\/\" \/>\n<meta property=\"og:locale\" content=\"pt_BR\" \/>\n<meta property=\"og:type\" content=\"article\" \/>\n<meta property=\"og:title\" content=\"Apoio \u00e0 Flip &raquo; Abrelivros\" \/>\n<meta property=\"og:description\" content=\"A Festa Liter\u00e1ria Internacional de Paraty (Flip), que come\u00e7ou nesta quarta-feira e segue at\u00e9 o domingo, est\u00e1 contando com um apoio especial nesta 6\u00ba edi\u00e7\u00e3o. A Imprensa Oficial do Estado de S\u00e3o Paulo est\u00e1 participando do evento com uma s\u00e9rie de a\u00e7\u00f5es. Entre elas, est\u00e1 a impress\u00e3o do material gr\u00e1fico e apoio \u00e0s mesas \u201cA [&hellip;]\" \/>\n<meta property=\"og:url\" content=\"https:\/\/abrelivros.org.br\/site\/apoio-a-flip\/\" \/>\n<meta property=\"og:site_name\" content=\"Abrelivros\" \/>\n<meta property=\"article:published_time\" content=\"2008-07-04T15:02:00+00:00\" \/>\n<meta name=\"twitter:card\" content=\"summary_large_image\" \/>\n<script type=\"application\/ld+json\" class=\"yoast-schema-graph\">{\"@context\":\"https:\/\/schema.org\",\"@graph\":[{\"@type\":\"WebSite\",\"@id\":\"https:\/\/abrelivros.org.br\/site\/#website\",\"url\":\"https:\/\/abrelivros.org.br\/site\/\",\"name\":\"Abrelivros\",\"description\":\"\",\"potentialAction\":[{\"@type\":\"SearchAction\",\"target\":\"https:\/\/abrelivros.org.br\/site\/?s={search_term_string}\",\"query-input\":\"required name=search_term_string\"}],\"inLanguage\":\"pt-BR\"},{\"@type\":\"WebPage\",\"@id\":\"https:\/\/abrelivros.org.br\/site\/apoio-a-flip\/#webpage\",\"url\":\"https:\/\/abrelivros.org.br\/site\/apoio-a-flip\/\",\"name\":\"Apoio \\u00e0 Flip &raquo; Abrelivros\",\"isPartOf\":{\"@id\":\"https:\/\/abrelivros.org.br\/site\/#website\"},\"datePublished\":\"2008-07-04T15:02:00+00:00\",\"dateModified\":\"2008-07-04T15:02:00+00:00\",\"author\":{\"@id\":\"https:\/\/abrelivros.org.br\/site\/#\/schema\/person\/2b867f13a717bb230f1a3555505f5593\"},\"breadcrumb\":{\"@id\":\"https:\/\/abrelivros.org.br\/site\/apoio-a-flip\/#breadcrumb\"},\"inLanguage\":\"pt-BR\",\"potentialAction\":[{\"@type\":\"ReadAction\",\"target\":[\"https:\/\/abrelivros.org.br\/site\/apoio-a-flip\/\"]}]},{\"@type\":\"BreadcrumbList\",\"@id\":\"https:\/\/abrelivros.org.br\/site\/apoio-a-flip\/#breadcrumb\",\"itemListElement\":[{\"@type\":\"ListItem\",\"position\":1,\"item\":{\"@type\":\"WebPage\",\"@id\":\"https:\/\/abrelivros.org.br\/site\/\",\"url\":\"https:\/\/abrelivros.org.br\/site\/\",\"name\":\"In\\u00edcio\"}},{\"@type\":\"ListItem\",\"position\":2,\"item\":{\"@type\":\"WebPage\",\"@id\":\"https:\/\/abrelivros.org.br\/site\/category\/noticias\/\",\"url\":\"https:\/\/abrelivros.org.br\/site\/category\/noticias\/\",\"name\":\"Not\\u00edcias\"}},{\"@type\":\"ListItem\",\"position\":3,\"item\":{\"@type\":\"WebPage\",\"@id\":\"https:\/\/abrelivros.org.br\/site\/category\/noticias\/noticias-da-imprensa\/\",\"url\":\"https:\/\/abrelivros.org.br\/site\/category\/noticias\/noticias-da-imprensa\/\",\"name\":\"Not\\u00edcias da imprensa\"}},{\"@type\":\"ListItem\",\"position\":4,\"item\":{\"@type\":\"WebPage\",\"@id\":\"https:\/\/abrelivros.org.br\/site\/apoio-a-flip\/\",\"url\":\"https:\/\/abrelivros.org.br\/site\/apoio-a-flip\/\",\"name\":\"Apoio \\u00e0 Flip\"}}]},{\"@type\":\"Person\",\"@id\":\"https:\/\/abrelivros.org.br\/site\/#\/schema\/person\/2b867f13a717bb230f1a3555505f5593\",\"name\":\"\\u00a0\",\"image\":{\"@type\":\"ImageObject\",\"@id\":\"https:\/\/abrelivros.org.br\/site\/#personlogo\",\"inLanguage\":\"pt-BR\",\"url\":\"https:\/\/secure.gravatar.com\/avatar\/e80b7f5231be2fff5040a8023da424898002831c5439420df182ae62676d2a6f?s=96&d=mm&r=g\",\"caption\":\"\\u00a0\"}}]}<\/script>\n<!-- \/ Yoast SEO plugin. -->","_links":{"self":[{"href":"https:\/\/abrelivros.org.br\/site\/wp-json\/wp\/v2\/posts\/2148","targetHints":{"allow":["GET"]}}],"collection":[{"href":"https:\/\/abrelivros.org.br\/site\/wp-json\/wp\/v2\/posts"}],"about":[{"href":"https:\/\/abrelivros.org.br\/site\/wp-json\/wp\/v2\/types\/post"}],"author":[{"embeddable":true,"href":"https:\/\/abrelivros.org.br\/site\/wp-json\/wp\/v2\/users\/1"}],"replies":[{"embeddable":true,"href":"https:\/\/abrelivros.org.br\/site\/wp-json\/wp\/v2\/comments?post=2148"}],"version-history":[{"count":0,"href":"https:\/\/abrelivros.org.br\/site\/wp-json\/wp\/v2\/posts\/2148\/revisions"}],"wp:attachment":[{"href":"https:\/\/abrelivros.org.br\/site\/wp-json\/wp\/v2\/media?parent=2148"}],"wp:term":[{"taxonomy":"category","embeddable":true,"href":"https:\/\/abrelivros.org.br\/site\/wp-json\/wp\/v2\/categories?post=2148"},{"taxonomy":"post_tag","embeddable":true,"href":"https:\/\/abrelivros.org.br\/site\/wp-json\/wp\/v2\/tags?post=2148"}],"curies":[{"name":"wp","href":"https:\/\/api.w.org\/{rel}","templated":true}]}}