{"id":2146,"date":"2008-07-04T16:05:00","date_gmt":"2008-07-04T19:05:00","guid":{"rendered":"https:\/\/abrelivros.org.br\/site\/2008\/07\/04\/abertura-da-flip-vira-aula-sobre-machado-de-assis\/"},"modified":"2008-07-04T16:05:00","modified_gmt":"2008-07-04T19:05:00","slug":"abertura-da-flip-vira-aula-sobre-machado-de-assis","status":"publish","type":"post","link":"https:\/\/abrelivros.org.br\/site\/abertura-da-flip-vira-aula-sobre-machado-de-assis\/","title":{"rendered":"Abertura da Flip vira aula sobre Machado de Assis"},"content":{"rendered":"<p>\u201cA melhor forma de elogiar Schwarz \u00e9 ler sua obra\u201c. Essa foi a frase usada por H\u00e9lio de Seixas Guimar\u00e3es, professor de literatura da USP (Universidade de S\u00e3o Paulo) e autor de Os leitores de Machado de Assis, para apresentar o cr\u00edtico liter\u00e1rio Roberto Schwarz, uma das maiores sumidades em Machado de Assis (1839-1908), que fez, nesta quarta-feira, a abertura oficial da 6\u00aa Flip, cujo homenageado deste ano \u00e9 justamente o bruxo do Cosme Velho. Schwarz leu texto in\u00e9dito, de sua autoria, para sala lotada da Tenda dos Autores. Em suas palavras, tra\u00e7ou um perfil de Machado de Assis, baseado em Dom Casmurro (1899). Nesta quinta-feira, quem j\u00e1 estiver em Paraty poder\u00e1 assistir a discuss\u00f5es em v\u00e1rias mesas que ocorrerem durante o dia. Os grandes destaques internacionais desta quinta s\u00e3o a psicanalista francesa Elisabeth Roudinesco, a portuguesa In\u00eas Pedrosa e a inglesa Z\u00f6e Heller. Veja programa\u00e7\u00e3o no <a href=\u201chttp:\/\/www.flip.org.br\u201c>site<\/a> . <\/p>\n","protected":false},"excerpt":{"rendered":"<p>\u201cA melhor forma de elogiar Schwarz \u00e9 ler sua obra\u201c. Essa foi a frase usada por H\u00e9lio de Seixas Guimar\u00e3es, professor de literatura da USP (Universidade de S\u00e3o Paulo) e autor de Os leitores de Machado de Assis, para apresentar o cr\u00edtico liter\u00e1rio Roberto Schwarz, uma das maiores sumidades em Machado de Assis (1839-1908), que [&hellip;]<\/p>\n","protected":false},"author":1,"featured_media":0,"comment_status":"closed","ping_status":"closed","sticky":false,"template":"","format":"standard","meta":{"footnotes":"","_links_to":"","_links_to_target":""},"categories":[9],"tags":[],"class_list":["post-2146","post","type-post","status-publish","format-standard","hentry","category-noticias-da-imprensa"],"yoast_head":"<!-- This site is optimized with the Yoast SEO plugin v15.1 - https:\/\/yoast.com\/wordpress\/plugins\/seo\/ -->\n<title>Abertura da Flip vira aula sobre Machado de Assis &raquo; Abrelivros<\/title>\n<meta name=\"robots\" content=\"index, follow, max-snippet:-1, max-image-preview:large, max-video-preview:-1\" \/>\n<link rel=\"canonical\" href=\"https:\/\/abrelivros.org.br\/site\/abertura-da-flip-vira-aula-sobre-machado-de-assis\/\" \/>\n<meta property=\"og:locale\" content=\"pt_BR\" \/>\n<meta property=\"og:type\" content=\"article\" \/>\n<meta property=\"og:title\" content=\"Abertura da Flip vira aula sobre Machado de Assis &raquo; Abrelivros\" \/>\n<meta property=\"og:description\" content=\"\u201cA melhor forma de elogiar Schwarz \u00e9 ler sua obra\u201c. Essa foi a frase usada por H\u00e9lio de Seixas Guimar\u00e3es, professor de literatura da USP (Universidade de S\u00e3o Paulo) e autor de Os leitores de Machado de Assis, para apresentar o cr\u00edtico liter\u00e1rio Roberto Schwarz, uma das maiores sumidades em Machado de Assis (1839-1908), que [&hellip;]\" \/>\n<meta property=\"og:url\" content=\"https:\/\/abrelivros.org.br\/site\/abertura-da-flip-vira-aula-sobre-machado-de-assis\/\" \/>\n<meta property=\"og:site_name\" content=\"Abrelivros\" \/>\n<meta property=\"article:published_time\" content=\"2008-07-04T19:05:00+00:00\" \/>\n<meta name=\"twitter:card\" content=\"summary_large_image\" \/>\n<script type=\"application\/ld+json\" class=\"yoast-schema-graph\">{\"@context\":\"https:\/\/schema.org\",\"@graph\":[{\"@type\":\"WebSite\",\"@id\":\"https:\/\/abrelivros.org.br\/site\/#website\",\"url\":\"https:\/\/abrelivros.org.br\/site\/\",\"name\":\"Abrelivros\",\"description\":\"\",\"potentialAction\":[{\"@type\":\"SearchAction\",\"target\":\"https:\/\/abrelivros.org.br\/site\/?s={search_term_string}\",\"query-input\":\"required name=search_term_string\"}],\"inLanguage\":\"pt-BR\"},{\"@type\":\"WebPage\",\"@id\":\"https:\/\/abrelivros.org.br\/site\/abertura-da-flip-vira-aula-sobre-machado-de-assis\/#webpage\",\"url\":\"https:\/\/abrelivros.org.br\/site\/abertura-da-flip-vira-aula-sobre-machado-de-assis\/\",\"name\":\"Abertura da Flip vira aula sobre Machado de Assis &raquo; Abrelivros\",\"isPartOf\":{\"@id\":\"https:\/\/abrelivros.org.br\/site\/#website\"},\"datePublished\":\"2008-07-04T19:05:00+00:00\",\"dateModified\":\"2008-07-04T19:05:00+00:00\",\"author\":{\"@id\":\"https:\/\/abrelivros.org.br\/site\/#\/schema\/person\/2b867f13a717bb230f1a3555505f5593\"},\"breadcrumb\":{\"@id\":\"https:\/\/abrelivros.org.br\/site\/abertura-da-flip-vira-aula-sobre-machado-de-assis\/#breadcrumb\"},\"inLanguage\":\"pt-BR\",\"potentialAction\":[{\"@type\":\"ReadAction\",\"target\":[\"https:\/\/abrelivros.org.br\/site\/abertura-da-flip-vira-aula-sobre-machado-de-assis\/\"]}]},{\"@type\":\"BreadcrumbList\",\"@id\":\"https:\/\/abrelivros.org.br\/site\/abertura-da-flip-vira-aula-sobre-machado-de-assis\/#breadcrumb\",\"itemListElement\":[{\"@type\":\"ListItem\",\"position\":1,\"item\":{\"@type\":\"WebPage\",\"@id\":\"https:\/\/abrelivros.org.br\/site\/\",\"url\":\"https:\/\/abrelivros.org.br\/site\/\",\"name\":\"In\\u00edcio\"}},{\"@type\":\"ListItem\",\"position\":2,\"item\":{\"@type\":\"WebPage\",\"@id\":\"https:\/\/abrelivros.org.br\/site\/category\/noticias\/\",\"url\":\"https:\/\/abrelivros.org.br\/site\/category\/noticias\/\",\"name\":\"Not\\u00edcias\"}},{\"@type\":\"ListItem\",\"position\":3,\"item\":{\"@type\":\"WebPage\",\"@id\":\"https:\/\/abrelivros.org.br\/site\/category\/noticias\/noticias-da-imprensa\/\",\"url\":\"https:\/\/abrelivros.org.br\/site\/category\/noticias\/noticias-da-imprensa\/\",\"name\":\"Not\\u00edcias da imprensa\"}},{\"@type\":\"ListItem\",\"position\":4,\"item\":{\"@type\":\"WebPage\",\"@id\":\"https:\/\/abrelivros.org.br\/site\/abertura-da-flip-vira-aula-sobre-machado-de-assis\/\",\"url\":\"https:\/\/abrelivros.org.br\/site\/abertura-da-flip-vira-aula-sobre-machado-de-assis\/\",\"name\":\"Abertura da Flip vira aula sobre Machado de Assis\"}}]},{\"@type\":\"Person\",\"@id\":\"https:\/\/abrelivros.org.br\/site\/#\/schema\/person\/2b867f13a717bb230f1a3555505f5593\",\"name\":\"\\u00a0\",\"image\":{\"@type\":\"ImageObject\",\"@id\":\"https:\/\/abrelivros.org.br\/site\/#personlogo\",\"inLanguage\":\"pt-BR\",\"url\":\"https:\/\/secure.gravatar.com\/avatar\/e80b7f5231be2fff5040a8023da424898002831c5439420df182ae62676d2a6f?s=96&d=mm&r=g\",\"caption\":\"\\u00a0\"}}]}<\/script>\n<!-- \/ Yoast SEO plugin. -->","_links":{"self":[{"href":"https:\/\/abrelivros.org.br\/site\/wp-json\/wp\/v2\/posts\/2146","targetHints":{"allow":["GET"]}}],"collection":[{"href":"https:\/\/abrelivros.org.br\/site\/wp-json\/wp\/v2\/posts"}],"about":[{"href":"https:\/\/abrelivros.org.br\/site\/wp-json\/wp\/v2\/types\/post"}],"author":[{"embeddable":true,"href":"https:\/\/abrelivros.org.br\/site\/wp-json\/wp\/v2\/users\/1"}],"replies":[{"embeddable":true,"href":"https:\/\/abrelivros.org.br\/site\/wp-json\/wp\/v2\/comments?post=2146"}],"version-history":[{"count":0,"href":"https:\/\/abrelivros.org.br\/site\/wp-json\/wp\/v2\/posts\/2146\/revisions"}],"wp:attachment":[{"href":"https:\/\/abrelivros.org.br\/site\/wp-json\/wp\/v2\/media?parent=2146"}],"wp:term":[{"taxonomy":"category","embeddable":true,"href":"https:\/\/abrelivros.org.br\/site\/wp-json\/wp\/v2\/categories?post=2146"},{"taxonomy":"post_tag","embeddable":true,"href":"https:\/\/abrelivros.org.br\/site\/wp-json\/wp\/v2\/tags?post=2146"}],"curies":[{"name":"wp","href":"https:\/\/api.w.org\/{rel}","templated":true}]}}