{"id":2145,"date":"2008-07-04T19:12:00","date_gmt":"2008-07-04T22:12:00","guid":{"rendered":"https:\/\/abrelivros.org.br\/site\/2008\/07\/04\/leituras-de-arthur-azevedo\/"},"modified":"2008-07-04T19:12:00","modified_gmt":"2008-07-04T22:12:00","slug":"leituras-de-arthur-azevedo","status":"publish","type":"post","link":"https:\/\/abrelivros.org.br\/site\/leituras-de-arthur-azevedo\/","title":{"rendered":"Leituras de Arthur Azevedo"},"content":{"rendered":"<p>Amor Por Anexins.&nbsp;<br \/> Com Marina Vianna e Leonardo Netto.&nbsp;<br \/> Dire\u00e7\u00e3o: Lauro G\u00f3es.&nbsp;<br \/> Data: 11 de julho.&nbsp;<br \/> Hor\u00e1rio: 17 horas.&nbsp;<br \/> Entrada: Franca&nbsp;<br \/> Local \u2013 Funda\u00e7\u00e3o Biblioteca Nacional \u2013 Audit\u00f3rio Machado de Assis.&nbsp;<br \/> Rua M\u00e9xico \u2013 S\/N (Acesso pelo Jardim).&nbsp;<br \/> Centro \u2013 Rio de Janeiro\/RJ.&nbsp;<\/p>\n","protected":false},"excerpt":{"rendered":"<p>Amor Por Anexins.&nbsp; Com Marina Vianna e Leonardo Netto.&nbsp; Dire\u00e7\u00e3o: Lauro G\u00f3es.&nbsp; Data: 11 de julho.&nbsp; Hor\u00e1rio: 17 horas.&nbsp; Entrada: Franca&nbsp; Local \u2013 Funda\u00e7\u00e3o Biblioteca Nacional \u2013 Audit\u00f3rio Machado de Assis.&nbsp; Rua M\u00e9xico \u2013 S\/N (Acesso pelo Jardim).&nbsp; Centro \u2013 Rio de Janeiro\/RJ.&nbsp;<\/p>\n","protected":false},"author":1,"featured_media":0,"comment_status":"closed","ping_status":"closed","sticky":false,"template":"","format":"standard","meta":{"footnotes":"","_links_to":"","_links_to_target":""},"categories":[9],"tags":[],"class_list":["post-2145","post","type-post","status-publish","format-standard","hentry","category-noticias-da-imprensa"],"yoast_head":"<!-- This site is optimized with the Yoast SEO plugin v15.1 - https:\/\/yoast.com\/wordpress\/plugins\/seo\/ -->\n<title>Leituras de Arthur Azevedo &raquo; Abrelivros<\/title>\n<meta name=\"robots\" content=\"index, follow, max-snippet:-1, max-image-preview:large, max-video-preview:-1\" \/>\n<link rel=\"canonical\" href=\"https:\/\/abrelivros.org.br\/site\/leituras-de-arthur-azevedo\/\" \/>\n<meta property=\"og:locale\" content=\"pt_BR\" \/>\n<meta property=\"og:type\" content=\"article\" \/>\n<meta property=\"og:title\" content=\"Leituras de Arthur Azevedo &raquo; Abrelivros\" \/>\n<meta property=\"og:description\" content=\"Amor Por Anexins.&nbsp; Com Marina Vianna e Leonardo Netto.&nbsp; Dire\u00e7\u00e3o: Lauro G\u00f3es.&nbsp; Data: 11 de julho.&nbsp; Hor\u00e1rio: 17 horas.&nbsp; Entrada: Franca&nbsp; Local \u2013 Funda\u00e7\u00e3o Biblioteca Nacional \u2013 Audit\u00f3rio Machado de Assis.&nbsp; Rua M\u00e9xico \u2013 S\/N (Acesso pelo Jardim).&nbsp; Centro \u2013 Rio de Janeiro\/RJ.&nbsp;\" \/>\n<meta property=\"og:url\" content=\"https:\/\/abrelivros.org.br\/site\/leituras-de-arthur-azevedo\/\" \/>\n<meta property=\"og:site_name\" content=\"Abrelivros\" \/>\n<meta property=\"article:published_time\" content=\"2008-07-04T22:12:00+00:00\" \/>\n<meta name=\"twitter:card\" content=\"summary_large_image\" \/>\n<script type=\"application\/ld+json\" class=\"yoast-schema-graph\">{\"@context\":\"https:\/\/schema.org\",\"@graph\":[{\"@type\":\"WebSite\",\"@id\":\"https:\/\/abrelivros.org.br\/site\/#website\",\"url\":\"https:\/\/abrelivros.org.br\/site\/\",\"name\":\"Abrelivros\",\"description\":\"\",\"potentialAction\":[{\"@type\":\"SearchAction\",\"target\":\"https:\/\/abrelivros.org.br\/site\/?s={search_term_string}\",\"query-input\":\"required name=search_term_string\"}],\"inLanguage\":\"pt-BR\"},{\"@type\":\"WebPage\",\"@id\":\"https:\/\/abrelivros.org.br\/site\/leituras-de-arthur-azevedo\/#webpage\",\"url\":\"https:\/\/abrelivros.org.br\/site\/leituras-de-arthur-azevedo\/\",\"name\":\"Leituras de Arthur Azevedo &raquo; Abrelivros\",\"isPartOf\":{\"@id\":\"https:\/\/abrelivros.org.br\/site\/#website\"},\"datePublished\":\"2008-07-04T22:12:00+00:00\",\"dateModified\":\"2008-07-04T22:12:00+00:00\",\"author\":{\"@id\":\"https:\/\/abrelivros.org.br\/site\/#\/schema\/person\/2b867f13a717bb230f1a3555505f5593\"},\"breadcrumb\":{\"@id\":\"https:\/\/abrelivros.org.br\/site\/leituras-de-arthur-azevedo\/#breadcrumb\"},\"inLanguage\":\"pt-BR\",\"potentialAction\":[{\"@type\":\"ReadAction\",\"target\":[\"https:\/\/abrelivros.org.br\/site\/leituras-de-arthur-azevedo\/\"]}]},{\"@type\":\"BreadcrumbList\",\"@id\":\"https:\/\/abrelivros.org.br\/site\/leituras-de-arthur-azevedo\/#breadcrumb\",\"itemListElement\":[{\"@type\":\"ListItem\",\"position\":1,\"item\":{\"@type\":\"WebPage\",\"@id\":\"https:\/\/abrelivros.org.br\/site\/\",\"url\":\"https:\/\/abrelivros.org.br\/site\/\",\"name\":\"In\\u00edcio\"}},{\"@type\":\"ListItem\",\"position\":2,\"item\":{\"@type\":\"WebPage\",\"@id\":\"https:\/\/abrelivros.org.br\/site\/category\/noticias\/\",\"url\":\"https:\/\/abrelivros.org.br\/site\/category\/noticias\/\",\"name\":\"Not\\u00edcias\"}},{\"@type\":\"ListItem\",\"position\":3,\"item\":{\"@type\":\"WebPage\",\"@id\":\"https:\/\/abrelivros.org.br\/site\/category\/noticias\/noticias-da-imprensa\/\",\"url\":\"https:\/\/abrelivros.org.br\/site\/category\/noticias\/noticias-da-imprensa\/\",\"name\":\"Not\\u00edcias da imprensa\"}},{\"@type\":\"ListItem\",\"position\":4,\"item\":{\"@type\":\"WebPage\",\"@id\":\"https:\/\/abrelivros.org.br\/site\/leituras-de-arthur-azevedo\/\",\"url\":\"https:\/\/abrelivros.org.br\/site\/leituras-de-arthur-azevedo\/\",\"name\":\"Leituras de Arthur Azevedo\"}}]},{\"@type\":\"Person\",\"@id\":\"https:\/\/abrelivros.org.br\/site\/#\/schema\/person\/2b867f13a717bb230f1a3555505f5593\",\"name\":\"\\u00a0\",\"image\":{\"@type\":\"ImageObject\",\"@id\":\"https:\/\/abrelivros.org.br\/site\/#personlogo\",\"inLanguage\":\"pt-BR\",\"url\":\"https:\/\/secure.gravatar.com\/avatar\/e80b7f5231be2fff5040a8023da424898002831c5439420df182ae62676d2a6f?s=96&d=mm&r=g\",\"caption\":\"\\u00a0\"}}]}<\/script>\n<!-- \/ Yoast SEO plugin. -->","_links":{"self":[{"href":"https:\/\/abrelivros.org.br\/site\/wp-json\/wp\/v2\/posts\/2145","targetHints":{"allow":["GET"]}}],"collection":[{"href":"https:\/\/abrelivros.org.br\/site\/wp-json\/wp\/v2\/posts"}],"about":[{"href":"https:\/\/abrelivros.org.br\/site\/wp-json\/wp\/v2\/types\/post"}],"author":[{"embeddable":true,"href":"https:\/\/abrelivros.org.br\/site\/wp-json\/wp\/v2\/users\/1"}],"replies":[{"embeddable":true,"href":"https:\/\/abrelivros.org.br\/site\/wp-json\/wp\/v2\/comments?post=2145"}],"version-history":[{"count":0,"href":"https:\/\/abrelivros.org.br\/site\/wp-json\/wp\/v2\/posts\/2145\/revisions"}],"wp:attachment":[{"href":"https:\/\/abrelivros.org.br\/site\/wp-json\/wp\/v2\/media?parent=2145"}],"wp:term":[{"taxonomy":"category","embeddable":true,"href":"https:\/\/abrelivros.org.br\/site\/wp-json\/wp\/v2\/categories?post=2145"},{"taxonomy":"post_tag","embeddable":true,"href":"https:\/\/abrelivros.org.br\/site\/wp-json\/wp\/v2\/tags?post=2145"}],"curies":[{"name":"wp","href":"https:\/\/api.w.org\/{rel}","templated":true}]}}