{"id":2144,"date":"2008-07-07T14:54:00","date_gmt":"2008-07-07T17:54:00","guid":{"rendered":"https:\/\/abrelivros.org.br\/site\/2008\/07\/07\/lula-desiste-de-comprar-um-laptop-por-aluno\/"},"modified":"2008-07-07T14:54:00","modified_gmt":"2008-07-07T17:54:00","slug":"lula-desiste-de-comprar-um-laptop-por-aluno","status":"publish","type":"post","link":"https:\/\/abrelivros.org.br\/site\/lula-desiste-de-comprar-um-laptop-por-aluno\/","title":{"rendered":"Lula desiste de comprar um laptop por aluno"},"content":{"rendered":"<p>O presidente Luiz In\u00e1cio Lula da Silva desistiu de vez do projeto de comprar um computador para cada aluno da rede p\u00fablica. Segundo apurou a Folha, o Pal\u00e1cio do Planalto considera que o projeto ficou caro demais e que teria menos efici\u00eancia do que instalar laborat\u00f3rios de inform\u00e1tica nas 55 mil escolas p\u00fablicas do pa\u00eds. Nas palavras de um ministro, esses laborat\u00f3rios poder\u00e3o funcionar como \u201clan houses\u201c. Ou seja, poderiam ser usados tamb\u00e9m fora do hor\u00e1rio escolar. Como alternativa para incentivar a compra de computadores individuais, o governo pretende estimular o financiamento de bancos privados e p\u00fablicos para a compra de m\u00e1quinas mais populares. H\u00e1 possibilidade de subs\u00eddio federal a essas linhas de financiamento. O projeto do UCA (Um Computador por &nbsp;<br \/>  Aluno) surgiu ap\u00f3s Lula ouvir de Nicholas Negroponte, professor do MIT (Instituto de Tecnologia de Massachusetts, nos EUA), em 2006, a proposta do laptop educacional de baixo custo. Na \u00e9poca, Negroponte falou em um custo de US$ 100 por unidade. \u201cN\u00f3s j\u00e1 chegamos ao pre\u00e7o de US$ 150, mas o desejo \u00e9 construir um de US$ 100\u201c, disse, ent\u00e3o, o presidente Lula. O XO, laptop oferecido pela OLPC, ONG de Negroponte, saiu por R$ 697 em dezembro -cerca de US$ 435 na cota\u00e7\u00e3o atual da moeda. O laptop mais barato foi o oferecido pelo grupo Positivo, por R$ 654 -cerca de US$ 408, em cota\u00e7\u00e3o atual. Para Lula, esse pre\u00e7o inviabiliza o projeto. Oficialmente, entretanto, a Secretaria de Educa\u00e7\u00e3o a Dist\u00e2ncia, do MEC, n\u00e3o confirma o fim do projeto. &nbsp;<br \/>  O Pal\u00e1cio do Planalto cogita implementar um programa parcial como teste para um projeto para toda a rede p\u00fablica no futuro. Assim, manteria o discurso de que n\u00e3o desistiu da id\u00e9ia de um computador por aluno e que, um dia, com o barateamento das m\u00e1quinas, poder\u00e1 ser estendido para todos os alunos da rede p\u00fablica. H\u00e9lio Rotenberg, presidente da Positivo Inform\u00e1tica, afirma que o pre\u00e7o de US$ 100 \u00e9 imposs\u00edvel de ser atingido nas condi\u00e7\u00f5es pedidas pelo governo, como a garantia de tr\u00eas anos. Ele disse ainda que n\u00e3o sabe da inten\u00e7\u00e3o do governo de abandonar o projeto e que a Positivo est\u00e1 preparada para um eventual novo preg\u00e3o. \u201cGanhar de novo o UCA era uma das nossas a\u00e7\u00f5es do ano muito claras\u201c, disse.&nbsp;<\/p>\n","protected":false},"excerpt":{"rendered":"<p>O presidente Luiz In\u00e1cio Lula da Silva desistiu de vez do projeto de comprar um computador para cada aluno da rede p\u00fablica. Segundo apurou a Folha, o Pal\u00e1cio do Planalto considera que o projeto ficou caro demais e que teria menos efici\u00eancia do que instalar laborat\u00f3rios de inform\u00e1tica nas 55 mil escolas p\u00fablicas do pa\u00eds. [&hellip;]<\/p>\n","protected":false},"author":1,"featured_media":0,"comment_status":"closed","ping_status":"closed","sticky":false,"template":"","format":"standard","meta":{"footnotes":"","_links_to":"","_links_to_target":""},"categories":[9],"tags":[],"class_list":["post-2144","post","type-post","status-publish","format-standard","hentry","category-noticias-da-imprensa"],"yoast_head":"<!-- This site is optimized with the Yoast SEO plugin v15.1 - https:\/\/yoast.com\/wordpress\/plugins\/seo\/ -->\n<title>Lula desiste de comprar um laptop por aluno &raquo; Abrelivros<\/title>\n<meta name=\"robots\" content=\"index, follow, max-snippet:-1, max-image-preview:large, max-video-preview:-1\" \/>\n<link rel=\"canonical\" href=\"https:\/\/abrelivros.org.br\/site\/lula-desiste-de-comprar-um-laptop-por-aluno\/\" \/>\n<meta property=\"og:locale\" content=\"pt_BR\" \/>\n<meta property=\"og:type\" content=\"article\" \/>\n<meta property=\"og:title\" content=\"Lula desiste de comprar um laptop por aluno &raquo; Abrelivros\" \/>\n<meta property=\"og:description\" content=\"O presidente Luiz In\u00e1cio Lula da Silva desistiu de vez do projeto de comprar um computador para cada aluno da rede p\u00fablica. Segundo apurou a Folha, o Pal\u00e1cio do Planalto considera que o projeto ficou caro demais e que teria menos efici\u00eancia do que instalar laborat\u00f3rios de inform\u00e1tica nas 55 mil escolas p\u00fablicas do pa\u00eds. [&hellip;]\" \/>\n<meta property=\"og:url\" content=\"https:\/\/abrelivros.org.br\/site\/lula-desiste-de-comprar-um-laptop-por-aluno\/\" \/>\n<meta property=\"og:site_name\" content=\"Abrelivros\" \/>\n<meta property=\"article:published_time\" content=\"2008-07-07T17:54:00+00:00\" \/>\n<meta name=\"twitter:card\" content=\"summary_large_image\" \/>\n<script type=\"application\/ld+json\" class=\"yoast-schema-graph\">{\"@context\":\"https:\/\/schema.org\",\"@graph\":[{\"@type\":\"WebSite\",\"@id\":\"https:\/\/abrelivros.org.br\/site\/#website\",\"url\":\"https:\/\/abrelivros.org.br\/site\/\",\"name\":\"Abrelivros\",\"description\":\"\",\"potentialAction\":[{\"@type\":\"SearchAction\",\"target\":\"https:\/\/abrelivros.org.br\/site\/?s={search_term_string}\",\"query-input\":\"required name=search_term_string\"}],\"inLanguage\":\"pt-BR\"},{\"@type\":\"WebPage\",\"@id\":\"https:\/\/abrelivros.org.br\/site\/lula-desiste-de-comprar-um-laptop-por-aluno\/#webpage\",\"url\":\"https:\/\/abrelivros.org.br\/site\/lula-desiste-de-comprar-um-laptop-por-aluno\/\",\"name\":\"Lula desiste de comprar um laptop por aluno &raquo; Abrelivros\",\"isPartOf\":{\"@id\":\"https:\/\/abrelivros.org.br\/site\/#website\"},\"datePublished\":\"2008-07-07T17:54:00+00:00\",\"dateModified\":\"2008-07-07T17:54:00+00:00\",\"author\":{\"@id\":\"https:\/\/abrelivros.org.br\/site\/#\/schema\/person\/2b867f13a717bb230f1a3555505f5593\"},\"breadcrumb\":{\"@id\":\"https:\/\/abrelivros.org.br\/site\/lula-desiste-de-comprar-um-laptop-por-aluno\/#breadcrumb\"},\"inLanguage\":\"pt-BR\",\"potentialAction\":[{\"@type\":\"ReadAction\",\"target\":[\"https:\/\/abrelivros.org.br\/site\/lula-desiste-de-comprar-um-laptop-por-aluno\/\"]}]},{\"@type\":\"BreadcrumbList\",\"@id\":\"https:\/\/abrelivros.org.br\/site\/lula-desiste-de-comprar-um-laptop-por-aluno\/#breadcrumb\",\"itemListElement\":[{\"@type\":\"ListItem\",\"position\":1,\"item\":{\"@type\":\"WebPage\",\"@id\":\"https:\/\/abrelivros.org.br\/site\/\",\"url\":\"https:\/\/abrelivros.org.br\/site\/\",\"name\":\"In\\u00edcio\"}},{\"@type\":\"ListItem\",\"position\":2,\"item\":{\"@type\":\"WebPage\",\"@id\":\"https:\/\/abrelivros.org.br\/site\/category\/noticias\/\",\"url\":\"https:\/\/abrelivros.org.br\/site\/category\/noticias\/\",\"name\":\"Not\\u00edcias\"}},{\"@type\":\"ListItem\",\"position\":3,\"item\":{\"@type\":\"WebPage\",\"@id\":\"https:\/\/abrelivros.org.br\/site\/category\/noticias\/noticias-da-imprensa\/\",\"url\":\"https:\/\/abrelivros.org.br\/site\/category\/noticias\/noticias-da-imprensa\/\",\"name\":\"Not\\u00edcias da imprensa\"}},{\"@type\":\"ListItem\",\"position\":4,\"item\":{\"@type\":\"WebPage\",\"@id\":\"https:\/\/abrelivros.org.br\/site\/lula-desiste-de-comprar-um-laptop-por-aluno\/\",\"url\":\"https:\/\/abrelivros.org.br\/site\/lula-desiste-de-comprar-um-laptop-por-aluno\/\",\"name\":\"Lula desiste de comprar um laptop por aluno\"}}]},{\"@type\":\"Person\",\"@id\":\"https:\/\/abrelivros.org.br\/site\/#\/schema\/person\/2b867f13a717bb230f1a3555505f5593\",\"name\":\"\\u00a0\",\"image\":{\"@type\":\"ImageObject\",\"@id\":\"https:\/\/abrelivros.org.br\/site\/#personlogo\",\"inLanguage\":\"pt-BR\",\"url\":\"https:\/\/secure.gravatar.com\/avatar\/e80b7f5231be2fff5040a8023da424898002831c5439420df182ae62676d2a6f?s=96&d=mm&r=g\",\"caption\":\"\\u00a0\"}}]}<\/script>\n<!-- \/ Yoast SEO plugin. -->","_links":{"self":[{"href":"https:\/\/abrelivros.org.br\/site\/wp-json\/wp\/v2\/posts\/2144","targetHints":{"allow":["GET"]}}],"collection":[{"href":"https:\/\/abrelivros.org.br\/site\/wp-json\/wp\/v2\/posts"}],"about":[{"href":"https:\/\/abrelivros.org.br\/site\/wp-json\/wp\/v2\/types\/post"}],"author":[{"embeddable":true,"href":"https:\/\/abrelivros.org.br\/site\/wp-json\/wp\/v2\/users\/1"}],"replies":[{"embeddable":true,"href":"https:\/\/abrelivros.org.br\/site\/wp-json\/wp\/v2\/comments?post=2144"}],"version-history":[{"count":0,"href":"https:\/\/abrelivros.org.br\/site\/wp-json\/wp\/v2\/posts\/2144\/revisions"}],"wp:attachment":[{"href":"https:\/\/abrelivros.org.br\/site\/wp-json\/wp\/v2\/media?parent=2144"}],"wp:term":[{"taxonomy":"category","embeddable":true,"href":"https:\/\/abrelivros.org.br\/site\/wp-json\/wp\/v2\/categories?post=2144"},{"taxonomy":"post_tag","embeddable":true,"href":"https:\/\/abrelivros.org.br\/site\/wp-json\/wp\/v2\/tags?post=2144"}],"curies":[{"name":"wp","href":"https:\/\/api.w.org\/{rel}","templated":true}]}}