{"id":2143,"date":"2008-07-07T15:03:00","date_gmt":"2008-07-07T18:03:00","guid":{"rendered":"https:\/\/abrelivros.org.br\/site\/2008\/07\/07\/saldo-positivo-para-a-literatura\/"},"modified":"2008-07-07T15:03:00","modified_gmt":"2008-07-07T18:03:00","slug":"saldo-positivo-para-a-literatura","status":"publish","type":"post","link":"https:\/\/abrelivros.org.br\/site\/saldo-positivo-para-a-literatura\/","title":{"rendered":"Saldo positivo para a literatura"},"content":{"rendered":"<p>Durante cinco dias &#8211; entre 2 e 6 de julho &#8211; as ruas de Paraty se transformaram num animado ponto de encontro dos amantes da literatura. A Festa Liter\u00e1ria Internacional de Paraty (Flip) reuniu nesta 6\u00ba edi\u00e7\u00e3o 40 autores &#8211; 22 brasileiros e 18 estrangeiros -, em 19 mesas da programa\u00e7\u00e3o. Cerca de 35 mil espectadores circularam pela Tenda dos Autores e a do Tel\u00e3o, como informou o diretor geral da Festa, Fl\u00e1vio Munhoz ao fazer um balan\u00e7o geral do evento. A transmiss\u00e3o das mesas pela internet, al\u00e9m da cria\u00e7\u00e3o de um blog e de v\u00eddeos postados diariamente no Youtube, foi uma das grandes novidades deste ano. As atividades que integram a programa\u00e7\u00e3o oficial da Flip, Flipinha e Flip Etc, tamb\u00e9m atra\u00edram a aten\u00e7\u00e3o do p\u00fablico. S\u00f3 a Flipinha recebeu vinte autores brasileiros, reunindo cerca de 10 mil crian\u00e7as. J\u00e1 a A Flip Etc concentrou a maior parte de seus eventos no homenageado desta edi\u00e7\u00e3o, o escritor Machado de Assis, que tem lembrado em 2008 seu centen\u00e1rio de morte. Entre os destaques, mostra de cinema com filmes baseados na obra do escritor, uma exposi\u00e7\u00e3o com fotografias do Rio de Janeiro na \u00e9poca de Machado, pe\u00e7as de teatro adaptadas a partir de suas obras e abordagens particulares extra\u00eddas dos textos machadianos.&nbsp;<br \/> &nbsp;<br \/> <b>Transmiss\u00e3o online tem grande n\u00famero de acessos<\/b> &nbsp;<br \/> &nbsp;<br \/> Os apaixonados por literatura que n\u00e3o compareceram \u00e0 Flip, em Paraty, n\u00e3o tiveram motivos para ficar de fora da Festa. Isso porque esta 6\u00ba edi\u00e7\u00e3o contou com uma grande inova\u00e7\u00e3o: a transmiss\u00e3o de todas as mesas ao vivo pela internet atrav\u00e9s do hotsite. A id\u00e9ia de democratizar o acesso dos debates deu certo. Prova disso \u00e9 que no primeiro dia do evento foram registradas cerca de 1.500 visitas ao site, com mais de 7 mil page views. No segundo dia, este n\u00famero subiu para 4 mil visitas e mais de 20.500 page views. V\u00eddeos e textos sobre todas as atividades tamb\u00e9m foram disponibilizados no blog oficial da Flip e no canal de v\u00eddeos, que j\u00e1 figura como destaque na home page do Youtube.&nbsp;<br \/> &nbsp;<\/p>\n","protected":false},"excerpt":{"rendered":"<p>Durante cinco dias &#8211; entre 2 e 6 de julho &#8211; as ruas de Paraty se transformaram num animado ponto de encontro dos amantes da literatura. A Festa Liter\u00e1ria Internacional de Paraty (Flip) reuniu nesta 6\u00ba edi\u00e7\u00e3o 40 autores &#8211; 22 brasileiros e 18 estrangeiros -, em 19 mesas da programa\u00e7\u00e3o. Cerca de 35 mil [&hellip;]<\/p>\n","protected":false},"author":1,"featured_media":0,"comment_status":"closed","ping_status":"closed","sticky":false,"template":"","format":"standard","meta":{"footnotes":"","_links_to":"","_links_to_target":""},"categories":[9],"tags":[],"class_list":["post-2143","post","type-post","status-publish","format-standard","hentry","category-noticias-da-imprensa"],"yoast_head":"<!-- This site is optimized with the Yoast SEO plugin v15.1 - https:\/\/yoast.com\/wordpress\/plugins\/seo\/ -->\n<title>Saldo positivo para a literatura &raquo; Abrelivros<\/title>\n<meta name=\"robots\" content=\"index, follow, max-snippet:-1, max-image-preview:large, max-video-preview:-1\" \/>\n<link rel=\"canonical\" href=\"https:\/\/abrelivros.org.br\/site\/saldo-positivo-para-a-literatura\/\" \/>\n<meta property=\"og:locale\" content=\"pt_BR\" \/>\n<meta property=\"og:type\" content=\"article\" \/>\n<meta property=\"og:title\" content=\"Saldo positivo para a literatura &raquo; Abrelivros\" \/>\n<meta property=\"og:description\" content=\"Durante cinco dias &#8211; entre 2 e 6 de julho &#8211; as ruas de Paraty se transformaram num animado ponto de encontro dos amantes da literatura. A Festa Liter\u00e1ria Internacional de Paraty (Flip) reuniu nesta 6\u00ba edi\u00e7\u00e3o 40 autores &#8211; 22 brasileiros e 18 estrangeiros -, em 19 mesas da programa\u00e7\u00e3o. Cerca de 35 mil [&hellip;]\" \/>\n<meta property=\"og:url\" content=\"https:\/\/abrelivros.org.br\/site\/saldo-positivo-para-a-literatura\/\" \/>\n<meta property=\"og:site_name\" content=\"Abrelivros\" \/>\n<meta property=\"article:published_time\" content=\"2008-07-07T18:03:00+00:00\" \/>\n<meta name=\"twitter:card\" content=\"summary_large_image\" \/>\n<script type=\"application\/ld+json\" class=\"yoast-schema-graph\">{\"@context\":\"https:\/\/schema.org\",\"@graph\":[{\"@type\":\"WebSite\",\"@id\":\"https:\/\/abrelivros.org.br\/site\/#website\",\"url\":\"https:\/\/abrelivros.org.br\/site\/\",\"name\":\"Abrelivros\",\"description\":\"\",\"potentialAction\":[{\"@type\":\"SearchAction\",\"target\":\"https:\/\/abrelivros.org.br\/site\/?s={search_term_string}\",\"query-input\":\"required name=search_term_string\"}],\"inLanguage\":\"pt-BR\"},{\"@type\":\"WebPage\",\"@id\":\"https:\/\/abrelivros.org.br\/site\/saldo-positivo-para-a-literatura\/#webpage\",\"url\":\"https:\/\/abrelivros.org.br\/site\/saldo-positivo-para-a-literatura\/\",\"name\":\"Saldo positivo para a literatura &raquo; Abrelivros\",\"isPartOf\":{\"@id\":\"https:\/\/abrelivros.org.br\/site\/#website\"},\"datePublished\":\"2008-07-07T18:03:00+00:00\",\"dateModified\":\"2008-07-07T18:03:00+00:00\",\"author\":{\"@id\":\"https:\/\/abrelivros.org.br\/site\/#\/schema\/person\/2b867f13a717bb230f1a3555505f5593\"},\"breadcrumb\":{\"@id\":\"https:\/\/abrelivros.org.br\/site\/saldo-positivo-para-a-literatura\/#breadcrumb\"},\"inLanguage\":\"pt-BR\",\"potentialAction\":[{\"@type\":\"ReadAction\",\"target\":[\"https:\/\/abrelivros.org.br\/site\/saldo-positivo-para-a-literatura\/\"]}]},{\"@type\":\"BreadcrumbList\",\"@id\":\"https:\/\/abrelivros.org.br\/site\/saldo-positivo-para-a-literatura\/#breadcrumb\",\"itemListElement\":[{\"@type\":\"ListItem\",\"position\":1,\"item\":{\"@type\":\"WebPage\",\"@id\":\"https:\/\/abrelivros.org.br\/site\/\",\"url\":\"https:\/\/abrelivros.org.br\/site\/\",\"name\":\"In\\u00edcio\"}},{\"@type\":\"ListItem\",\"position\":2,\"item\":{\"@type\":\"WebPage\",\"@id\":\"https:\/\/abrelivros.org.br\/site\/category\/noticias\/\",\"url\":\"https:\/\/abrelivros.org.br\/site\/category\/noticias\/\",\"name\":\"Not\\u00edcias\"}},{\"@type\":\"ListItem\",\"position\":3,\"item\":{\"@type\":\"WebPage\",\"@id\":\"https:\/\/abrelivros.org.br\/site\/category\/noticias\/noticias-da-imprensa\/\",\"url\":\"https:\/\/abrelivros.org.br\/site\/category\/noticias\/noticias-da-imprensa\/\",\"name\":\"Not\\u00edcias da imprensa\"}},{\"@type\":\"ListItem\",\"position\":4,\"item\":{\"@type\":\"WebPage\",\"@id\":\"https:\/\/abrelivros.org.br\/site\/saldo-positivo-para-a-literatura\/\",\"url\":\"https:\/\/abrelivros.org.br\/site\/saldo-positivo-para-a-literatura\/\",\"name\":\"Saldo positivo para a literatura\"}}]},{\"@type\":\"Person\",\"@id\":\"https:\/\/abrelivros.org.br\/site\/#\/schema\/person\/2b867f13a717bb230f1a3555505f5593\",\"name\":\"\\u00a0\",\"image\":{\"@type\":\"ImageObject\",\"@id\":\"https:\/\/abrelivros.org.br\/site\/#personlogo\",\"inLanguage\":\"pt-BR\",\"url\":\"https:\/\/secure.gravatar.com\/avatar\/e80b7f5231be2fff5040a8023da424898002831c5439420df182ae62676d2a6f?s=96&d=mm&r=g\",\"caption\":\"\\u00a0\"}}]}<\/script>\n<!-- \/ Yoast SEO plugin. -->","_links":{"self":[{"href":"https:\/\/abrelivros.org.br\/site\/wp-json\/wp\/v2\/posts\/2143","targetHints":{"allow":["GET"]}}],"collection":[{"href":"https:\/\/abrelivros.org.br\/site\/wp-json\/wp\/v2\/posts"}],"about":[{"href":"https:\/\/abrelivros.org.br\/site\/wp-json\/wp\/v2\/types\/post"}],"author":[{"embeddable":true,"href":"https:\/\/abrelivros.org.br\/site\/wp-json\/wp\/v2\/users\/1"}],"replies":[{"embeddable":true,"href":"https:\/\/abrelivros.org.br\/site\/wp-json\/wp\/v2\/comments?post=2143"}],"version-history":[{"count":0,"href":"https:\/\/abrelivros.org.br\/site\/wp-json\/wp\/v2\/posts\/2143\/revisions"}],"wp:attachment":[{"href":"https:\/\/abrelivros.org.br\/site\/wp-json\/wp\/v2\/media?parent=2143"}],"wp:term":[{"taxonomy":"category","embeddable":true,"href":"https:\/\/abrelivros.org.br\/site\/wp-json\/wp\/v2\/categories?post=2143"},{"taxonomy":"post_tag","embeddable":true,"href":"https:\/\/abrelivros.org.br\/site\/wp-json\/wp\/v2\/tags?post=2143"}],"curies":[{"name":"wp","href":"https:\/\/api.w.org\/{rel}","templated":true}]}}