{"id":2142,"date":"2008-07-10T14:57:00","date_gmt":"2008-07-10T17:57:00","guid":{"rendered":"https:\/\/abrelivros.org.br\/site\/2008\/07\/10\/governo-quer-55-mil-escolas-publicas-com-internet-ate-2010\/"},"modified":"2008-07-10T14:57:00","modified_gmt":"2008-07-10T17:57:00","slug":"governo-quer-55-mil-escolas-publicas-com-internet-ate-2010","status":"publish","type":"post","link":"https:\/\/abrelivros.org.br\/site\/governo-quer-55-mil-escolas-publicas-com-internet-ate-2010\/","title":{"rendered":"Governo quer 55 mil escolas p\u00fablicas com internet at\u00e9 2010"},"content":{"rendered":"<p>O ministro das Comunica\u00e7\u00f5es, H\u00e9lio Costa, afirmou hoje que at\u00e9 o final deste ano cerca de 18 mil escolas p\u00fablicas contar\u00e3o com rede de acesso \u00e0 internet de alta velocidade. At\u00e9 o fim do mandato do presidente Lula (2010), a meta \u00e9 atingir 55 mil escolas p\u00fablicas. Costa participou da abertura do 1\u00ba F\u00f3rum Latino-Americano de Inclus\u00e3o Digital, promovido pela Comiss\u00e3o de Ci\u00eancia e Tecnologia, Comunica\u00e7\u00e3o e Inform\u00e1tica da C\u00e2mara.&nbsp;<br \/> &nbsp;<br \/> Para o ministro, o alcance dessas metas, aliado a outras iniciativas do governo, \u00e9 uma \u201crevolu\u00e7\u00e3o em termos de inclus\u00e3o digital\u201c. Estima-se que, atualmente, apenas 3 milh\u00f5es de usu\u00e1rios contem com banda larga no Brasil.&nbsp;<br \/> &nbsp;<br \/> Outra iniciativa listada por Costa foi a inten\u00e7\u00e3o de ampliar a quantidade de \u201ccidades digitais\u201c, com rede sem fio (wireless) aberta a todos os usu\u00e1rios. Ele citou o exemplo de Tiradentes (MG), que j\u00e1 oferece o servi\u00e7o e obteve uma melhora de 80% no rendimento escolar dos alunos.&nbsp;<br \/> &nbsp;<br \/> Capacita\u00e7\u00e3o de professores&nbsp;<br \/> Apesar da \u00eanfase no acesso \u00e0 infra-estrutura, os participantes do evento destacaram a necessidade de se investir em outras \u00e1reas, como a capacita\u00e7\u00e3o de professores e desenvolvimento de conte\u00fado. \u201cColocar computador \u00e9 muito pouco\u201c, definiu o presidente da comiss\u00e3o, deputado Walter Pinheiro (PT-BA). \u201cOs usu\u00e1rios devem ter condi\u00e7\u00f5es de operar e melhorar as condi\u00e7\u00f5es de vida\u201c, acrescentou.&nbsp;<br \/> &nbsp;<br \/> H\u00e9lio Costa tamb\u00e9m destacou o programa \u201cComputador para Todos\u201c, classificado como \u201cuma extraordin\u00e1ria vit\u00f3ria\u201c do governo na universaliza\u00e7\u00e3o do acesso ao computador para as camadas de menor renda da popula\u00e7\u00e3o. \u201cNestes \u00faltimos dois anos, vimos o pre\u00e7o do desktop cair de R$ 4 mil para R$ 800, e agora vamos buscar colocar pelo menos um ponto com internet de alta velocidade em cada munic\u00edpio brasileiro\u201c, acrescentou.&nbsp;<br \/> &nbsp;<br \/> <b>Servi\u00e7os p\u00fablicos<\/b>&nbsp;<br \/> O diretor-presidente do Servi\u00e7o Federal de Processamento de Dados (Serpro), Marcos Vin\u00edcius Mazoni, que tamb\u00e9m participou do f\u00f3rum, comentou que um dos \u201ceixos\u201c abordados pelo governo em sua pol\u00edtica digital \u00e9 a moderniza\u00e7\u00e3o e qualifica\u00e7\u00e3o dos servi\u00e7os p\u00fablicos oferecidos pela internet.&nbsp;<br \/> &nbsp;<br \/> Sobre esse assunto, Valeria Jord\u00e1n, a coordenadora de Informa\u00e7\u00e3o da e-LAC, uma plataforma que promove a integra\u00e7\u00e3o regional e a coopera\u00e7\u00e3o das tecnologias da informa\u00e7\u00e3o e da comunica\u00e7\u00e3o (as chamadas TICs), sugeriu um foco nas \u00e1reas de educa\u00e7\u00e3o, sa\u00fade, justi\u00e7a e \u201cgest\u00e3o de cat\u00e1strofes\u201c, que seriam negligenciados, na sua opini\u00e3o. De 27 metas tra\u00e7adas pela entidade at\u00e9 2010, houve avan\u00e7os em 15, especialmente no acesso e capacita\u00e7\u00e3o de usu\u00e1rios.&nbsp;<br \/> &nbsp;<br \/> Na mesma dire\u00e7\u00e3o se manifestou o diretor do Setor de Telecomunica\u00e7\u00f5es do Banco Mundial (Bird), Eloy Vidal, que apontou a necessidade de se intensificar os \u201cesfor\u00e7os\u201c em treinamento de professores e incluir as TICs no curr\u00edculo escolar.<\/p>\n","protected":false},"excerpt":{"rendered":"<p>O ministro das Comunica\u00e7\u00f5es, H\u00e9lio Costa, afirmou hoje que at\u00e9 o final deste ano cerca de 18 mil escolas p\u00fablicas contar\u00e3o com rede de acesso \u00e0 internet de alta velocidade. At\u00e9 o fim do mandato do presidente Lula (2010), a meta \u00e9 atingir 55 mil escolas p\u00fablicas. Costa participou da abertura do 1\u00ba F\u00f3rum Latino-Americano [&hellip;]<\/p>\n","protected":false},"author":1,"featured_media":0,"comment_status":"closed","ping_status":"closed","sticky":false,"template":"","format":"standard","meta":{"footnotes":"","_links_to":"","_links_to_target":""},"categories":[9],"tags":[],"class_list":["post-2142","post","type-post","status-publish","format-standard","hentry","category-noticias-da-imprensa"],"yoast_head":"<!-- This site is optimized with the Yoast SEO plugin v15.1 - https:\/\/yoast.com\/wordpress\/plugins\/seo\/ -->\n<title>Governo quer 55 mil escolas p\u00fablicas com internet at\u00e9 2010 &raquo; Abrelivros<\/title>\n<meta name=\"robots\" content=\"index, follow, max-snippet:-1, max-image-preview:large, max-video-preview:-1\" \/>\n<link rel=\"canonical\" href=\"https:\/\/abrelivros.org.br\/site\/governo-quer-55-mil-escolas-publicas-com-internet-ate-2010\/\" \/>\n<meta property=\"og:locale\" content=\"pt_BR\" \/>\n<meta property=\"og:type\" content=\"article\" \/>\n<meta property=\"og:title\" content=\"Governo quer 55 mil escolas p\u00fablicas com internet at\u00e9 2010 &raquo; Abrelivros\" \/>\n<meta property=\"og:description\" content=\"O ministro das Comunica\u00e7\u00f5es, H\u00e9lio Costa, afirmou hoje que at\u00e9 o final deste ano cerca de 18 mil escolas p\u00fablicas contar\u00e3o com rede de acesso \u00e0 internet de alta velocidade. At\u00e9 o fim do mandato do presidente Lula (2010), a meta \u00e9 atingir 55 mil escolas p\u00fablicas. Costa participou da abertura do 1\u00ba F\u00f3rum Latino-Americano [&hellip;]\" \/>\n<meta property=\"og:url\" content=\"https:\/\/abrelivros.org.br\/site\/governo-quer-55-mil-escolas-publicas-com-internet-ate-2010\/\" \/>\n<meta property=\"og:site_name\" content=\"Abrelivros\" \/>\n<meta property=\"article:published_time\" content=\"2008-07-10T17:57:00+00:00\" \/>\n<meta name=\"twitter:card\" content=\"summary_large_image\" \/>\n<script type=\"application\/ld+json\" class=\"yoast-schema-graph\">{\"@context\":\"https:\/\/schema.org\",\"@graph\":[{\"@type\":\"WebSite\",\"@id\":\"https:\/\/abrelivros.org.br\/site\/#website\",\"url\":\"https:\/\/abrelivros.org.br\/site\/\",\"name\":\"Abrelivros\",\"description\":\"\",\"potentialAction\":[{\"@type\":\"SearchAction\",\"target\":\"https:\/\/abrelivros.org.br\/site\/?s={search_term_string}\",\"query-input\":\"required name=search_term_string\"}],\"inLanguage\":\"pt-BR\"},{\"@type\":\"WebPage\",\"@id\":\"https:\/\/abrelivros.org.br\/site\/governo-quer-55-mil-escolas-publicas-com-internet-ate-2010\/#webpage\",\"url\":\"https:\/\/abrelivros.org.br\/site\/governo-quer-55-mil-escolas-publicas-com-internet-ate-2010\/\",\"name\":\"Governo quer 55 mil escolas p\\u00fablicas com internet at\\u00e9 2010 &raquo; Abrelivros\",\"isPartOf\":{\"@id\":\"https:\/\/abrelivros.org.br\/site\/#website\"},\"datePublished\":\"2008-07-10T17:57:00+00:00\",\"dateModified\":\"2008-07-10T17:57:00+00:00\",\"author\":{\"@id\":\"https:\/\/abrelivros.org.br\/site\/#\/schema\/person\/2b867f13a717bb230f1a3555505f5593\"},\"breadcrumb\":{\"@id\":\"https:\/\/abrelivros.org.br\/site\/governo-quer-55-mil-escolas-publicas-com-internet-ate-2010\/#breadcrumb\"},\"inLanguage\":\"pt-BR\",\"potentialAction\":[{\"@type\":\"ReadAction\",\"target\":[\"https:\/\/abrelivros.org.br\/site\/governo-quer-55-mil-escolas-publicas-com-internet-ate-2010\/\"]}]},{\"@type\":\"BreadcrumbList\",\"@id\":\"https:\/\/abrelivros.org.br\/site\/governo-quer-55-mil-escolas-publicas-com-internet-ate-2010\/#breadcrumb\",\"itemListElement\":[{\"@type\":\"ListItem\",\"position\":1,\"item\":{\"@type\":\"WebPage\",\"@id\":\"https:\/\/abrelivros.org.br\/site\/\",\"url\":\"https:\/\/abrelivros.org.br\/site\/\",\"name\":\"In\\u00edcio\"}},{\"@type\":\"ListItem\",\"position\":2,\"item\":{\"@type\":\"WebPage\",\"@id\":\"https:\/\/abrelivros.org.br\/site\/category\/noticias\/\",\"url\":\"https:\/\/abrelivros.org.br\/site\/category\/noticias\/\",\"name\":\"Not\\u00edcias\"}},{\"@type\":\"ListItem\",\"position\":3,\"item\":{\"@type\":\"WebPage\",\"@id\":\"https:\/\/abrelivros.org.br\/site\/category\/noticias\/noticias-da-imprensa\/\",\"url\":\"https:\/\/abrelivros.org.br\/site\/category\/noticias\/noticias-da-imprensa\/\",\"name\":\"Not\\u00edcias da imprensa\"}},{\"@type\":\"ListItem\",\"position\":4,\"item\":{\"@type\":\"WebPage\",\"@id\":\"https:\/\/abrelivros.org.br\/site\/governo-quer-55-mil-escolas-publicas-com-internet-ate-2010\/\",\"url\":\"https:\/\/abrelivros.org.br\/site\/governo-quer-55-mil-escolas-publicas-com-internet-ate-2010\/\",\"name\":\"Governo quer 55 mil escolas p\\u00fablicas com internet at\\u00e9 2010\"}}]},{\"@type\":\"Person\",\"@id\":\"https:\/\/abrelivros.org.br\/site\/#\/schema\/person\/2b867f13a717bb230f1a3555505f5593\",\"name\":\"\\u00a0\",\"image\":{\"@type\":\"ImageObject\",\"@id\":\"https:\/\/abrelivros.org.br\/site\/#personlogo\",\"inLanguage\":\"pt-BR\",\"url\":\"https:\/\/secure.gravatar.com\/avatar\/e80b7f5231be2fff5040a8023da424898002831c5439420df182ae62676d2a6f?s=96&d=mm&r=g\",\"caption\":\"\\u00a0\"}}]}<\/script>\n<!-- \/ Yoast SEO plugin. -->","_links":{"self":[{"href":"https:\/\/abrelivros.org.br\/site\/wp-json\/wp\/v2\/posts\/2142","targetHints":{"allow":["GET"]}}],"collection":[{"href":"https:\/\/abrelivros.org.br\/site\/wp-json\/wp\/v2\/posts"}],"about":[{"href":"https:\/\/abrelivros.org.br\/site\/wp-json\/wp\/v2\/types\/post"}],"author":[{"embeddable":true,"href":"https:\/\/abrelivros.org.br\/site\/wp-json\/wp\/v2\/users\/1"}],"replies":[{"embeddable":true,"href":"https:\/\/abrelivros.org.br\/site\/wp-json\/wp\/v2\/comments?post=2142"}],"version-history":[{"count":0,"href":"https:\/\/abrelivros.org.br\/site\/wp-json\/wp\/v2\/posts\/2142\/revisions"}],"wp:attachment":[{"href":"https:\/\/abrelivros.org.br\/site\/wp-json\/wp\/v2\/media?parent=2142"}],"wp:term":[{"taxonomy":"category","embeddable":true,"href":"https:\/\/abrelivros.org.br\/site\/wp-json\/wp\/v2\/categories?post=2142"},{"taxonomy":"post_tag","embeddable":true,"href":"https:\/\/abrelivros.org.br\/site\/wp-json\/wp\/v2\/tags?post=2142"}],"curies":[{"name":"wp","href":"https:\/\/api.w.org\/{rel}","templated":true}]}}