{"id":2141,"date":"2008-07-10T15:25:00","date_gmt":"2008-07-10T18:25:00","guid":{"rendered":"https:\/\/abrelivros.org.br\/site\/2008\/07\/10\/historia-municipal-podera-entrar-no-curriculo-escolar\/"},"modified":"2008-07-10T15:25:00","modified_gmt":"2008-07-10T18:25:00","slug":"historia-municipal-podera-entrar-no-curriculo-escolar","status":"publish","type":"post","link":"https:\/\/abrelivros.org.br\/site\/historia-municipal-podera-entrar-no-curriculo-escolar\/","title":{"rendered":"Hist\u00f3ria municipal poder\u00e1 entrar no curr\u00edculo escolar"},"content":{"rendered":"<p>O Projeto de Lei 3096\/08, do deputado Ricardo Izar (PTB-SP), que est\u00e1 em tramita\u00e7\u00e3o na C\u00e2mara dos Deputados, torna obrigat\u00f3rio em pelo menos um ano, a partir da quinta s\u00e9rie do ensino fundamental, o estudo da hist\u00f3ria estadual e municipal, na parte diversificada do curr\u00edculo. O texto muda o artigo 26 da Lei de Diretrizes e Bases da Educa\u00e7\u00e3o (LDB &#8211; Lei 9394\/96). \u201cTodos n\u00f3s conhecemos a elevada import\u00e2ncia das nossas origens mais pontuais, no n\u00edvel da nossa cidade natal e da nossa unidade da Federa\u00e7\u00e3o, onde constitu\u00edmos nossas identidades como pessoas e como cidad\u00e3os\u201c, alegou, na \u00e9poca, o autor do projeto, falecido no \u00faltimo dia dois de maio. Ele acrescentou que todo estudante deve se familiarizar com a hist\u00f3ria do lugar onde nasceu.  <b>Tramita\u00e7\u00e3o<\/b> &#8211; Sujeito a an\u00e1lise em car\u00e1ter conclusivo, o projeto ser\u00e1 votado pelas comiss\u00f5es de Educa\u00e7\u00e3o e Cultura; e de Constitui\u00e7\u00e3o e Justi\u00e7a e de Cidadania da casa.\u00a0<\/p>\n","protected":false},"excerpt":{"rendered":"<p>O Projeto de Lei 3096\/08, do deputado Ricardo Izar (PTB-SP), que est\u00e1 em tramita\u00e7\u00e3o na C\u00e2mara dos Deputados, torna obrigat\u00f3rio em pelo menos um ano, a partir da quinta s\u00e9rie do ensino fundamental, o estudo da hist\u00f3ria estadual e municipal, na parte diversificada do curr\u00edculo. O texto muda o artigo 26 da Lei de Diretrizes [&hellip;]<\/p>\n","protected":false},"author":1,"featured_media":0,"comment_status":"closed","ping_status":"closed","sticky":false,"template":"","format":"standard","meta":{"footnotes":"","_links_to":"","_links_to_target":""},"categories":[9],"tags":[],"class_list":["post-2141","post","type-post","status-publish","format-standard","hentry","category-noticias-da-imprensa"],"yoast_head":"<!-- This site is optimized with the Yoast SEO plugin v15.1 - https:\/\/yoast.com\/wordpress\/plugins\/seo\/ -->\n<title>Hist\u00f3ria municipal poder\u00e1 entrar no curr\u00edculo escolar &raquo; Abrelivros<\/title>\n<meta name=\"robots\" content=\"index, follow, max-snippet:-1, max-image-preview:large, max-video-preview:-1\" \/>\n<link rel=\"canonical\" href=\"https:\/\/abrelivros.org.br\/site\/historia-municipal-podera-entrar-no-curriculo-escolar\/\" \/>\n<meta property=\"og:locale\" content=\"pt_BR\" \/>\n<meta property=\"og:type\" content=\"article\" \/>\n<meta property=\"og:title\" content=\"Hist\u00f3ria municipal poder\u00e1 entrar no curr\u00edculo escolar &raquo; Abrelivros\" \/>\n<meta property=\"og:description\" content=\"O Projeto de Lei 3096\/08, do deputado Ricardo Izar (PTB-SP), que est\u00e1 em tramita\u00e7\u00e3o na C\u00e2mara dos Deputados, torna obrigat\u00f3rio em pelo menos um ano, a partir da quinta s\u00e9rie do ensino fundamental, o estudo da hist\u00f3ria estadual e municipal, na parte diversificada do curr\u00edculo. O texto muda o artigo 26 da Lei de Diretrizes [&hellip;]\" \/>\n<meta property=\"og:url\" content=\"https:\/\/abrelivros.org.br\/site\/historia-municipal-podera-entrar-no-curriculo-escolar\/\" \/>\n<meta property=\"og:site_name\" content=\"Abrelivros\" \/>\n<meta property=\"article:published_time\" content=\"2008-07-10T18:25:00+00:00\" \/>\n<meta name=\"twitter:card\" content=\"summary_large_image\" \/>\n<script type=\"application\/ld+json\" class=\"yoast-schema-graph\">{\"@context\":\"https:\/\/schema.org\",\"@graph\":[{\"@type\":\"WebSite\",\"@id\":\"https:\/\/abrelivros.org.br\/site\/#website\",\"url\":\"https:\/\/abrelivros.org.br\/site\/\",\"name\":\"Abrelivros\",\"description\":\"\",\"potentialAction\":[{\"@type\":\"SearchAction\",\"target\":\"https:\/\/abrelivros.org.br\/site\/?s={search_term_string}\",\"query-input\":\"required name=search_term_string\"}],\"inLanguage\":\"pt-BR\"},{\"@type\":\"WebPage\",\"@id\":\"https:\/\/abrelivros.org.br\/site\/historia-municipal-podera-entrar-no-curriculo-escolar\/#webpage\",\"url\":\"https:\/\/abrelivros.org.br\/site\/historia-municipal-podera-entrar-no-curriculo-escolar\/\",\"name\":\"Hist\\u00f3ria municipal poder\\u00e1 entrar no curr\\u00edculo escolar &raquo; Abrelivros\",\"isPartOf\":{\"@id\":\"https:\/\/abrelivros.org.br\/site\/#website\"},\"datePublished\":\"2008-07-10T18:25:00+00:00\",\"dateModified\":\"2008-07-10T18:25:00+00:00\",\"author\":{\"@id\":\"https:\/\/abrelivros.org.br\/site\/#\/schema\/person\/2b867f13a717bb230f1a3555505f5593\"},\"breadcrumb\":{\"@id\":\"https:\/\/abrelivros.org.br\/site\/historia-municipal-podera-entrar-no-curriculo-escolar\/#breadcrumb\"},\"inLanguage\":\"pt-BR\",\"potentialAction\":[{\"@type\":\"ReadAction\",\"target\":[\"https:\/\/abrelivros.org.br\/site\/historia-municipal-podera-entrar-no-curriculo-escolar\/\"]}]},{\"@type\":\"BreadcrumbList\",\"@id\":\"https:\/\/abrelivros.org.br\/site\/historia-municipal-podera-entrar-no-curriculo-escolar\/#breadcrumb\",\"itemListElement\":[{\"@type\":\"ListItem\",\"position\":1,\"item\":{\"@type\":\"WebPage\",\"@id\":\"https:\/\/abrelivros.org.br\/site\/\",\"url\":\"https:\/\/abrelivros.org.br\/site\/\",\"name\":\"In\\u00edcio\"}},{\"@type\":\"ListItem\",\"position\":2,\"item\":{\"@type\":\"WebPage\",\"@id\":\"https:\/\/abrelivros.org.br\/site\/category\/noticias\/\",\"url\":\"https:\/\/abrelivros.org.br\/site\/category\/noticias\/\",\"name\":\"Not\\u00edcias\"}},{\"@type\":\"ListItem\",\"position\":3,\"item\":{\"@type\":\"WebPage\",\"@id\":\"https:\/\/abrelivros.org.br\/site\/category\/noticias\/noticias-da-imprensa\/\",\"url\":\"https:\/\/abrelivros.org.br\/site\/category\/noticias\/noticias-da-imprensa\/\",\"name\":\"Not\\u00edcias da imprensa\"}},{\"@type\":\"ListItem\",\"position\":4,\"item\":{\"@type\":\"WebPage\",\"@id\":\"https:\/\/abrelivros.org.br\/site\/historia-municipal-podera-entrar-no-curriculo-escolar\/\",\"url\":\"https:\/\/abrelivros.org.br\/site\/historia-municipal-podera-entrar-no-curriculo-escolar\/\",\"name\":\"Hist\\u00f3ria municipal poder\\u00e1 entrar no curr\\u00edculo escolar\"}}]},{\"@type\":\"Person\",\"@id\":\"https:\/\/abrelivros.org.br\/site\/#\/schema\/person\/2b867f13a717bb230f1a3555505f5593\",\"name\":\"\\u00a0\",\"image\":{\"@type\":\"ImageObject\",\"@id\":\"https:\/\/abrelivros.org.br\/site\/#personlogo\",\"inLanguage\":\"pt-BR\",\"url\":\"https:\/\/secure.gravatar.com\/avatar\/e80b7f5231be2fff5040a8023da424898002831c5439420df182ae62676d2a6f?s=96&d=mm&r=g\",\"caption\":\"\\u00a0\"}}]}<\/script>\n<!-- \/ Yoast SEO plugin. -->","_links":{"self":[{"href":"https:\/\/abrelivros.org.br\/site\/wp-json\/wp\/v2\/posts\/2141","targetHints":{"allow":["GET"]}}],"collection":[{"href":"https:\/\/abrelivros.org.br\/site\/wp-json\/wp\/v2\/posts"}],"about":[{"href":"https:\/\/abrelivros.org.br\/site\/wp-json\/wp\/v2\/types\/post"}],"author":[{"embeddable":true,"href":"https:\/\/abrelivros.org.br\/site\/wp-json\/wp\/v2\/users\/1"}],"replies":[{"embeddable":true,"href":"https:\/\/abrelivros.org.br\/site\/wp-json\/wp\/v2\/comments?post=2141"}],"version-history":[{"count":0,"href":"https:\/\/abrelivros.org.br\/site\/wp-json\/wp\/v2\/posts\/2141\/revisions"}],"wp:attachment":[{"href":"https:\/\/abrelivros.org.br\/site\/wp-json\/wp\/v2\/media?parent=2141"}],"wp:term":[{"taxonomy":"category","embeddable":true,"href":"https:\/\/abrelivros.org.br\/site\/wp-json\/wp\/v2\/categories?post=2141"},{"taxonomy":"post_tag","embeddable":true,"href":"https:\/\/abrelivros.org.br\/site\/wp-json\/wp\/v2\/tags?post=2141"}],"curies":[{"name":"wp","href":"https:\/\/api.w.org\/{rel}","templated":true}]}}