{"id":2140,"date":"2008-07-11T12:56:00","date_gmt":"2008-07-11T15:56:00","guid":{"rendered":"https:\/\/abrelivros.org.br\/site\/2008\/07\/11\/crescimento-sustentavel-pela-educacao\/"},"modified":"2008-07-11T12:56:00","modified_gmt":"2008-07-11T15:56:00","slug":"crescimento-sustentavel-pela-educacao","status":"publish","type":"post","link":"https:\/\/abrelivros.org.br\/site\/crescimento-sustentavel-pela-educacao\/","title":{"rendered":"Crescimento sustent\u00e1vel pela educa\u00e7\u00e3o"},"content":{"rendered":"<p>Combinar crescimento econ\u00f4mico com educa\u00e7\u00e3o \u00e9 o que d\u00e1 sustentabilidade ao desenvolvimento nacional. Foi o que destacou o ministro da Educa\u00e7\u00e3o, Fernando Haddad, durante entrevista ao Programa do J\u00f4, da Rede Globo, que foi ao ar na madrugada desta quinta-feira, 10. Para Haddad, a diferen\u00e7a entre o atual momento de retomada de crescimento do pa\u00eds e per\u00edodos anteriores, em que a taxa de desenvolvimento econ\u00f4mico chegou a 7%, 10% e at\u00e9 12%, \u00e9 a decis\u00e3o de formar melhor os cidad\u00e3os.&nbsp;<br \/> &nbsp;<br \/> \u201cRecentemente, o presidente [Luiz In\u00e1cio Lula da Silva] lan\u00e7ou a id\u00e9ia de usar os royalties do petr\u00f3leo para a educa\u00e7\u00e3o. Se as reservas petrol\u00edferas forem confirmadas e pudermos nos apropriar de uma parte dessa riqueza, vamos ter mais uma oportunidade\u201d, disse o ministro, referindo-se ao investimento no ensino.&nbsp;<br \/> &nbsp;<br \/> Haddad ainda lembrou que o or\u00e7amento do Minist\u00e9rio da Educa\u00e7\u00e3o ter\u00e1 de volta os recursos que vinham sendo retirados com a Desvincula\u00e7\u00e3o de Recursos da Uni\u00e3o (DRU). A Proposta de Emenda \u00e0 Constitui\u00e7\u00e3o que prev\u00ea o fim do dispositivo foi aprovada pelo Senado Federal no \u00faltimo dia 2. Nesse dia, tamb\u00e9m foi aprovado pela Casa o piso nacional do magist\u00e9rio, de R$ 950. Sobre os professores, o ministro ressaltou que, al\u00e9m do novo piso salarial, a implanta\u00e7\u00e3o de diretrizes nacionais de carreira e de um sistema nacional de forma\u00e7\u00e3o vai permitir que a juventude se atraia pela carreira novamente.&nbsp;<br \/> &nbsp;<br \/> A mudan\u00e7a no Sistema S \u2013 composto, entre outros, por Sesi, Sesc, Senai e Senac \u2013 tamb\u00e9m foi assunto abordado na entrevista. Haddad explicou que o maior objetivo da proposta de reforma \u00e9 ampliar a gratuidade. \u201cHoje, praticamente todos os servi\u00e7os dentro do sistema s\u00e3o pagos. Se a sociedade j\u00e1 est\u00e1 contribuindo compulsoriamente com 2,5% de sua folha de pagamento, o acesso \u00e0s atividades tem que ser gratuito \u00e0 popula\u00e7\u00e3o que n\u00e3o pode pagar\u201d, defende.&nbsp;<br \/> &nbsp;<br \/> O ministro tamb\u00e9m falou sobre a qualidade do ensino no Brasil e as metas propostas a partir da cria\u00e7\u00e3o do \u00cdndice de Desenvolvimento da Educa\u00e7\u00e3o B\u00e1sica (Ideb). Pela primeira vez, houve um aumento da qualidade da educa\u00e7\u00e3o, desde que come\u00e7ou a ser medida. O Brasil subiu para a nota 4,2 no Ideb. Em 2005, o \u00edndice era de 3,8. \u201cIsso porque passamos a atuar de maneira sist\u00eamica, ampliando o acesso \u00e0 universidade e \u00e0s escolas t\u00e9cnicas e formando mais professores. Parece come\u00e7ar a produzir efeito concreto e positivo\u201d, acredita. A meta a ser alcan\u00e7ada pelo pa\u00eds em 2022 \u00e9 de 6 pontos no Ideb, m\u00e9dia dos pa\u00edses desenvolvidos. &nbsp;<br \/> &nbsp;<br \/> \u201cO ideal \u00e9 que as pol\u00edticas p\u00fablicas sejam pol\u00edticas de estado, que n\u00e3o haja descontinuidade de governo para governo. O Brasil j\u00e1 est\u00e1 aprendendo a lidar com esses conceitos\u201d, afirma Haddad. Para o ministro, essa vis\u00e3o permite que inova\u00e7\u00f5es e ajustes sejam feitos com mais legitimidade nas pr\u00f3ximas gera\u00e7\u00f5es de governantes&nbsp;<\/p>\n","protected":false},"excerpt":{"rendered":"<p>Combinar crescimento econ\u00f4mico com educa\u00e7\u00e3o \u00e9 o que d\u00e1 sustentabilidade ao desenvolvimento nacional. Foi o que destacou o ministro da Educa\u00e7\u00e3o, Fernando Haddad, durante entrevista ao Programa do J\u00f4, da Rede Globo, que foi ao ar na madrugada desta quinta-feira, 10. Para Haddad, a diferen\u00e7a entre o atual momento de retomada de crescimento do pa\u00eds [&hellip;]<\/p>\n","protected":false},"author":1,"featured_media":0,"comment_status":"closed","ping_status":"closed","sticky":false,"template":"","format":"standard","meta":{"footnotes":"","_links_to":"","_links_to_target":""},"categories":[9],"tags":[],"class_list":["post-2140","post","type-post","status-publish","format-standard","hentry","category-noticias-da-imprensa"],"yoast_head":"<!-- This site is optimized with the Yoast SEO plugin v15.1 - https:\/\/yoast.com\/wordpress\/plugins\/seo\/ -->\n<title>Crescimento sustent\u00e1vel pela educa\u00e7\u00e3o &raquo; Abrelivros<\/title>\n<meta name=\"robots\" content=\"index, follow, max-snippet:-1, max-image-preview:large, max-video-preview:-1\" \/>\n<link rel=\"canonical\" href=\"https:\/\/abrelivros.org.br\/site\/crescimento-sustentavel-pela-educacao\/\" \/>\n<meta property=\"og:locale\" content=\"pt_BR\" \/>\n<meta property=\"og:type\" content=\"article\" \/>\n<meta property=\"og:title\" content=\"Crescimento sustent\u00e1vel pela educa\u00e7\u00e3o &raquo; Abrelivros\" \/>\n<meta property=\"og:description\" content=\"Combinar crescimento econ\u00f4mico com educa\u00e7\u00e3o \u00e9 o que d\u00e1 sustentabilidade ao desenvolvimento nacional. Foi o que destacou o ministro da Educa\u00e7\u00e3o, Fernando Haddad, durante entrevista ao Programa do J\u00f4, da Rede Globo, que foi ao ar na madrugada desta quinta-feira, 10. Para Haddad, a diferen\u00e7a entre o atual momento de retomada de crescimento do pa\u00eds [&hellip;]\" \/>\n<meta property=\"og:url\" content=\"https:\/\/abrelivros.org.br\/site\/crescimento-sustentavel-pela-educacao\/\" \/>\n<meta property=\"og:site_name\" content=\"Abrelivros\" \/>\n<meta property=\"article:published_time\" content=\"2008-07-11T15:56:00+00:00\" \/>\n<meta name=\"twitter:card\" content=\"summary_large_image\" \/>\n<script type=\"application\/ld+json\" class=\"yoast-schema-graph\">{\"@context\":\"https:\/\/schema.org\",\"@graph\":[{\"@type\":\"WebSite\",\"@id\":\"https:\/\/abrelivros.org.br\/site\/#website\",\"url\":\"https:\/\/abrelivros.org.br\/site\/\",\"name\":\"Abrelivros\",\"description\":\"\",\"potentialAction\":[{\"@type\":\"SearchAction\",\"target\":\"https:\/\/abrelivros.org.br\/site\/?s={search_term_string}\",\"query-input\":\"required name=search_term_string\"}],\"inLanguage\":\"pt-BR\"},{\"@type\":\"WebPage\",\"@id\":\"https:\/\/abrelivros.org.br\/site\/crescimento-sustentavel-pela-educacao\/#webpage\",\"url\":\"https:\/\/abrelivros.org.br\/site\/crescimento-sustentavel-pela-educacao\/\",\"name\":\"Crescimento sustent\\u00e1vel pela educa\\u00e7\\u00e3o &raquo; Abrelivros\",\"isPartOf\":{\"@id\":\"https:\/\/abrelivros.org.br\/site\/#website\"},\"datePublished\":\"2008-07-11T15:56:00+00:00\",\"dateModified\":\"2008-07-11T15:56:00+00:00\",\"author\":{\"@id\":\"https:\/\/abrelivros.org.br\/site\/#\/schema\/person\/2b867f13a717bb230f1a3555505f5593\"},\"breadcrumb\":{\"@id\":\"https:\/\/abrelivros.org.br\/site\/crescimento-sustentavel-pela-educacao\/#breadcrumb\"},\"inLanguage\":\"pt-BR\",\"potentialAction\":[{\"@type\":\"ReadAction\",\"target\":[\"https:\/\/abrelivros.org.br\/site\/crescimento-sustentavel-pela-educacao\/\"]}]},{\"@type\":\"BreadcrumbList\",\"@id\":\"https:\/\/abrelivros.org.br\/site\/crescimento-sustentavel-pela-educacao\/#breadcrumb\",\"itemListElement\":[{\"@type\":\"ListItem\",\"position\":1,\"item\":{\"@type\":\"WebPage\",\"@id\":\"https:\/\/abrelivros.org.br\/site\/\",\"url\":\"https:\/\/abrelivros.org.br\/site\/\",\"name\":\"In\\u00edcio\"}},{\"@type\":\"ListItem\",\"position\":2,\"item\":{\"@type\":\"WebPage\",\"@id\":\"https:\/\/abrelivros.org.br\/site\/category\/noticias\/\",\"url\":\"https:\/\/abrelivros.org.br\/site\/category\/noticias\/\",\"name\":\"Not\\u00edcias\"}},{\"@type\":\"ListItem\",\"position\":3,\"item\":{\"@type\":\"WebPage\",\"@id\":\"https:\/\/abrelivros.org.br\/site\/category\/noticias\/noticias-da-imprensa\/\",\"url\":\"https:\/\/abrelivros.org.br\/site\/category\/noticias\/noticias-da-imprensa\/\",\"name\":\"Not\\u00edcias da imprensa\"}},{\"@type\":\"ListItem\",\"position\":4,\"item\":{\"@type\":\"WebPage\",\"@id\":\"https:\/\/abrelivros.org.br\/site\/crescimento-sustentavel-pela-educacao\/\",\"url\":\"https:\/\/abrelivros.org.br\/site\/crescimento-sustentavel-pela-educacao\/\",\"name\":\"Crescimento sustent\\u00e1vel pela educa\\u00e7\\u00e3o\"}}]},{\"@type\":\"Person\",\"@id\":\"https:\/\/abrelivros.org.br\/site\/#\/schema\/person\/2b867f13a717bb230f1a3555505f5593\",\"name\":\"\\u00a0\",\"image\":{\"@type\":\"ImageObject\",\"@id\":\"https:\/\/abrelivros.org.br\/site\/#personlogo\",\"inLanguage\":\"pt-BR\",\"url\":\"https:\/\/secure.gravatar.com\/avatar\/e80b7f5231be2fff5040a8023da424898002831c5439420df182ae62676d2a6f?s=96&d=mm&r=g\",\"caption\":\"\\u00a0\"}}]}<\/script>\n<!-- \/ Yoast SEO plugin. -->","_links":{"self":[{"href":"https:\/\/abrelivros.org.br\/site\/wp-json\/wp\/v2\/posts\/2140","targetHints":{"allow":["GET"]}}],"collection":[{"href":"https:\/\/abrelivros.org.br\/site\/wp-json\/wp\/v2\/posts"}],"about":[{"href":"https:\/\/abrelivros.org.br\/site\/wp-json\/wp\/v2\/types\/post"}],"author":[{"embeddable":true,"href":"https:\/\/abrelivros.org.br\/site\/wp-json\/wp\/v2\/users\/1"}],"replies":[{"embeddable":true,"href":"https:\/\/abrelivros.org.br\/site\/wp-json\/wp\/v2\/comments?post=2140"}],"version-history":[{"count":0,"href":"https:\/\/abrelivros.org.br\/site\/wp-json\/wp\/v2\/posts\/2140\/revisions"}],"wp:attachment":[{"href":"https:\/\/abrelivros.org.br\/site\/wp-json\/wp\/v2\/media?parent=2140"}],"wp:term":[{"taxonomy":"category","embeddable":true,"href":"https:\/\/abrelivros.org.br\/site\/wp-json\/wp\/v2\/categories?post=2140"},{"taxonomy":"post_tag","embeddable":true,"href":"https:\/\/abrelivros.org.br\/site\/wp-json\/wp\/v2\/tags?post=2140"}],"curies":[{"name":"wp","href":"https:\/\/api.w.org\/{rel}","templated":true}]}}