{"id":2139,"date":"2008-07-11T15:52:00","date_gmt":"2008-07-11T18:52:00","guid":{"rendered":"https:\/\/abrelivros.org.br\/site\/2008\/07\/11\/guia-orienta-escolha-de-livros-didaticos-para-alfabetizacao-de-jovens-e-adultos\/"},"modified":"2008-07-11T15:52:00","modified_gmt":"2008-07-11T18:52:00","slug":"guia-orienta-escolha-de-livros-didaticos-para-alfabetizacao-de-jovens-e-adultos","status":"publish","type":"post","link":"https:\/\/abrelivros.org.br\/site\/guia-orienta-escolha-de-livros-didaticos-para-alfabetizacao-de-jovens-e-adultos\/","title":{"rendered":"Guia orienta escolha de livros did\u00e1ticos para alfabetiza\u00e7\u00e3o de jovens e adultos"},"content":{"rendered":"<p>J\u00e1 est\u00e1 dispon\u00edvel no s\u00edtio do Fundo Nacional de Desenvolvimento da Educa\u00e7\u00e3o (FNDE) o guia do Programa Nacional do Livro Did\u00e1tico para a Alfabetiza\u00e7\u00e3o de Jovens e Adultos (PNLA 2008). Cabe aos gestores locais e coordenadores de turma das entidades parceiras do Programa Brasil Alfabetizado escolherem quais as obras mais adaptadas ao seu p\u00fablico. A op\u00e7\u00e3o ser\u00e1 realizada exclusivamente pela internet, de 28 de julho a 11 de agosto. \u00a0<br \/> \u00a0<br \/> Criado em abril do ano passado, o PNLA aproveita toda a estrutura do Programa Nacional do Livro Did\u00e1tico e tem por objetivo assegurar a qualidade do material produzido. \u201cDevido \u00e0s particularidades da alfabetiza\u00e7\u00e3o de jovens e adultos, o MEC permite certa liberdade metodol\u00f3gica \u00e0s institui\u00e7\u00f5es parceiras, mas com monitoramento e avalia\u00e7\u00f5es constantes\u201d, afirma o diretor de Pol\u00edticas de Educa\u00e7\u00e3o de Jovens e Adultos da Secretaria de Educa\u00e7\u00e3o Continuada, Alfabetiza\u00e7\u00e3o e Diversidade (Secad), Jorge Teles. Segundo o diretor, foi a partir desse controle que se percebeu a necessidade de instituir o PNLA. \u201cHavia car\u00eancia de material did\u00e1tico voltado para a realidade desse p\u00fablico diferenciado. Muitos acabavam perdendo a motiva\u00e7\u00e3o.\u201d\u00a0<br \/> \u00a0<br \/> O Minist\u00e9rio da Educa\u00e7\u00e3o espera atingir 1,3 milh\u00e3o de alfabetizandos de cerca de quatro mil munic\u00edpios nesta primeira distribui\u00e7\u00e3o de livros did\u00e1ticos para jovens e adultos. Em volume \u00fanico, com as disciplinas de l\u00edngua portuguesa e matem\u00e1tica, os t\u00edtulos chegar\u00e3o \u00e0s entidades parceiras entre setembro e outubro deste ano. \u00a0<br \/> \u00a0<br \/> Confira o guia do PNLA 2008 na <a href=\"ftp:\/\/ftp.fnde.gov.br\/web\/livro_didatico\/edital_pnla2008_orientacoes.pdf\" target=\"_blank\" rel=\"noopener noreferrer\">p\u00e1gina eletr\u00f4nica<\/a> do FNDE.\u00a0<br \/> \u00a0<\/p>\n<p><\/p>\n","protected":false},"excerpt":{"rendered":"<p>J\u00e1 est\u00e1 dispon\u00edvel no s\u00edtio do Fundo Nacional de Desenvolvimento da Educa\u00e7\u00e3o (FNDE) o guia do Programa Nacional do Livro Did\u00e1tico para a Alfabetiza\u00e7\u00e3o de Jovens e Adultos (PNLA 2008). Cabe aos gestores locais e coordenadores de turma das entidades parceiras do Programa Brasil Alfabetizado escolherem quais as obras mais adaptadas ao seu p\u00fablico. A [&hellip;]<\/p>\n","protected":false},"author":1,"featured_media":0,"comment_status":"closed","ping_status":"closed","sticky":false,"template":"","format":"standard","meta":{"footnotes":"","_links_to":"","_links_to_target":""},"categories":[9],"tags":[],"class_list":["post-2139","post","type-post","status-publish","format-standard","hentry","category-noticias-da-imprensa"],"yoast_head":"<!-- This site is optimized with the Yoast SEO plugin v15.1 - https:\/\/yoast.com\/wordpress\/plugins\/seo\/ -->\n<title>Guia orienta escolha de livros did\u00e1ticos para alfabetiza\u00e7\u00e3o de jovens e adultos &raquo; Abrelivros<\/title>\n<meta name=\"robots\" content=\"index, follow, max-snippet:-1, max-image-preview:large, max-video-preview:-1\" \/>\n<link rel=\"canonical\" href=\"https:\/\/abrelivros.org.br\/site\/guia-orienta-escolha-de-livros-didaticos-para-alfabetizacao-de-jovens-e-adultos\/\" \/>\n<meta property=\"og:locale\" content=\"pt_BR\" \/>\n<meta property=\"og:type\" content=\"article\" \/>\n<meta property=\"og:title\" content=\"Guia orienta escolha de livros did\u00e1ticos para alfabetiza\u00e7\u00e3o de jovens e adultos &raquo; Abrelivros\" \/>\n<meta property=\"og:description\" content=\"J\u00e1 est\u00e1 dispon\u00edvel no s\u00edtio do Fundo Nacional de Desenvolvimento da Educa\u00e7\u00e3o (FNDE) o guia do Programa Nacional do Livro Did\u00e1tico para a Alfabetiza\u00e7\u00e3o de Jovens e Adultos (PNLA 2008). Cabe aos gestores locais e coordenadores de turma das entidades parceiras do Programa Brasil Alfabetizado escolherem quais as obras mais adaptadas ao seu p\u00fablico. A [&hellip;]\" \/>\n<meta property=\"og:url\" content=\"https:\/\/abrelivros.org.br\/site\/guia-orienta-escolha-de-livros-didaticos-para-alfabetizacao-de-jovens-e-adultos\/\" \/>\n<meta property=\"og:site_name\" content=\"Abrelivros\" \/>\n<meta property=\"article:published_time\" content=\"2008-07-11T18:52:00+00:00\" \/>\n<meta name=\"twitter:card\" content=\"summary_large_image\" \/>\n<script type=\"application\/ld+json\" class=\"yoast-schema-graph\">{\"@context\":\"https:\/\/schema.org\",\"@graph\":[{\"@type\":\"WebSite\",\"@id\":\"https:\/\/abrelivros.org.br\/site\/#website\",\"url\":\"https:\/\/abrelivros.org.br\/site\/\",\"name\":\"Abrelivros\",\"description\":\"\",\"potentialAction\":[{\"@type\":\"SearchAction\",\"target\":\"https:\/\/abrelivros.org.br\/site\/?s={search_term_string}\",\"query-input\":\"required name=search_term_string\"}],\"inLanguage\":\"pt-BR\"},{\"@type\":\"WebPage\",\"@id\":\"https:\/\/abrelivros.org.br\/site\/guia-orienta-escolha-de-livros-didaticos-para-alfabetizacao-de-jovens-e-adultos\/#webpage\",\"url\":\"https:\/\/abrelivros.org.br\/site\/guia-orienta-escolha-de-livros-didaticos-para-alfabetizacao-de-jovens-e-adultos\/\",\"name\":\"Guia orienta escolha de livros did\\u00e1ticos para alfabetiza\\u00e7\\u00e3o de jovens e adultos &raquo; Abrelivros\",\"isPartOf\":{\"@id\":\"https:\/\/abrelivros.org.br\/site\/#website\"},\"datePublished\":\"2008-07-11T18:52:00+00:00\",\"dateModified\":\"2008-07-11T18:52:00+00:00\",\"author\":{\"@id\":\"https:\/\/abrelivros.org.br\/site\/#\/schema\/person\/2b867f13a717bb230f1a3555505f5593\"},\"breadcrumb\":{\"@id\":\"https:\/\/abrelivros.org.br\/site\/guia-orienta-escolha-de-livros-didaticos-para-alfabetizacao-de-jovens-e-adultos\/#breadcrumb\"},\"inLanguage\":\"pt-BR\",\"potentialAction\":[{\"@type\":\"ReadAction\",\"target\":[\"https:\/\/abrelivros.org.br\/site\/guia-orienta-escolha-de-livros-didaticos-para-alfabetizacao-de-jovens-e-adultos\/\"]}]},{\"@type\":\"BreadcrumbList\",\"@id\":\"https:\/\/abrelivros.org.br\/site\/guia-orienta-escolha-de-livros-didaticos-para-alfabetizacao-de-jovens-e-adultos\/#breadcrumb\",\"itemListElement\":[{\"@type\":\"ListItem\",\"position\":1,\"item\":{\"@type\":\"WebPage\",\"@id\":\"https:\/\/abrelivros.org.br\/site\/\",\"url\":\"https:\/\/abrelivros.org.br\/site\/\",\"name\":\"In\\u00edcio\"}},{\"@type\":\"ListItem\",\"position\":2,\"item\":{\"@type\":\"WebPage\",\"@id\":\"https:\/\/abrelivros.org.br\/site\/category\/noticias\/\",\"url\":\"https:\/\/abrelivros.org.br\/site\/category\/noticias\/\",\"name\":\"Not\\u00edcias\"}},{\"@type\":\"ListItem\",\"position\":3,\"item\":{\"@type\":\"WebPage\",\"@id\":\"https:\/\/abrelivros.org.br\/site\/category\/noticias\/noticias-da-imprensa\/\",\"url\":\"https:\/\/abrelivros.org.br\/site\/category\/noticias\/noticias-da-imprensa\/\",\"name\":\"Not\\u00edcias da imprensa\"}},{\"@type\":\"ListItem\",\"position\":4,\"item\":{\"@type\":\"WebPage\",\"@id\":\"https:\/\/abrelivros.org.br\/site\/guia-orienta-escolha-de-livros-didaticos-para-alfabetizacao-de-jovens-e-adultos\/\",\"url\":\"https:\/\/abrelivros.org.br\/site\/guia-orienta-escolha-de-livros-didaticos-para-alfabetizacao-de-jovens-e-adultos\/\",\"name\":\"Guia orienta escolha de livros did\\u00e1ticos para alfabetiza\\u00e7\\u00e3o de jovens e adultos\"}}]},{\"@type\":\"Person\",\"@id\":\"https:\/\/abrelivros.org.br\/site\/#\/schema\/person\/2b867f13a717bb230f1a3555505f5593\",\"name\":\"\\u00a0\",\"image\":{\"@type\":\"ImageObject\",\"@id\":\"https:\/\/abrelivros.org.br\/site\/#personlogo\",\"inLanguage\":\"pt-BR\",\"url\":\"https:\/\/secure.gravatar.com\/avatar\/e80b7f5231be2fff5040a8023da424898002831c5439420df182ae62676d2a6f?s=96&d=mm&r=g\",\"caption\":\"\\u00a0\"}}]}<\/script>\n<!-- \/ Yoast SEO plugin. -->","_links":{"self":[{"href":"https:\/\/abrelivros.org.br\/site\/wp-json\/wp\/v2\/posts\/2139","targetHints":{"allow":["GET"]}}],"collection":[{"href":"https:\/\/abrelivros.org.br\/site\/wp-json\/wp\/v2\/posts"}],"about":[{"href":"https:\/\/abrelivros.org.br\/site\/wp-json\/wp\/v2\/types\/post"}],"author":[{"embeddable":true,"href":"https:\/\/abrelivros.org.br\/site\/wp-json\/wp\/v2\/users\/1"}],"replies":[{"embeddable":true,"href":"https:\/\/abrelivros.org.br\/site\/wp-json\/wp\/v2\/comments?post=2139"}],"version-history":[{"count":0,"href":"https:\/\/abrelivros.org.br\/site\/wp-json\/wp\/v2\/posts\/2139\/revisions"}],"wp:attachment":[{"href":"https:\/\/abrelivros.org.br\/site\/wp-json\/wp\/v2\/media?parent=2139"}],"wp:term":[{"taxonomy":"category","embeddable":true,"href":"https:\/\/abrelivros.org.br\/site\/wp-json\/wp\/v2\/categories?post=2139"},{"taxonomy":"post_tag","embeddable":true,"href":"https:\/\/abrelivros.org.br\/site\/wp-json\/wp\/v2\/tags?post=2139"}],"curies":[{"name":"wp","href":"https:\/\/api.w.org\/{rel}","templated":true}]}}