{"id":2138,"date":"2008-07-15T11:59:00","date_gmt":"2008-07-15T14:59:00","guid":{"rendered":"https:\/\/abrelivros.org.br\/site\/2008\/07\/15\/qualidade-da-educacao-basica-e-defendida-na-abertura-da-60a-reuniao-da-sbpc\/"},"modified":"2008-07-15T11:59:00","modified_gmt":"2008-07-15T14:59:00","slug":"qualidade-da-educacao-basica-e-defendida-na-abertura-da-60a-reuniao-da-sbpc","status":"publish","type":"post","link":"https:\/\/abrelivros.org.br\/site\/qualidade-da-educacao-basica-e-defendida-na-abertura-da-60a-reuniao-da-sbpc\/","title":{"rendered":"Qualidade da educa\u00e7\u00e3o b\u00e1sica \u00e9 defendida na abertura da 60\u00aa Reuni\u00e3o da SBPC"},"content":{"rendered":"<p>Pesquisadores, professores, estudantes e representantes do governo participaram da abertura da 60\u00aa Reuni\u00e3o Anual da Sociedade Brasileira para o Progresso da Ci\u00eancia (SBPC), neste domingo, 13, na Universidade Estadual de Campinas (Unicamp), em S\u00e3o Paulo. &nbsp;<br \/> &nbsp;<br \/> O presidente da Coordena\u00e7\u00e3o de Aperfei\u00e7oamento de Pessoal de N\u00edvel Superior (Capes), Jorge Guimar\u00e3es, representante do ministro da Educa\u00e7\u00e3o na cerim\u00f4nia, destacou a convoca\u00e7\u00e3o do ministro Fernando Haddad para o conjunto de a\u00e7\u00f5es voltadas para a qualidade do ensino fundamental e m\u00e9dio. Segundo Guimar\u00e3es, o Minist\u00e9rio da Educa\u00e7\u00e3o quer alavancar o volume de conhecimentos novos que a sociedade e a comunidade cient\u00edfica alcan\u00e7aram e v\u00eam alcan\u00e7ando para o setor empresarial e industrial. &nbsp;<br \/> &nbsp;<br \/> \u201cUm caso espec\u00edfico \u00e9 a educa\u00e7\u00e3o b\u00e1sica. Contamos com a sociedade, com os nossos parceiros, professores, colegas, pesquisadores e com o entusiasmo da nossa juventude para enfrentar esse que \u00e9 talvez o maior desafio brasileiro\u201d, disse Guimar\u00e3es. &nbsp;<br \/> &nbsp;<br \/> O ministro da Ci\u00eancia e Tecnologia, S\u00e9rgio Rezende, destacou o papel importante da SBPC em suas diferentes \u00e9pocas. \u201cA SBPC vem cumprindo e trabalhando incansavelmente para levar a ci\u00eancia para todo o pa\u00eds, tem inspirado a pol\u00edtica de ci\u00eancia e tecnologia do governo Lula. Est\u00e1 sendo feito um esfor\u00e7o para que ci\u00eancia, tecnologia e inova\u00e7\u00e3o se tornem definitivamente pontos importantes da pauta de desenvolvimento deste pa\u00eds\u201d, salientou. &nbsp;<br \/> &nbsp;<br \/> O presidente da SBPC, Marco Antonio Raupp, destacou o desafio proposto pelo presidente da Capes. Segundo ele, \u201c\u00e9 necess\u00e1rio o engajamento da SBPC nessa quest\u00e3o, que \u00e9 a necessidade de trabalhar pela amplia\u00e7\u00e3o da educa\u00e7\u00e3o em todos os n\u00edveis, para atender os anseios de inclus\u00e3o cultural, social e econ\u00f4mica da popula\u00e7\u00e3o brasileira. A educa\u00e7\u00e3o \u00e9 o mecanismo principal para prosseguirmos nessa caminhada. O desafio est\u00e1 feito e n\u00f3s vamos procurar a Capes com propostas concretas para fazermos essa parceria de imediato\u201d, afirma. &nbsp;<br \/> &nbsp;<br \/> <b>Homenagem \u2013<\/b> Com o tema Energia, Ambiente e Tecnologia, a reuni\u00e3o pretende explorar e discutir os caminhos que o Brasil deve seguir para buscar a inser\u00e7\u00e3o do conhecimento cient\u00edfico no setor produtivo e, como conseq\u00fc\u00eancia, a capacidade de inova\u00e7\u00e3o com responsabilidade social e ambiental. &nbsp;<br \/> &nbsp;<br \/> Este ano, foram homenageados dois professores que contribu\u00edram para o progresso da ci\u00eancia brasileira. O f\u00edsico e coordenador do programa de nanobiotecnologia da Capes, S\u00e9rgio Mascarenhas, e o geneticista Crodowaldo Pavan, ex-presidente do CNPq e da SBPC. &nbsp;<br \/> &nbsp;<br \/> No local da 60\u00aa Reuni\u00e3o, os participantes poder\u00e3o conhecer o <a href=\u201chttp:\/\/www.periodicos.capes.gov.br\/portugues\/index.jsp\u201c>Portal de Peri\u00f3dicos da Capes<\/a> , maior banco de peri\u00f3dicos cient\u00edficos do mundo, e ainda conhecer o processo de concess\u00e3o de bolsas no Brasil e no exterior financiadas pela ag\u00eancia. Estar\u00e3o dispon\u00edveis publica\u00e7\u00f5es da p\u00f3s-gradua\u00e7\u00e3o brasileira, entre elas, a Revista Brasileira da P\u00f3s-Gradua\u00e7\u00e3o (RBPG), editada pela Capes. A reuni\u00e3o anual da SBPC vai at\u00e9 sexta-feira, 18. Veja a <a href=\u201chttp:\/\/www.sbpcnet.org.br\/eventos\/60ra\/\u201c>programa\u00e7\u00e3o<\/a>  completa.&nbsp;<br \/> &nbsp;<br \/> &nbsp;<br \/> &nbsp;<\/p>\n","protected":false},"excerpt":{"rendered":"<p>Pesquisadores, professores, estudantes e representantes do governo participaram da abertura da 60\u00aa Reuni\u00e3o Anual da Sociedade Brasileira para o Progresso da Ci\u00eancia (SBPC), neste domingo, 13, na Universidade Estadual de Campinas (Unicamp), em S\u00e3o Paulo. &nbsp; &nbsp; O presidente da Coordena\u00e7\u00e3o de Aperfei\u00e7oamento de Pessoal de N\u00edvel Superior (Capes), Jorge Guimar\u00e3es, representante do ministro da [&hellip;]<\/p>\n","protected":false},"author":1,"featured_media":0,"comment_status":"closed","ping_status":"closed","sticky":false,"template":"","format":"standard","meta":{"footnotes":"","_links_to":"","_links_to_target":""},"categories":[9],"tags":[],"class_list":["post-2138","post","type-post","status-publish","format-standard","hentry","category-noticias-da-imprensa"],"yoast_head":"<!-- This site is optimized with the Yoast SEO plugin v15.1 - https:\/\/yoast.com\/wordpress\/plugins\/seo\/ -->\n<title>Qualidade da educa\u00e7\u00e3o b\u00e1sica \u00e9 defendida na abertura da 60\u00aa Reuni\u00e3o da SBPC &raquo; Abrelivros<\/title>\n<meta name=\"robots\" content=\"index, follow, max-snippet:-1, max-image-preview:large, max-video-preview:-1\" \/>\n<link rel=\"canonical\" href=\"https:\/\/abrelivros.org.br\/site\/qualidade-da-educacao-basica-e-defendida-na-abertura-da-60a-reuniao-da-sbpc\/\" \/>\n<meta property=\"og:locale\" content=\"pt_BR\" \/>\n<meta property=\"og:type\" content=\"article\" \/>\n<meta property=\"og:title\" content=\"Qualidade da educa\u00e7\u00e3o b\u00e1sica \u00e9 defendida na abertura da 60\u00aa Reuni\u00e3o da SBPC &raquo; Abrelivros\" \/>\n<meta property=\"og:description\" content=\"Pesquisadores, professores, estudantes e representantes do governo participaram da abertura da 60\u00aa Reuni\u00e3o Anual da Sociedade Brasileira para o Progresso da Ci\u00eancia (SBPC), neste domingo, 13, na Universidade Estadual de Campinas (Unicamp), em S\u00e3o Paulo. &nbsp; &nbsp; O presidente da Coordena\u00e7\u00e3o de Aperfei\u00e7oamento de Pessoal de N\u00edvel Superior (Capes), Jorge Guimar\u00e3es, representante do ministro da [&hellip;]\" \/>\n<meta property=\"og:url\" content=\"https:\/\/abrelivros.org.br\/site\/qualidade-da-educacao-basica-e-defendida-na-abertura-da-60a-reuniao-da-sbpc\/\" \/>\n<meta property=\"og:site_name\" content=\"Abrelivros\" \/>\n<meta property=\"article:published_time\" content=\"2008-07-15T14:59:00+00:00\" \/>\n<meta name=\"twitter:card\" content=\"summary_large_image\" \/>\n<script type=\"application\/ld+json\" class=\"yoast-schema-graph\">{\"@context\":\"https:\/\/schema.org\",\"@graph\":[{\"@type\":\"WebSite\",\"@id\":\"https:\/\/abrelivros.org.br\/site\/#website\",\"url\":\"https:\/\/abrelivros.org.br\/site\/\",\"name\":\"Abrelivros\",\"description\":\"\",\"potentialAction\":[{\"@type\":\"SearchAction\",\"target\":\"https:\/\/abrelivros.org.br\/site\/?s={search_term_string}\",\"query-input\":\"required name=search_term_string\"}],\"inLanguage\":\"pt-BR\"},{\"@type\":\"WebPage\",\"@id\":\"https:\/\/abrelivros.org.br\/site\/qualidade-da-educacao-basica-e-defendida-na-abertura-da-60a-reuniao-da-sbpc\/#webpage\",\"url\":\"https:\/\/abrelivros.org.br\/site\/qualidade-da-educacao-basica-e-defendida-na-abertura-da-60a-reuniao-da-sbpc\/\",\"name\":\"Qualidade da educa\\u00e7\\u00e3o b\\u00e1sica \\u00e9 defendida na abertura da 60\\u00aa Reuni\\u00e3o da SBPC &raquo; Abrelivros\",\"isPartOf\":{\"@id\":\"https:\/\/abrelivros.org.br\/site\/#website\"},\"datePublished\":\"2008-07-15T14:59:00+00:00\",\"dateModified\":\"2008-07-15T14:59:00+00:00\",\"author\":{\"@id\":\"https:\/\/abrelivros.org.br\/site\/#\/schema\/person\/2b867f13a717bb230f1a3555505f5593\"},\"breadcrumb\":{\"@id\":\"https:\/\/abrelivros.org.br\/site\/qualidade-da-educacao-basica-e-defendida-na-abertura-da-60a-reuniao-da-sbpc\/#breadcrumb\"},\"inLanguage\":\"pt-BR\",\"potentialAction\":[{\"@type\":\"ReadAction\",\"target\":[\"https:\/\/abrelivros.org.br\/site\/qualidade-da-educacao-basica-e-defendida-na-abertura-da-60a-reuniao-da-sbpc\/\"]}]},{\"@type\":\"BreadcrumbList\",\"@id\":\"https:\/\/abrelivros.org.br\/site\/qualidade-da-educacao-basica-e-defendida-na-abertura-da-60a-reuniao-da-sbpc\/#breadcrumb\",\"itemListElement\":[{\"@type\":\"ListItem\",\"position\":1,\"item\":{\"@type\":\"WebPage\",\"@id\":\"https:\/\/abrelivros.org.br\/site\/\",\"url\":\"https:\/\/abrelivros.org.br\/site\/\",\"name\":\"In\\u00edcio\"}},{\"@type\":\"ListItem\",\"position\":2,\"item\":{\"@type\":\"WebPage\",\"@id\":\"https:\/\/abrelivros.org.br\/site\/category\/noticias\/\",\"url\":\"https:\/\/abrelivros.org.br\/site\/category\/noticias\/\",\"name\":\"Not\\u00edcias\"}},{\"@type\":\"ListItem\",\"position\":3,\"item\":{\"@type\":\"WebPage\",\"@id\":\"https:\/\/abrelivros.org.br\/site\/category\/noticias\/noticias-da-imprensa\/\",\"url\":\"https:\/\/abrelivros.org.br\/site\/category\/noticias\/noticias-da-imprensa\/\",\"name\":\"Not\\u00edcias da imprensa\"}},{\"@type\":\"ListItem\",\"position\":4,\"item\":{\"@type\":\"WebPage\",\"@id\":\"https:\/\/abrelivros.org.br\/site\/qualidade-da-educacao-basica-e-defendida-na-abertura-da-60a-reuniao-da-sbpc\/\",\"url\":\"https:\/\/abrelivros.org.br\/site\/qualidade-da-educacao-basica-e-defendida-na-abertura-da-60a-reuniao-da-sbpc\/\",\"name\":\"Qualidade da educa\\u00e7\\u00e3o b\\u00e1sica \\u00e9 defendida na abertura da 60\\u00aa Reuni\\u00e3o da SBPC\"}}]},{\"@type\":\"Person\",\"@id\":\"https:\/\/abrelivros.org.br\/site\/#\/schema\/person\/2b867f13a717bb230f1a3555505f5593\",\"name\":\"\\u00a0\",\"image\":{\"@type\":\"ImageObject\",\"@id\":\"https:\/\/abrelivros.org.br\/site\/#personlogo\",\"inLanguage\":\"pt-BR\",\"url\":\"https:\/\/secure.gravatar.com\/avatar\/e80b7f5231be2fff5040a8023da424898002831c5439420df182ae62676d2a6f?s=96&d=mm&r=g\",\"caption\":\"\\u00a0\"}}]}<\/script>\n<!-- \/ Yoast SEO plugin. -->","_links":{"self":[{"href":"https:\/\/abrelivros.org.br\/site\/wp-json\/wp\/v2\/posts\/2138","targetHints":{"allow":["GET"]}}],"collection":[{"href":"https:\/\/abrelivros.org.br\/site\/wp-json\/wp\/v2\/posts"}],"about":[{"href":"https:\/\/abrelivros.org.br\/site\/wp-json\/wp\/v2\/types\/post"}],"author":[{"embeddable":true,"href":"https:\/\/abrelivros.org.br\/site\/wp-json\/wp\/v2\/users\/1"}],"replies":[{"embeddable":true,"href":"https:\/\/abrelivros.org.br\/site\/wp-json\/wp\/v2\/comments?post=2138"}],"version-history":[{"count":0,"href":"https:\/\/abrelivros.org.br\/site\/wp-json\/wp\/v2\/posts\/2138\/revisions"}],"wp:attachment":[{"href":"https:\/\/abrelivros.org.br\/site\/wp-json\/wp\/v2\/media?parent=2138"}],"wp:term":[{"taxonomy":"category","embeddable":true,"href":"https:\/\/abrelivros.org.br\/site\/wp-json\/wp\/v2\/categories?post=2138"},{"taxonomy":"post_tag","embeddable":true,"href":"https:\/\/abrelivros.org.br\/site\/wp-json\/wp\/v2\/tags?post=2138"}],"curies":[{"name":"wp","href":"https:\/\/api.w.org\/{rel}","templated":true}]}}