{"id":2137,"date":"2008-07-15T12:21:00","date_gmt":"2008-07-15T15:21:00","guid":{"rendered":"https:\/\/abrelivros.org.br\/site\/2008\/07\/15\/reuni-discutiu-formacao-de-professores-para-educacao-basica\/"},"modified":"2008-07-15T12:21:00","modified_gmt":"2008-07-15T15:21:00","slug":"reuni-discutiu-formacao-de-professores-para-educacao-basica","status":"publish","type":"post","link":"https:\/\/abrelivros.org.br\/site\/reuni-discutiu-formacao-de-professores-para-educacao-basica\/","title":{"rendered":"Reuni discutiu forma\u00e7\u00e3o de professores para educa\u00e7\u00e3o b\u00e1sica"},"content":{"rendered":"<p><b>Belo Horizonte \u2014<\/b> O 4\u00ba Semin\u00e1rio Nacional do Reuni \u2014 Programa de Apoio a Planos de Reestrutura\u00e7\u00e3o e Expans\u00e3o das Universidades Federais \u2014 ocorrido nos dias 10 e 11, em Belo Horizonte, teve como tema central das discuss\u00f5es a forma\u00e7\u00e3o de professores para educa\u00e7\u00e3o b\u00e1sica.\u00a0<br \/> \u00a0<br \/> Na abertura do evento, os secret\u00e1rios de Educa\u00e7\u00e3o Superior, Ronaldo Mota, de Educa\u00e7\u00e3o Profissional e Tecnol\u00f3gica, Eliezer Pacheco, e de Educa\u00e7\u00e3o a Dist\u00e2ncia, Carlos Bielschowsky, apresentaram programas, projetos e a\u00e7\u00f5es federais para a forma\u00e7\u00e3o de professores.\u00a0<br \/> \u00a0<br \/> Para Mota, esta \u00e9 uma fase de muita riqueza das universidades federais. \u201cForma\u00e7\u00e3o de professores \u00e9 o primeiro ponto da agenda do Reuni. Esse ponto \u00e9 onde se vinculam a educa\u00e7\u00e3o b\u00e1sica e a superior. Precisamos dar respostas a essa demanda urgente\u201d, destacou.\u00a0<br \/> \u00a0<br \/> Ronaldo Mota informou, ainda, que j\u00e1 est\u00e1 no Congresso Nacional  projeto do Executivo que altera a Lei de Diretrizes e Bases, e define que o papel da forma\u00e7\u00e3o de professores caber\u00e1 \u00e0 Uni\u00e3o, com apoio dos estados e munic\u00edpios. \u201cEstamos assumindo um compromisso social dos mais relevantes. N\u00e3o \u00e9 formar quantitativamente, \u00e9 colar essa forma\u00e7\u00e3o com as necessidades dos estados e munic\u00edpios, a fim de atender \u00e0s demandas da educa\u00e7\u00e3o do nosso pa\u00eds.\u201d \u00a0<br \/> \u00a0<br \/> A palestra Licenciaturas: instrumentos, novas tecnologias e pr\u00e1ticas, proferida pelo professor Antonio Carlos Pav\u00e3o, da Universidade Federal de Pernambuco (UFPE), foi outro destaque do primeiro dia do semin\u00e1rio.\u00a0<br \/> \u00a0<br \/> Na sexta-feira, 11, o encontro tratou do amparo legal e novos instrumentos e modelos de gest\u00e3o acad\u00eamico-administrativa integrada para a forma\u00e7\u00e3o de professores. \u00a0<br \/> \u00a0<br \/> \u00a0<br \/> \u00a0<\/p>\n","protected":false},"excerpt":{"rendered":"<p>Belo Horizonte \u2014 O 4\u00ba Semin\u00e1rio Nacional do Reuni \u2014 Programa de Apoio a Planos de Reestrutura\u00e7\u00e3o e Expans\u00e3o das Universidades Federais \u2014 ocorrido nos dias 10 e 11, em Belo Horizonte, teve como tema central das discuss\u00f5es a forma\u00e7\u00e3o de professores para educa\u00e7\u00e3o b\u00e1sica.\u00a0 \u00a0 Na abertura do evento, os secret\u00e1rios de Educa\u00e7\u00e3o Superior, [&hellip;]<\/p>\n","protected":false},"author":1,"featured_media":0,"comment_status":"closed","ping_status":"closed","sticky":false,"template":"","format":"standard","meta":{"footnotes":"","_links_to":"","_links_to_target":""},"categories":[9],"tags":[],"class_list":["post-2137","post","type-post","status-publish","format-standard","hentry","category-noticias-da-imprensa"],"yoast_head":"<!-- This site is optimized with the Yoast SEO plugin v15.1 - https:\/\/yoast.com\/wordpress\/plugins\/seo\/ -->\n<title>Reuni discutiu forma\u00e7\u00e3o de professores para educa\u00e7\u00e3o b\u00e1sica &raquo; Abrelivros<\/title>\n<meta name=\"robots\" content=\"index, follow, max-snippet:-1, max-image-preview:large, max-video-preview:-1\" \/>\n<link rel=\"canonical\" href=\"https:\/\/abrelivros.org.br\/site\/reuni-discutiu-formacao-de-professores-para-educacao-basica\/\" \/>\n<meta property=\"og:locale\" content=\"pt_BR\" \/>\n<meta property=\"og:type\" content=\"article\" \/>\n<meta property=\"og:title\" content=\"Reuni discutiu forma\u00e7\u00e3o de professores para educa\u00e7\u00e3o b\u00e1sica &raquo; Abrelivros\" \/>\n<meta property=\"og:description\" content=\"Belo Horizonte \u2014 O 4\u00ba Semin\u00e1rio Nacional do Reuni \u2014 Programa de Apoio a Planos de Reestrutura\u00e7\u00e3o e Expans\u00e3o das Universidades Federais \u2014 ocorrido nos dias 10 e 11, em Belo Horizonte, teve como tema central das discuss\u00f5es a forma\u00e7\u00e3o de professores para educa\u00e7\u00e3o b\u00e1sica.\u00a0 \u00a0 Na abertura do evento, os secret\u00e1rios de Educa\u00e7\u00e3o Superior, [&hellip;]\" \/>\n<meta property=\"og:url\" content=\"https:\/\/abrelivros.org.br\/site\/reuni-discutiu-formacao-de-professores-para-educacao-basica\/\" \/>\n<meta property=\"og:site_name\" content=\"Abrelivros\" \/>\n<meta property=\"article:published_time\" content=\"2008-07-15T15:21:00+00:00\" \/>\n<meta name=\"twitter:card\" content=\"summary_large_image\" \/>\n<script type=\"application\/ld+json\" class=\"yoast-schema-graph\">{\"@context\":\"https:\/\/schema.org\",\"@graph\":[{\"@type\":\"WebSite\",\"@id\":\"https:\/\/abrelivros.org.br\/site\/#website\",\"url\":\"https:\/\/abrelivros.org.br\/site\/\",\"name\":\"Abrelivros\",\"description\":\"\",\"potentialAction\":[{\"@type\":\"SearchAction\",\"target\":\"https:\/\/abrelivros.org.br\/site\/?s={search_term_string}\",\"query-input\":\"required name=search_term_string\"}],\"inLanguage\":\"pt-BR\"},{\"@type\":\"WebPage\",\"@id\":\"https:\/\/abrelivros.org.br\/site\/reuni-discutiu-formacao-de-professores-para-educacao-basica\/#webpage\",\"url\":\"https:\/\/abrelivros.org.br\/site\/reuni-discutiu-formacao-de-professores-para-educacao-basica\/\",\"name\":\"Reuni discutiu forma\\u00e7\\u00e3o de professores para educa\\u00e7\\u00e3o b\\u00e1sica &raquo; Abrelivros\",\"isPartOf\":{\"@id\":\"https:\/\/abrelivros.org.br\/site\/#website\"},\"datePublished\":\"2008-07-15T15:21:00+00:00\",\"dateModified\":\"2008-07-15T15:21:00+00:00\",\"author\":{\"@id\":\"https:\/\/abrelivros.org.br\/site\/#\/schema\/person\/2b867f13a717bb230f1a3555505f5593\"},\"breadcrumb\":{\"@id\":\"https:\/\/abrelivros.org.br\/site\/reuni-discutiu-formacao-de-professores-para-educacao-basica\/#breadcrumb\"},\"inLanguage\":\"pt-BR\",\"potentialAction\":[{\"@type\":\"ReadAction\",\"target\":[\"https:\/\/abrelivros.org.br\/site\/reuni-discutiu-formacao-de-professores-para-educacao-basica\/\"]}]},{\"@type\":\"BreadcrumbList\",\"@id\":\"https:\/\/abrelivros.org.br\/site\/reuni-discutiu-formacao-de-professores-para-educacao-basica\/#breadcrumb\",\"itemListElement\":[{\"@type\":\"ListItem\",\"position\":1,\"item\":{\"@type\":\"WebPage\",\"@id\":\"https:\/\/abrelivros.org.br\/site\/\",\"url\":\"https:\/\/abrelivros.org.br\/site\/\",\"name\":\"In\\u00edcio\"}},{\"@type\":\"ListItem\",\"position\":2,\"item\":{\"@type\":\"WebPage\",\"@id\":\"https:\/\/abrelivros.org.br\/site\/category\/noticias\/\",\"url\":\"https:\/\/abrelivros.org.br\/site\/category\/noticias\/\",\"name\":\"Not\\u00edcias\"}},{\"@type\":\"ListItem\",\"position\":3,\"item\":{\"@type\":\"WebPage\",\"@id\":\"https:\/\/abrelivros.org.br\/site\/category\/noticias\/noticias-da-imprensa\/\",\"url\":\"https:\/\/abrelivros.org.br\/site\/category\/noticias\/noticias-da-imprensa\/\",\"name\":\"Not\\u00edcias da imprensa\"}},{\"@type\":\"ListItem\",\"position\":4,\"item\":{\"@type\":\"WebPage\",\"@id\":\"https:\/\/abrelivros.org.br\/site\/reuni-discutiu-formacao-de-professores-para-educacao-basica\/\",\"url\":\"https:\/\/abrelivros.org.br\/site\/reuni-discutiu-formacao-de-professores-para-educacao-basica\/\",\"name\":\"Reuni discutiu forma\\u00e7\\u00e3o de professores para educa\\u00e7\\u00e3o b\\u00e1sica\"}}]},{\"@type\":\"Person\",\"@id\":\"https:\/\/abrelivros.org.br\/site\/#\/schema\/person\/2b867f13a717bb230f1a3555505f5593\",\"name\":\"\\u00a0\",\"image\":{\"@type\":\"ImageObject\",\"@id\":\"https:\/\/abrelivros.org.br\/site\/#personlogo\",\"inLanguage\":\"pt-BR\",\"url\":\"https:\/\/secure.gravatar.com\/avatar\/e80b7f5231be2fff5040a8023da424898002831c5439420df182ae62676d2a6f?s=96&d=mm&r=g\",\"caption\":\"\\u00a0\"}}]}<\/script>\n<!-- \/ Yoast SEO plugin. -->","_links":{"self":[{"href":"https:\/\/abrelivros.org.br\/site\/wp-json\/wp\/v2\/posts\/2137","targetHints":{"allow":["GET"]}}],"collection":[{"href":"https:\/\/abrelivros.org.br\/site\/wp-json\/wp\/v2\/posts"}],"about":[{"href":"https:\/\/abrelivros.org.br\/site\/wp-json\/wp\/v2\/types\/post"}],"author":[{"embeddable":true,"href":"https:\/\/abrelivros.org.br\/site\/wp-json\/wp\/v2\/users\/1"}],"replies":[{"embeddable":true,"href":"https:\/\/abrelivros.org.br\/site\/wp-json\/wp\/v2\/comments?post=2137"}],"version-history":[{"count":0,"href":"https:\/\/abrelivros.org.br\/site\/wp-json\/wp\/v2\/posts\/2137\/revisions"}],"wp:attachment":[{"href":"https:\/\/abrelivros.org.br\/site\/wp-json\/wp\/v2\/media?parent=2137"}],"wp:term":[{"taxonomy":"category","embeddable":true,"href":"https:\/\/abrelivros.org.br\/site\/wp-json\/wp\/v2\/categories?post=2137"},{"taxonomy":"post_tag","embeddable":true,"href":"https:\/\/abrelivros.org.br\/site\/wp-json\/wp\/v2\/tags?post=2137"}],"curies":[{"name":"wp","href":"https:\/\/api.w.org\/{rel}","templated":true}]}}