{"id":2134,"date":"2008-07-21T10:09:00","date_gmt":"2008-07-21T13:09:00","guid":{"rendered":"https:\/\/abrelivros.org.br\/site\/2008\/07\/21\/ministro-portugues-recebe-criticos-do-acordo-ortografico\/"},"modified":"2008-07-21T10:09:00","modified_gmt":"2008-07-21T13:09:00","slug":"ministro-portugues-recebe-criticos-do-acordo-ortografico","status":"publish","type":"post","link":"https:\/\/abrelivros.org.br\/site\/ministro-portugues-recebe-criticos-do-acordo-ortografico\/","title":{"rendered":"Ministro portugu\u00eas recebe cr\u00edticos do acordo ortogr\u00e1fico"},"content":{"rendered":"<p>O ministro portugu\u00eas da Cultura, Jos\u00e9 Ant\u00f3nio Pinto Ribeiro, recebeu um grupo de representantes do abaixo-assinado contra o acordo ortogr\u00e1fico, uma reuni\u00e3o considerada pelas duas partes como \u201ccordial\u201c.&nbsp;<br \/> &nbsp;<br \/> \u201cFoi um encontro que decorreu numa atmosfera de grande cordialidade e de compreens\u00e3o rec\u00edproca\u201c disse \u00e0 Ag\u00eancia Lusa o escritor Vasco Gra\u00e7a Moura, um dos organizadores do movimento contr\u00e1rio \u00e0 reforma ortogr\u00e1fica.&nbsp;<br \/> &nbsp;<br \/> Ap\u00f3s uma hora de reuni\u00e3o, as duas partes reafirmaram os seus pontos de vista, com a delega\u00e7\u00e3o constitu\u00edda por Gra\u00e7a Moura, Ant\u00f3nio Emiliano e Jos\u00e9 Nunes reiterando as suas reservas face ao acordo ortogr\u00e1fico e o governo defendendo o projeto.&nbsp;<br \/> &nbsp;<br \/> Os autores do abaixo-assinado entregaram ao ministro um dossi\u00ea com v\u00e1rios pareceres contra o acordo ortogr\u00e1fico, documentos que j\u00e1 tinham sido entregues ao presidente luso, An\u00edbal Cavaco Silva, \u00e0 CPLP (Comunidade dos Pa\u00edses de L\u00edngua Portuguesa) e a todos os pa\u00edses que fazem parte da organiza\u00e7\u00e3o.&nbsp;<br \/> &nbsp;<br \/> \u201cTemos esperan\u00e7a no bom-senso dos titulares dos \u00f3rg\u00e3os de soberania\u201c, afirmou o escritor, acrescentando esperar que haja a compreens\u00e3o destes para as \u201cterr\u00edveis implica\u00e7\u00f5es do acordo\u201c.&nbsp;<br \/> &nbsp;<br \/> Cr\u00edticas&nbsp;<br \/> \u201cO texto do chamado acordo sofre de in\u00fameras imprecis\u00f5es, erros e ambig\u00fcidades &#8211;n\u00e3o tem condi\u00e7\u00f5es para servir de base a qualquer proposta normativa\u201c, afirma o texto da peti\u00e7\u00e3o que j\u00e1 deu entrada no Parlamento portugu\u00eas, onde deve ser discutida na pr\u00f3xima sess\u00e3o legislativa, aguardando ainda agendamento.&nbsp;<br \/> &nbsp;<br \/> Os autores da manifesto entendem que o acordo ortogr\u00e1fico, firmado em 1990, deve ser revisto e negociado, e pedem a suspens\u00e3o da sua aplica\u00e7\u00e3o independentemente da ratifica\u00e7\u00e3o do protocolo modificativo de 2004.&nbsp;<br \/> &nbsp;<br \/> \u201cN\u00e3o vejo que exista uma oportunidade para reabrir esta discuss\u00e3o\u201c, disse o ministro da Cultura, em declara\u00e7\u00f5es \u00e0 Ag\u00eancia Lusa.&nbsp;<br \/> &nbsp;<br \/> Para o ministro, governo, parlamento e presidente portugu\u00eas \u201cassegurar\u00e3o que n\u00e3o haja rupturas desnecess\u00e1rias\u201c, com a entrada em vigor do acordo, que s\u00f3 acontece depois de depositados os instrumentos de ratifica\u00e7\u00e3o no Minist\u00e9rio das Rela\u00e7\u00f5es Exteriores.&nbsp;<br \/> &nbsp;<br \/> Neste momento, ainda falta a promulga\u00e7\u00e3o da lei que aprova o protocolo modificativo de 2004 (que revoga uma anterior norma indicando que o acordo s\u00f3 entraria em vigor quando fosse ratificado por todos os pa\u00edses) por parte do presidente luso.&nbsp;<br \/> &nbsp;<br \/> Segundo o ministro, o acordo que visa uniformizar a escrita do portugu\u00eas \u201c\u00e9 importante para a internacionaliza\u00e7\u00e3o do uso da l\u00edngua\u201c.&nbsp;<br \/> &nbsp;<br \/> Processo de ades\u00e3o&nbsp;<br \/> Numa primeira fase, a entrada em vigor significa que os documentos oficiais passam a ser escritos segundo as normas previstas no acordo, disse Pinto Ribeiro, destacando que haver\u00e1 depois um \u201cprocesso de ades\u00e3o progressiva\u201c, uma vez que o governo prev\u00ea um per\u00edodo de transi\u00e7\u00e3o de seis anos.&nbsp;<br \/> &nbsp;<br \/> \u201cQuem escreve e trabalha com as palavras todos os dias cria com elas uma rela\u00e7\u00e3o especial. Compreendo que quem tem essa rela\u00e7\u00e3o sinta mais dificuldade em mudar\u201c, disse o ministro, assinalando que as anteriores reformas ortogr\u00e1ficas tamb\u00e9m foram bastante criticadas e que Fernando Pessoa foi um dos que se op\u00f4s \u00e0 de 1931.&nbsp;<br \/> &nbsp;<br \/> Os assinantes da peti\u00e7\u00e3o v\u00e3o agora pedir uma reuni\u00e3o com o primeiro-ministro portugu\u00eas, Jos\u00e9 S\u00f3crates, afirmou Vasco Gra\u00e7a Moura. &nbsp;<\/p>\n","protected":false},"excerpt":{"rendered":"<p>O ministro portugu\u00eas da Cultura, Jos\u00e9 Ant\u00f3nio Pinto Ribeiro, recebeu um grupo de representantes do abaixo-assinado contra o acordo ortogr\u00e1fico, uma reuni\u00e3o considerada pelas duas partes como \u201ccordial\u201c.&nbsp; &nbsp; \u201cFoi um encontro que decorreu numa atmosfera de grande cordialidade e de compreens\u00e3o rec\u00edproca\u201c disse \u00e0 Ag\u00eancia Lusa o escritor Vasco Gra\u00e7a Moura, um dos organizadores [&hellip;]<\/p>\n","protected":false},"author":1,"featured_media":0,"comment_status":"closed","ping_status":"closed","sticky":false,"template":"","format":"standard","meta":{"footnotes":"","_links_to":"","_links_to_target":""},"categories":[9],"tags":[],"class_list":["post-2134","post","type-post","status-publish","format-standard","hentry","category-noticias-da-imprensa"],"yoast_head":"<!-- This site is optimized with the Yoast SEO plugin v15.1 - https:\/\/yoast.com\/wordpress\/plugins\/seo\/ -->\n<title>Ministro portugu\u00eas recebe cr\u00edticos do acordo ortogr\u00e1fico &raquo; Abrelivros<\/title>\n<meta name=\"robots\" content=\"index, follow, max-snippet:-1, max-image-preview:large, max-video-preview:-1\" \/>\n<link rel=\"canonical\" href=\"https:\/\/abrelivros.org.br\/site\/ministro-portugues-recebe-criticos-do-acordo-ortografico\/\" \/>\n<meta property=\"og:locale\" content=\"pt_BR\" \/>\n<meta property=\"og:type\" content=\"article\" \/>\n<meta property=\"og:title\" content=\"Ministro portugu\u00eas recebe cr\u00edticos do acordo ortogr\u00e1fico &raquo; Abrelivros\" \/>\n<meta property=\"og:description\" content=\"O ministro portugu\u00eas da Cultura, Jos\u00e9 Ant\u00f3nio Pinto Ribeiro, recebeu um grupo de representantes do abaixo-assinado contra o acordo ortogr\u00e1fico, uma reuni\u00e3o considerada pelas duas partes como \u201ccordial\u201c.&nbsp; &nbsp; \u201cFoi um encontro que decorreu numa atmosfera de grande cordialidade e de compreens\u00e3o rec\u00edproca\u201c disse \u00e0 Ag\u00eancia Lusa o escritor Vasco Gra\u00e7a Moura, um dos organizadores [&hellip;]\" \/>\n<meta property=\"og:url\" content=\"https:\/\/abrelivros.org.br\/site\/ministro-portugues-recebe-criticos-do-acordo-ortografico\/\" \/>\n<meta property=\"og:site_name\" content=\"Abrelivros\" \/>\n<meta property=\"article:published_time\" content=\"2008-07-21T13:09:00+00:00\" \/>\n<meta name=\"twitter:card\" content=\"summary_large_image\" \/>\n<script type=\"application\/ld+json\" class=\"yoast-schema-graph\">{\"@context\":\"https:\/\/schema.org\",\"@graph\":[{\"@type\":\"WebSite\",\"@id\":\"https:\/\/abrelivros.org.br\/site\/#website\",\"url\":\"https:\/\/abrelivros.org.br\/site\/\",\"name\":\"Abrelivros\",\"description\":\"\",\"potentialAction\":[{\"@type\":\"SearchAction\",\"target\":\"https:\/\/abrelivros.org.br\/site\/?s={search_term_string}\",\"query-input\":\"required name=search_term_string\"}],\"inLanguage\":\"pt-BR\"},{\"@type\":\"WebPage\",\"@id\":\"https:\/\/abrelivros.org.br\/site\/ministro-portugues-recebe-criticos-do-acordo-ortografico\/#webpage\",\"url\":\"https:\/\/abrelivros.org.br\/site\/ministro-portugues-recebe-criticos-do-acordo-ortografico\/\",\"name\":\"Ministro portugu\\u00eas recebe cr\\u00edticos do acordo ortogr\\u00e1fico &raquo; Abrelivros\",\"isPartOf\":{\"@id\":\"https:\/\/abrelivros.org.br\/site\/#website\"},\"datePublished\":\"2008-07-21T13:09:00+00:00\",\"dateModified\":\"2008-07-21T13:09:00+00:00\",\"author\":{\"@id\":\"https:\/\/abrelivros.org.br\/site\/#\/schema\/person\/2b867f13a717bb230f1a3555505f5593\"},\"breadcrumb\":{\"@id\":\"https:\/\/abrelivros.org.br\/site\/ministro-portugues-recebe-criticos-do-acordo-ortografico\/#breadcrumb\"},\"inLanguage\":\"pt-BR\",\"potentialAction\":[{\"@type\":\"ReadAction\",\"target\":[\"https:\/\/abrelivros.org.br\/site\/ministro-portugues-recebe-criticos-do-acordo-ortografico\/\"]}]},{\"@type\":\"BreadcrumbList\",\"@id\":\"https:\/\/abrelivros.org.br\/site\/ministro-portugues-recebe-criticos-do-acordo-ortografico\/#breadcrumb\",\"itemListElement\":[{\"@type\":\"ListItem\",\"position\":1,\"item\":{\"@type\":\"WebPage\",\"@id\":\"https:\/\/abrelivros.org.br\/site\/\",\"url\":\"https:\/\/abrelivros.org.br\/site\/\",\"name\":\"In\\u00edcio\"}},{\"@type\":\"ListItem\",\"position\":2,\"item\":{\"@type\":\"WebPage\",\"@id\":\"https:\/\/abrelivros.org.br\/site\/category\/noticias\/\",\"url\":\"https:\/\/abrelivros.org.br\/site\/category\/noticias\/\",\"name\":\"Not\\u00edcias\"}},{\"@type\":\"ListItem\",\"position\":3,\"item\":{\"@type\":\"WebPage\",\"@id\":\"https:\/\/abrelivros.org.br\/site\/category\/noticias\/noticias-da-imprensa\/\",\"url\":\"https:\/\/abrelivros.org.br\/site\/category\/noticias\/noticias-da-imprensa\/\",\"name\":\"Not\\u00edcias da imprensa\"}},{\"@type\":\"ListItem\",\"position\":4,\"item\":{\"@type\":\"WebPage\",\"@id\":\"https:\/\/abrelivros.org.br\/site\/ministro-portugues-recebe-criticos-do-acordo-ortografico\/\",\"url\":\"https:\/\/abrelivros.org.br\/site\/ministro-portugues-recebe-criticos-do-acordo-ortografico\/\",\"name\":\"Ministro portugu\\u00eas recebe cr\\u00edticos do acordo ortogr\\u00e1fico\"}}]},{\"@type\":\"Person\",\"@id\":\"https:\/\/abrelivros.org.br\/site\/#\/schema\/person\/2b867f13a717bb230f1a3555505f5593\",\"name\":\"\\u00a0\",\"image\":{\"@type\":\"ImageObject\",\"@id\":\"https:\/\/abrelivros.org.br\/site\/#personlogo\",\"inLanguage\":\"pt-BR\",\"url\":\"https:\/\/secure.gravatar.com\/avatar\/e80b7f5231be2fff5040a8023da424898002831c5439420df182ae62676d2a6f?s=96&d=mm&r=g\",\"caption\":\"\\u00a0\"}}]}<\/script>\n<!-- \/ Yoast SEO plugin. -->","_links":{"self":[{"href":"https:\/\/abrelivros.org.br\/site\/wp-json\/wp\/v2\/posts\/2134","targetHints":{"allow":["GET"]}}],"collection":[{"href":"https:\/\/abrelivros.org.br\/site\/wp-json\/wp\/v2\/posts"}],"about":[{"href":"https:\/\/abrelivros.org.br\/site\/wp-json\/wp\/v2\/types\/post"}],"author":[{"embeddable":true,"href":"https:\/\/abrelivros.org.br\/site\/wp-json\/wp\/v2\/users\/1"}],"replies":[{"embeddable":true,"href":"https:\/\/abrelivros.org.br\/site\/wp-json\/wp\/v2\/comments?post=2134"}],"version-history":[{"count":0,"href":"https:\/\/abrelivros.org.br\/site\/wp-json\/wp\/v2\/posts\/2134\/revisions"}],"wp:attachment":[{"href":"https:\/\/abrelivros.org.br\/site\/wp-json\/wp\/v2\/media?parent=2134"}],"wp:term":[{"taxonomy":"category","embeddable":true,"href":"https:\/\/abrelivros.org.br\/site\/wp-json\/wp\/v2\/categories?post=2134"},{"taxonomy":"post_tag","embeddable":true,"href":"https:\/\/abrelivros.org.br\/site\/wp-json\/wp\/v2\/tags?post=2134"}],"curies":[{"name":"wp","href":"https:\/\/api.w.org\/{rel}","templated":true}]}}