{"id":20442,"date":"2024-09-06T15:00:25","date_gmt":"2024-09-06T18:00:25","guid":{"rendered":"https:\/\/abrelivros.org.br\/site\/?p=20442"},"modified":"2024-09-12T20:29:28","modified_gmt":"2024-09-12T23:29:28","slug":"anuario-abrelivros-2024","status":"publish","type":"post","link":"https:\/\/abrelivros.org.br\/site\/anuario-abrelivros-2024\/","title":{"rendered":"Anu\u00e1rio Abrelivros 2024"},"content":{"rendered":"<p><img fetchpriority=\"high\" decoding=\"async\" class=\"size-medium wp-image-20446 alignright\" src=\"https:\/\/abrelivros.org.br\/site\/wp-content\/uploads\/2024\/09\/Capa-Anuario-Abrelivros-2024-253x300.png\" alt=\"\" width=\"253\" height=\"300\" srcset=\"https:\/\/abrelivros.org.br\/site\/wp-content\/uploads\/2024\/09\/Capa-Anuario-Abrelivros-2024-253x300.png 253w, https:\/\/abrelivros.org.br\/site\/wp-content\/uploads\/2024\/09\/Capa-Anuario-Abrelivros-2024.png 443w\" sizes=\"(max-width: 253px) 100vw, 253px\" \/>O Anu\u00e1rio Abrelivros 2024 tem como tema principal a leitura. O objetivo da publica\u00e7\u00e3o \u00e9 propor uma reflex\u00e3o mais profunda sobre as pr\u00e1ticas e pol\u00edticas p\u00fablicas que se mostrem adequadas e efetivas para fomentar e desenvolver a leitura no pa\u00eds.<\/p>\n<p>Mantendo a tradi\u00e7\u00e3o das edi\u00e7\u00f5es anteriores, este anu\u00e1rio traz uma se\u00e7\u00e3o dedicada a apresentar indicadores e n\u00fameros do PNLD, no Brasil e nos estados. Uma novidade, nesta edi\u00e7\u00e3o, s\u00e3o os n\u00fameros relacionados ao PNLD Liter\u00e1rio, importante pol\u00edtica p\u00fablica de fomento ao livro e \u00e0 leitura. Outra novidade \u00e9 a se\u00e7\u00e3o, \u201cAbrelivros em A\u00e7\u00e3o\u201d, que tra\u00e7a uma retrospectiva de algumas das principais a\u00e7\u00f5es realizadas pela Abrelivros nos \u00faltimos meses.<\/p>\n<p>Boa leitura!<\/p>\n<p>&nbsp;<\/p>\n<p><a href=\"https:\/\/abrelivros.org.br\/site\/wp-content\/uploads\/2024\/09\/001a104_Anuario-Abrelivros-2024-miolo_UNIFICADO-DIGITAL_P8.pdf\" target=\"_blank\" rel=\"noopener noreferrer\">Anu\u00e1rio Abrelivros 2024<\/a> (link para download em PDF)<\/p>\n<p><a href=\"https:\/\/abrelivros.org.br\/site\/wp-content\/uploads\/2024\/09\/abrelivros_anuario2024.epub\" target=\"_blank\" rel=\"noopener noreferrer\">Anu\u00e1rio Abrelivros 2024<\/a> (link para baixar em EPUB)<\/p>\n<p><a href=\"https:\/\/abrelivros.org.br\/anuario\/2023\/EPUB_Tutorial.pdf\" target=\"_blank\" rel=\"noopener noreferrer\">Tutorial<\/a> (link do tutorial para baixar e ler EPUB)<\/p>\n","protected":false},"excerpt":{"rendered":"<p>O Anu\u00e1rio Abrelivros 2024 tem como tema principal a leitura. O objetivo da publica\u00e7\u00e3o \u00e9 propor uma reflex\u00e3o mais profunda sobre as pr\u00e1ticas e pol\u00edticas p\u00fablicas que se mostrem adequadas e efetivas para fomentar e desenvolver a leitura no pa\u00eds. Mantendo a tradi\u00e7\u00e3o das edi\u00e7\u00f5es anteriores, este anu\u00e1rio traz uma se\u00e7\u00e3o dedicada a apresentar indicadores [&hellip;]<\/p>\n","protected":false},"author":4,"featured_media":0,"comment_status":"closed","ping_status":"closed","sticky":false,"template":"","format":"standard","meta":{"footnotes":"","_links_to":"","_links_to_target":""},"categories":[59],"tags":[],"class_list":["post-20442","post","type-post","status-publish","format-standard","hentry","category-anuarios"],"yoast_head":"<!-- This site is optimized with the Yoast SEO plugin v15.1 - https:\/\/yoast.com\/wordpress\/plugins\/seo\/ -->\n<title>Anu\u00e1rio Abrelivros 2024 &raquo; Abrelivros<\/title>\n<meta name=\"robots\" content=\"index, follow, max-snippet:-1, max-image-preview:large, max-video-preview:-1\" \/>\n<link rel=\"canonical\" href=\"https:\/\/abrelivros.org.br\/site\/anuario-abrelivros-2024\/\" \/>\n<meta property=\"og:locale\" content=\"pt_BR\" \/>\n<meta property=\"og:type\" content=\"article\" \/>\n<meta property=\"og:title\" content=\"Anu\u00e1rio Abrelivros 2024 &raquo; Abrelivros\" \/>\n<meta property=\"og:description\" content=\"O Anu\u00e1rio Abrelivros 2024 tem como tema principal a leitura. O objetivo da publica\u00e7\u00e3o \u00e9 propor uma reflex\u00e3o mais profunda sobre as pr\u00e1ticas e pol\u00edticas p\u00fablicas que se mostrem adequadas e efetivas para fomentar e desenvolver a leitura no pa\u00eds. Mantendo a tradi\u00e7\u00e3o das edi\u00e7\u00f5es anteriores, este anu\u00e1rio traz uma se\u00e7\u00e3o dedicada a apresentar indicadores [&hellip;]\" \/>\n<meta property=\"og:url\" content=\"https:\/\/abrelivros.org.br\/site\/anuario-abrelivros-2024\/\" \/>\n<meta property=\"og:site_name\" content=\"Abrelivros\" \/>\n<meta property=\"article:published_time\" content=\"2024-09-06T18:00:25+00:00\" \/>\n<meta property=\"article:modified_time\" content=\"2024-09-12T23:29:28+00:00\" \/>\n<meta property=\"og:image\" content=\"https:\/\/abrelivros.org.br\/site\/wp-content\/uploads\/2024\/09\/Capa-Anuario-Abrelivros-2024-253x300.png\" \/>\n<meta name=\"twitter:card\" content=\"summary_large_image\" \/>\n<script type=\"application\/ld+json\" class=\"yoast-schema-graph\">{\"@context\":\"https:\/\/schema.org\",\"@graph\":[{\"@type\":\"WebSite\",\"@id\":\"https:\/\/abrelivros.org.br\/site\/#website\",\"url\":\"https:\/\/abrelivros.org.br\/site\/\",\"name\":\"Abrelivros\",\"description\":\"\",\"potentialAction\":[{\"@type\":\"SearchAction\",\"target\":\"https:\/\/abrelivros.org.br\/site\/?s={search_term_string}\",\"query-input\":\"required name=search_term_string\"}],\"inLanguage\":\"pt-BR\"},{\"@type\":\"ImageObject\",\"@id\":\"https:\/\/abrelivros.org.br\/site\/anuario-abrelivros-2024\/#primaryimage\",\"inLanguage\":\"pt-BR\",\"url\":\"https:\/\/abrelivros.org.br\/site\/wp-content\/uploads\/2024\/09\/Capa-Anuario-Abrelivros-2024.png\",\"width\":443,\"height\":525},{\"@type\":\"WebPage\",\"@id\":\"https:\/\/abrelivros.org.br\/site\/anuario-abrelivros-2024\/#webpage\",\"url\":\"https:\/\/abrelivros.org.br\/site\/anuario-abrelivros-2024\/\",\"name\":\"Anu\\u00e1rio Abrelivros 2024 &raquo; Abrelivros\",\"isPartOf\":{\"@id\":\"https:\/\/abrelivros.org.br\/site\/#website\"},\"primaryImageOfPage\":{\"@id\":\"https:\/\/abrelivros.org.br\/site\/anuario-abrelivros-2024\/#primaryimage\"},\"datePublished\":\"2024-09-06T18:00:25+00:00\",\"dateModified\":\"2024-09-12T23:29:28+00:00\",\"author\":{\"@id\":\"https:\/\/abrelivros.org.br\/site\/#\/schema\/person\/65db80e26409802ce15ac5feec6a15fd\"},\"breadcrumb\":{\"@id\":\"https:\/\/abrelivros.org.br\/site\/anuario-abrelivros-2024\/#breadcrumb\"},\"inLanguage\":\"pt-BR\",\"potentialAction\":[{\"@type\":\"ReadAction\",\"target\":[\"https:\/\/abrelivros.org.br\/site\/anuario-abrelivros-2024\/\"]}]},{\"@type\":\"BreadcrumbList\",\"@id\":\"https:\/\/abrelivros.org.br\/site\/anuario-abrelivros-2024\/#breadcrumb\",\"itemListElement\":[{\"@type\":\"ListItem\",\"position\":1,\"item\":{\"@type\":\"WebPage\",\"@id\":\"https:\/\/abrelivros.org.br\/site\/\",\"url\":\"https:\/\/abrelivros.org.br\/site\/\",\"name\":\"In\\u00edcio\"}},{\"@type\":\"ListItem\",\"position\":2,\"item\":{\"@type\":\"WebPage\",\"@id\":\"https:\/\/abrelivros.org.br\/site\/category\/anuarios\/\",\"url\":\"https:\/\/abrelivros.org.br\/site\/category\/anuarios\/\",\"name\":\"Anu\\u00e1rios\"}},{\"@type\":\"ListItem\",\"position\":3,\"item\":{\"@type\":\"WebPage\",\"@id\":\"https:\/\/abrelivros.org.br\/site\/anuario-abrelivros-2024\/\",\"url\":\"https:\/\/abrelivros.org.br\/site\/anuario-abrelivros-2024\/\",\"name\":\"Anu\\u00e1rio Abrelivros 2024\"}}]},{\"@type\":\"Person\",\"@id\":\"https:\/\/abrelivros.org.br\/site\/#\/schema\/person\/65db80e26409802ce15ac5feec6a15fd\",\"name\":\"Reda\\u00e7\\u00e3o Abrelivros\",\"image\":{\"@type\":\"ImageObject\",\"@id\":\"https:\/\/abrelivros.org.br\/site\/#personlogo\",\"inLanguage\":\"pt-BR\",\"url\":\"https:\/\/secure.gravatar.com\/avatar\/c4e57f9c7e3482965bd428192061218520756c39080b1d1820b679fa5e9af192?s=96&d=mm&r=g\",\"caption\":\"Reda\\u00e7\\u00e3o Abrelivros\"}}]}<\/script>\n<!-- \/ Yoast SEO plugin. -->","_links":{"self":[{"href":"https:\/\/abrelivros.org.br\/site\/wp-json\/wp\/v2\/posts\/20442","targetHints":{"allow":["GET"]}}],"collection":[{"href":"https:\/\/abrelivros.org.br\/site\/wp-json\/wp\/v2\/posts"}],"about":[{"href":"https:\/\/abrelivros.org.br\/site\/wp-json\/wp\/v2\/types\/post"}],"author":[{"embeddable":true,"href":"https:\/\/abrelivros.org.br\/site\/wp-json\/wp\/v2\/users\/4"}],"replies":[{"embeddable":true,"href":"https:\/\/abrelivros.org.br\/site\/wp-json\/wp\/v2\/comments?post=20442"}],"version-history":[{"count":8,"href":"https:\/\/abrelivros.org.br\/site\/wp-json\/wp\/v2\/posts\/20442\/revisions"}],"predecessor-version":[{"id":20559,"href":"https:\/\/abrelivros.org.br\/site\/wp-json\/wp\/v2\/posts\/20442\/revisions\/20559"}],"wp:attachment":[{"href":"https:\/\/abrelivros.org.br\/site\/wp-json\/wp\/v2\/media?parent=20442"}],"wp:term":[{"taxonomy":"category","embeddable":true,"href":"https:\/\/abrelivros.org.br\/site\/wp-json\/wp\/v2\/categories?post=20442"},{"taxonomy":"post_tag","embeddable":true,"href":"https:\/\/abrelivros.org.br\/site\/wp-json\/wp\/v2\/tags?post=20442"}],"curies":[{"name":"wp","href":"https:\/\/api.w.org\/{rel}","templated":true}]}}