{"id":1993,"date":"2008-01-21T16:20:00","date_gmt":"2008-01-21T18:20:00","guid":{"rendered":"https:\/\/abrelivros.org.br\/site\/2008\/01\/21\/corte-vai-atingir-educacao-diz-lula\/"},"modified":"2008-01-21T16:20:00","modified_gmt":"2008-01-21T18:20:00","slug":"corte-vai-atingir-educacao-diz-lula","status":"publish","type":"post","link":"https:\/\/abrelivros.org.br\/site\/corte-vai-atingir-educacao-diz-lula\/","title":{"rendered":"Corte vai atingir educa\u00e7\u00e3o, diz Lula"},"content":{"rendered":"<p>Ao comentar a dificuldade diante da perda de arrecada\u00e7\u00e3o de R$ 40 bilh\u00f5es com o fim da Contribui\u00e7\u00e3o Provis\u00f3ria sobre Movimenta\u00e7\u00e3o Financeira (CPMF), o presidente Luiz In\u00e1cio Lula da Silva admitiu ontem que ter\u00e1 de negociar com ministros cortes em programas sociais.&nbsp;<br \/> &nbsp;<br \/> Em audi\u00eancia concedida a 21 educadores que participam do 30\u00ba Congresso da Confedera\u00e7\u00e3o Nacional dos Trabalhadores em Educa\u00e7\u00e3o (CNTE), ele chegou a fazer um relato dos problemas no setor. \u201c\u00c9 preciso investimentos, os professores ganham uma desgra\u00e7a de sal\u00e1rio e as escolas n\u00e3o t\u00eam infra-estrutura\u201d, destacou o presidente, de acordo com o relato de participantes do encontro. &nbsp;<br \/> &nbsp;<br \/> Lula comentou que pelo menos dois programas do Minist\u00e9rio da Educa\u00e7\u00e3o devem ser atingidos pelos cortes no Or\u00e7amento-Geral da Uni\u00e3o, o M\u00e9dico na Escola e o Fonoaudi\u00f3logo na Escola. \u201cN\u00f3s dissemos a ele que vamos defender o Minist\u00e9rio da Educa\u00e7\u00e3o nesse processo de cortes\u201d, relatou, ap\u00f3s a audi\u00eancia, a presidente da CNTE, Ju\u00e7ara Maria Dutra Vieira. &nbsp;<br \/> &nbsp;<br \/> Embora tenha indicado cortes na educa\u00e7\u00e3o, Lula frisou que vai voltar a conversar com os l\u00edderes da base aliada para negociar a aprova\u00e7\u00e3o de um projeto que estabelece piso de R$ 950 para professores do ensino m\u00e9dio que trabalham 40 horas por semana. &nbsp;<br \/> &nbsp;<br \/> A sindicalista Ju\u00e7ara Vieira disse temer que, em um ano de elei\u00e7\u00e3o nos munic\u00edpios, o tema da educa\u00e7\u00e3o n\u00e3o entre na agenda do Congresso. O presidente teria garantido que editar\u00e1 uma medida provis\u00f3ria para garantir o piso dos professores do ensino m\u00e9dio, caso os l\u00edderes da base aliada n\u00e3o consigam aprovar o projeto relativo ao assunto que est\u00e1 em tramita\u00e7\u00e3o na C\u00e2mara.&nbsp;<\/p>\n","protected":false},"excerpt":{"rendered":"<p>Ao comentar a dificuldade diante da perda de arrecada\u00e7\u00e3o de R$ 40 bilh\u00f5es com o fim da Contribui\u00e7\u00e3o Provis\u00f3ria sobre Movimenta\u00e7\u00e3o Financeira (CPMF), o presidente Luiz In\u00e1cio Lula da Silva admitiu ontem que ter\u00e1 de negociar com ministros cortes em programas sociais.&nbsp; &nbsp; Em audi\u00eancia concedida a 21 educadores que participam do 30\u00ba Congresso da [&hellip;]<\/p>\n","protected":false},"author":1,"featured_media":0,"comment_status":"closed","ping_status":"closed","sticky":false,"template":"","format":"standard","meta":{"footnotes":"","_links_to":"","_links_to_target":""},"categories":[9],"tags":[],"class_list":["post-1993","post","type-post","status-publish","format-standard","hentry","category-noticias-da-imprensa"],"yoast_head":"<!-- This site is optimized with the Yoast SEO plugin v15.1 - https:\/\/yoast.com\/wordpress\/plugins\/seo\/ -->\n<title>Corte vai atingir educa\u00e7\u00e3o, diz Lula &raquo; Abrelivros<\/title>\n<meta name=\"robots\" content=\"index, follow, max-snippet:-1, max-image-preview:large, max-video-preview:-1\" \/>\n<link rel=\"canonical\" href=\"https:\/\/abrelivros.org.br\/site\/corte-vai-atingir-educacao-diz-lula\/\" \/>\n<meta property=\"og:locale\" content=\"pt_BR\" \/>\n<meta property=\"og:type\" content=\"article\" \/>\n<meta property=\"og:title\" content=\"Corte vai atingir educa\u00e7\u00e3o, diz Lula &raquo; Abrelivros\" \/>\n<meta property=\"og:description\" content=\"Ao comentar a dificuldade diante da perda de arrecada\u00e7\u00e3o de R$ 40 bilh\u00f5es com o fim da Contribui\u00e7\u00e3o Provis\u00f3ria sobre Movimenta\u00e7\u00e3o Financeira (CPMF), o presidente Luiz In\u00e1cio Lula da Silva admitiu ontem que ter\u00e1 de negociar com ministros cortes em programas sociais.&nbsp; &nbsp; Em audi\u00eancia concedida a 21 educadores que participam do 30\u00ba Congresso da [&hellip;]\" \/>\n<meta property=\"og:url\" content=\"https:\/\/abrelivros.org.br\/site\/corte-vai-atingir-educacao-diz-lula\/\" \/>\n<meta property=\"og:site_name\" content=\"Abrelivros\" \/>\n<meta property=\"article:published_time\" content=\"2008-01-21T18:20:00+00:00\" \/>\n<meta name=\"twitter:card\" content=\"summary_large_image\" \/>\n<script type=\"application\/ld+json\" class=\"yoast-schema-graph\">{\"@context\":\"https:\/\/schema.org\",\"@graph\":[{\"@type\":\"WebSite\",\"@id\":\"https:\/\/abrelivros.org.br\/site\/#website\",\"url\":\"https:\/\/abrelivros.org.br\/site\/\",\"name\":\"Abrelivros\",\"description\":\"\",\"potentialAction\":[{\"@type\":\"SearchAction\",\"target\":\"https:\/\/abrelivros.org.br\/site\/?s={search_term_string}\",\"query-input\":\"required name=search_term_string\"}],\"inLanguage\":\"pt-BR\"},{\"@type\":\"WebPage\",\"@id\":\"https:\/\/abrelivros.org.br\/site\/corte-vai-atingir-educacao-diz-lula\/#webpage\",\"url\":\"https:\/\/abrelivros.org.br\/site\/corte-vai-atingir-educacao-diz-lula\/\",\"name\":\"Corte vai atingir educa\\u00e7\\u00e3o, diz Lula &raquo; Abrelivros\",\"isPartOf\":{\"@id\":\"https:\/\/abrelivros.org.br\/site\/#website\"},\"datePublished\":\"2008-01-21T18:20:00+00:00\",\"dateModified\":\"2008-01-21T18:20:00+00:00\",\"author\":{\"@id\":\"https:\/\/abrelivros.org.br\/site\/#\/schema\/person\/2b867f13a717bb230f1a3555505f5593\"},\"breadcrumb\":{\"@id\":\"https:\/\/abrelivros.org.br\/site\/corte-vai-atingir-educacao-diz-lula\/#breadcrumb\"},\"inLanguage\":\"pt-BR\",\"potentialAction\":[{\"@type\":\"ReadAction\",\"target\":[\"https:\/\/abrelivros.org.br\/site\/corte-vai-atingir-educacao-diz-lula\/\"]}]},{\"@type\":\"BreadcrumbList\",\"@id\":\"https:\/\/abrelivros.org.br\/site\/corte-vai-atingir-educacao-diz-lula\/#breadcrumb\",\"itemListElement\":[{\"@type\":\"ListItem\",\"position\":1,\"item\":{\"@type\":\"WebPage\",\"@id\":\"https:\/\/abrelivros.org.br\/site\/\",\"url\":\"https:\/\/abrelivros.org.br\/site\/\",\"name\":\"In\\u00edcio\"}},{\"@type\":\"ListItem\",\"position\":2,\"item\":{\"@type\":\"WebPage\",\"@id\":\"https:\/\/abrelivros.org.br\/site\/category\/noticias\/\",\"url\":\"https:\/\/abrelivros.org.br\/site\/category\/noticias\/\",\"name\":\"Not\\u00edcias\"}},{\"@type\":\"ListItem\",\"position\":3,\"item\":{\"@type\":\"WebPage\",\"@id\":\"https:\/\/abrelivros.org.br\/site\/category\/noticias\/noticias-da-imprensa\/\",\"url\":\"https:\/\/abrelivros.org.br\/site\/category\/noticias\/noticias-da-imprensa\/\",\"name\":\"Not\\u00edcias da imprensa\"}},{\"@type\":\"ListItem\",\"position\":4,\"item\":{\"@type\":\"WebPage\",\"@id\":\"https:\/\/abrelivros.org.br\/site\/corte-vai-atingir-educacao-diz-lula\/\",\"url\":\"https:\/\/abrelivros.org.br\/site\/corte-vai-atingir-educacao-diz-lula\/\",\"name\":\"Corte vai atingir educa\\u00e7\\u00e3o, diz Lula\"}}]},{\"@type\":\"Person\",\"@id\":\"https:\/\/abrelivros.org.br\/site\/#\/schema\/person\/2b867f13a717bb230f1a3555505f5593\",\"name\":\"\\u00a0\",\"image\":{\"@type\":\"ImageObject\",\"@id\":\"https:\/\/abrelivros.org.br\/site\/#personlogo\",\"inLanguage\":\"pt-BR\",\"url\":\"https:\/\/secure.gravatar.com\/avatar\/e80b7f5231be2fff5040a8023da424898002831c5439420df182ae62676d2a6f?s=96&d=mm&r=g\",\"caption\":\"\\u00a0\"}}]}<\/script>\n<!-- \/ Yoast SEO plugin. -->","_links":{"self":[{"href":"https:\/\/abrelivros.org.br\/site\/wp-json\/wp\/v2\/posts\/1993","targetHints":{"allow":["GET"]}}],"collection":[{"href":"https:\/\/abrelivros.org.br\/site\/wp-json\/wp\/v2\/posts"}],"about":[{"href":"https:\/\/abrelivros.org.br\/site\/wp-json\/wp\/v2\/types\/post"}],"author":[{"embeddable":true,"href":"https:\/\/abrelivros.org.br\/site\/wp-json\/wp\/v2\/users\/1"}],"replies":[{"embeddable":true,"href":"https:\/\/abrelivros.org.br\/site\/wp-json\/wp\/v2\/comments?post=1993"}],"version-history":[{"count":0,"href":"https:\/\/abrelivros.org.br\/site\/wp-json\/wp\/v2\/posts\/1993\/revisions"}],"wp:attachment":[{"href":"https:\/\/abrelivros.org.br\/site\/wp-json\/wp\/v2\/media?parent=1993"}],"wp:term":[{"taxonomy":"category","embeddable":true,"href":"https:\/\/abrelivros.org.br\/site\/wp-json\/wp\/v2\/categories?post=1993"},{"taxonomy":"post_tag","embeddable":true,"href":"https:\/\/abrelivros.org.br\/site\/wp-json\/wp\/v2\/tags?post=1993"}],"curies":[{"name":"wp","href":"https:\/\/api.w.org\/{rel}","templated":true}]}}